{"id":588928,"date":"2026-06-05T02:09:13","date_gmt":"2026-06-05T02:09:13","guid":{"rendered":"https:\/\/www.europesays.com\/es\/588928\/"},"modified":"2026-06-05T02:09:13","modified_gmt":"2026-06-05T02:09:13","slug":"soria-exhibe-un-fondo-artistico-de-300-piezas-de-gaya-nuno-un-agitador-intelectual","status":"publish","type":"post","link":"https:\/\/www.europesays.com\/es\/588928\/","title":{"rendered":"Soria exhibe un fondo art\u00edstico de 300 piezas de Gaya Nu\u00f1o, \u00abun agitador intelectual\u00bb"},"content":{"rendered":"<p style=\"\">El Centro Cultural Fundos F\u00f3rum Soria-Gaya Nu\u00f1o acoge desde este jueves la exposici\u00f3n temporal <strong>&#8216;Gaya Nu\u00f1o. Una modernidad espa\u00f1ola&#8217;,<\/strong> una muestra que re\u00fane alrededor de 300 piezas, entre libros, obras y documentos de este cr\u00edtico de arte y escritor soriano, que fue  &#8230; en palabras del director de la Fundaci\u00f3n, Jos\u00e9 Mar\u00eda Viejo, un \u00abagitador intelectual, un hombre de referencia en la historiograf\u00eda del arte moderno espa\u00f1ol que tuvo contacto con los artistas m\u00e1s notables de su generaci\u00f3n\u00bb.<\/p>\n<p class=\"v-d-p\" style=\"\">\u00abGaya Nu\u00f1o sigue siendo <strong>muy de nicho para los historiadores del arte\u00bb,<\/strong> ha se\u00f1alado para significar que la exposici\u00f3n invita a una nueva relectura de su trabajo, vigente 50 a\u00f1os despu\u00e9s de su muerte. <\/p>\n<p class=\"v-d-p\" style=\"\">La exposici\u00f3n, impulsada por Fundos y el Ayuntamiento de Soria con motivo del <strong>50 aniversario del fallecimiento del cr\u00edtico<\/strong> de arte soriano, propone un recorrido por su figura y su labor intelectual. Gaya Nu\u00f1o es para los expertos una figura esencial para la reconstrucci\u00f3n de la modernidad art\u00edstica espa\u00f1ola tras la Guerra Civil.<\/p>\n<ul class=\"v-cmp-rld__u\">\n<li class=\"v-cmp-rld__l\">\n<p><a class=\"v-a-lnk\" href=\"http:\/\/www.abc.es\/espana\/castilla-leon\/clasicos-luces-sombras-20260527085408-nt.html#vtm_modulosEngag=noticiasrelacionadas-cmp-uno:espana:noticia:1\" title=\"Cl\u00e1sicos entre luces y sombras\" data-voc-vtm-id=\"in-text-traffic\" rel=\"nofollow noopener\" target=\"_blank\"><br \/>\n<img decoding=\"async\" loading=\"lazy\" src=\"https:\/\/www.europesays.com\/es\/wp-content\/uploads\/2026\/06\/RO_07941-U66404670887gwS-366x256@diario_abc.jpg\" class=\"v-a-img\" width=\"258\" height=\"180\" alt=\"Cl\u00e1sicos entre luces y sombras\"\/><br \/>\n<\/a><\/p>\n<\/li>\n<\/ul>\n<p class=\"v-d-p\" style=\"\">El comisario de la misma, Jos\u00e9 Juan Manuel Bonet, ha indicado, por su parte, que la exposici\u00f3n pretende exhibir la<strong> contribuci\u00f3n decisiva al estudio y difusi\u00f3n de las primeras vanguardias<\/strong> art\u00edsticas, con especial atenci\u00f3n a <strong>Pablo Picasso, Joan Mir\u00f3 y Salvador Dal\u00ed,<\/strong> as\u00ed como su inter\u00e9s por la pintura figurativa de posguerra, la Escuela de Madrid y la literatura espa\u00f1ola desarrollada dentro y fuera del pa\u00eds tras la Guerra Civil<\/p>\n<p class=\"v-d-p\" style=\"\">Bonet ha recordado, durante la presentaci\u00f3n, los or\u00edgenes de Gaya Nu\u00f1o ligados a Tardelcuende y Soria capital y c\u00f3mo su<strong> trayectoria vital<\/strong> estuvo ligada a los intelectuales de la \u00e9poca y<strong> truncada por la contienda espa\u00f1ola.<\/strong><\/p>\n<p class=\"v-d-p\" style=\"\">\u00abMuchas de las piezas reunidas en la exposici\u00f3n <strong>proceden precisamente de las relaciones personales que fue tejiendo<\/strong> con artistas e intelectuales de su generaci\u00f3n\u00bb, ha dicho para detallar que entre los nombres figuran Daniel V\u00e1zquez D\u00edaz, Rafael Alberti, Pancho Coss\u00edo, Benjam\u00edn Palencia, Jos\u00e9 Caballero, Antoni Clav\u00e9, C\u00e9sar Manrique, Antoni T\u00e0pies , Chillida o Jorge Oteiza.<\/p>\n<p class=\"v-d-p\" style=\"\">La muestra pone de relieve su papel como mediador entre tradici\u00f3n y vanguardia, figuraci\u00f3n y abstracci\u00f3n, as\u00ed como entre el arte nacional e internacional. Organizada en varios apartados, aborda su contribuci\u00f3n al estudio y difusi\u00f3n de las primeras vanguardias art\u00edsticas, con Picasso, Mir\u00f3 y Dal\u00ed; la pintura figurativa de posguerra y la Escuela de Madrid; la literatura producida dentro y fuera de Espa\u00f1a tras la guerra; el impulso renovador de Dau al Set; el <strong>desarrollo de la abstracci\u00f3n desde el grupo Altamira hasta El Paso,<\/strong> y la evoluci\u00f3n de la escultura, la cer\u00e1mica y la arquitectura de su tiempo.<\/p>\n<p class=\"v-d-p\" style=\"\">La programaci\u00f3n paralela para conmemorar el aniversario del cr\u00edtico incluye, seg\u00fan detall\u00f3 Fundos, la presentaci\u00f3n del cat\u00e1logo de la exposici\u00f3n, prevista para el 6 de julio, a las 18.30 horas, seguida de una conferencia de Juan Manuel Bonet. Adem\u00e1s, el martes 7 de julio, a las 19 horas, el cr\u00edtico de arte Enrique Andr\u00e9s Ruiz impartir\u00e1 la<strong> conferencia &#8216;Gaya Nu\u00f1o y la cr\u00edtica de arte en la Espa\u00f1a del siglo XXI&#8217;.<\/strong><\/p>\n<p class=\"v-d-p\" style=\"\">El<strong> horario de visita<\/strong> ser\u00e1 de martes a s\u00e1bado, de 12 a 14 horas y de 19 a 21 horas, y los domingos, de 12 a 14 horas. La muestra se podr\u00e1 visitar hasta el 13 de septiembre en el centro cultural Gaya Nu\u00f1o ubicado en la Plaza de las Mujeres.<\/p>\n","protected":false},"excerpt":{"rendered":"El Centro Cultural Fundos F\u00f3rum Soria-Gaya Nu\u00f1o acoge desde este jueves la exposici\u00f3n temporal &#8216;Gaya Nu\u00f1o. Una modernidad&hellip;\n","protected":false},"author":2,"featured_media":588929,"comment_status":"","ping_status":"","sticky":false,"template":"","format":"standard","meta":{"footnotes":""},"categories":[173],"tags":[914,229,233,14626,231,230,232,234,146,147,25,24,12507,11657,38998,36126,5534,246,23],"class_list":["post-588928","post","type-post","status-publish","format-standard","has-post-thumbnail","category-arte-y-diseno","tag-914","tag-arte","tag-arte-y-diseno","tag-artistico","tag-arts","tag-arts-and-design","tag-design","tag-diseno","tag-entertainment","tag-entretenimiento","tag-es","tag-espana","tag-exhibe","tag-fondo","tag-gaya","tag-nuno","tag-piezas","tag-soria","tag-spain"],"share_on_mastodon":{"url":"https:\/\/pubeurope.com\/@es\/116695070623511297","error":""},"_links":{"self":[{"href":"https:\/\/www.europesays.com\/es\/wp-json\/wp\/v2\/posts\/588928","targetHints":{"allow":["GET"]}}],"collection":[{"href":"https:\/\/www.europesays.com\/es\/wp-json\/wp\/v2\/posts"}],"about":[{"href":"https:\/\/www.europesays.com\/es\/wp-json\/wp\/v2\/types\/post"}],"author":[{"embeddable":true,"href":"https:\/\/www.europesays.com\/es\/wp-json\/wp\/v2\/users\/2"}],"replies":[{"embeddable":true,"href":"https:\/\/www.europesays.com\/es\/wp-json\/wp\/v2\/comments?post=588928"}],"version-history":[{"count":0,"href":"https:\/\/www.europesays.com\/es\/wp-json\/wp\/v2\/posts\/588928\/revisions"}],"wp:featuredmedia":[{"embeddable":true,"href":"https:\/\/www.europesays.com\/es\/wp-json\/wp\/v2\/media\/588929"}],"wp:attachment":[{"href":"https:\/\/www.europesays.com\/es\/wp-json\/wp\/v2\/media?parent=588928"}],"wp:term":[{"taxonomy":"category","embeddable":true,"href":"https:\/\/www.europesays.com\/es\/wp-json\/wp\/v2\/categories?post=588928"},{"taxonomy":"post_tag","embeddable":true,"href":"https:\/\/www.europesays.com\/es\/wp-json\/wp\/v2\/tags?post=588928"}],"curies":[{"name":"wp","href":"https:\/\/api.w.org\/{rel}","templated":true}]}}