{"id":589062,"date":"2026-06-05T03:43:18","date_gmt":"2026-06-05T03:43:18","guid":{"rendered":"https:\/\/www.europesays.com\/es\/589062\/"},"modified":"2026-06-05T03:43:18","modified_gmt":"2026-06-05T03:43:18","slug":"la-nueva-tv-afin-a-sanchez-planea-crear-un-modelo-mixto-abierto-y-cerrado-y-plantearle-una-alianza-a-movistar-plus","status":"publish","type":"post","link":"https:\/\/www.europesays.com\/es\/589062\/","title":{"rendered":"La nueva TV af\u00edn a S\u00e1nchez planea crear un modelo mixto, abierto y cerrado, y plantearle una alianza a Movistar Plus+"},"content":{"rendered":"<p style=\"\">La nueva cadena nacional de TDT impulsada por los accionistas que promovieron sin \u00e9xito ese mismo proyecto televisivo dentro de Prisa ya comienza a definir algunas de sus<strong> l\u00edneas maestras<\/strong> de cara a su puesta de largo en oto\u00f1o de 2026. A falta  &#8230; de conocer su nombre definitivo y los primeros comunicadores que ocupar\u00e1n su pantalla, la direcci\u00f3n del consorcio ganador de la nueva licencia -Servicios Integrados de Entretenimiento Televisivo SL, llamada as\u00ed para que su acr\u00f3nimo sea SIETE- planean crear a corto-medio plazo un modelo mixto de emisi\u00f3n -abierto y cerrado-, con el que competir con las grandes cadenas espa\u00f1olas ya consolidadas. Por ello, seg\u00fan ha podido saber ABC, no descartan dar vida al sue\u00f1o del propio Jos\u00e9 Miguel Contreras, el empresario ide\u00f3logo del nuevo canal: firmar una alianza con la Movistar Plus+ de Telef\u00f3nica.<\/p>\n<p class=\"v-d-p\" style=\"\">\u00abLa plataforma -dicen a ABC desde el consorcio ganador- busca abrir un espacio a todo tipo de creadores de contenidos que puedan, conjuntamente, contribuir a la implementaci\u00f3n de un amplio ecosistema adaptado a las nuevas ventanas que la tecnolog\u00eda ha abierto en los \u00faltimos a\u00f1os. El<strong> mundo digital<\/strong> ser\u00e1 el territorio base desde el que se difundir\u00e1n todo tipo de contenidos a trav\u00e9s de todas las ventanas disponibles. Ninguna v\u00eda est\u00e1 descartada y ninguna alianza ser\u00e1 ignorada. La apertura de miras ser\u00e1 el vector principal que impulsar\u00e1 la aventura\u00bb.<\/p>\n<p class=\"v-d-p\" style=\"\">El  plan para el nuevo canal elaborado por Contreras, exdirector de Contenidos de Prisa Media, sigue la hoja de ruta que proyect\u00f3 cuando propuso al presidente del grupo de medios, Joseph Oughourlian, pujar por esta misma licencia. Tal fue su insistencia, que incluso le cost\u00f3 el cargo tanto como a Carlos N\u00fa\u00f1ez, expresidente de Prisa Media. No en vano, <a href=\"https:\/\/www.abc.es\/economia\/oughourlian-rearma-prisa-tras-ano-guerra-contreras-20250323190059-nt.html\" target=\"_self\" data-voc-vtm-id=\"in-text-traffic\" title=\"el presidente de Prisa enterr\u00f3 desde el minuto uno la iniciativa,\" data-mrf-link=\"www.abc.es\" rel=\"nofollow noopener\">el presidente de Prisa enterr\u00f3 desde el minuto uno la iniciativa,<\/a> y en febrero del a\u00f1o pasado enviaba un comunicado a la CNMV: \u00abTras analizar el referido proyecto, el consejo de administraci\u00f3n ha decidido que Prisa no opte a la nueva licencia de televisi\u00f3n\u00bb. <\/p>\n<p class=\"v-d-p\" style=\"\">Adem\u00e1s, el propio Oughourlian, que<strong> controla un 29,9% del capital<\/strong> de la compa\u00f1\u00eda de medios a trav\u00e9s del fondo Amber Capital, hab\u00eda mostrado desde los inicios su escepticismo con la idea y se hab\u00eda negado en redondo a invertir financieramente en el proyecto, por considerarla \u00abuna cosa ruinosa\u00bb -hoy en d\u00eda, mantiene su percepci\u00f3n- en un momento en el que el grupo buscaba la estabilidad financiera focaliz\u00e1ndose en recortar la deuda, que entonces ascend\u00eda a 750 millones de euros.<\/p>\n<p class=\"v-d-p\" style=\"\">Expertos consultados por ABC coinciden en que un canal de TV, hasta que alcanza una cuota de pantalla suficiente -y con la potente dupla Atresmedia-Mediaset enfrente es dif\u00edcil lograr ese nivel- es un producto muy caro, que puede generar cuantiosas p\u00e9rdidas, como sucedi\u00f3 con La Sexta y Cuatro, que finalmente tuvieron que ser &#8216;rescatadas&#8217; por las dos grandes cadenas.<\/p>\n<ul class=\"v-cmp-rld__u\">\n<li class=\"v-cmp-rld__l\">\n<p><a class=\"v-a-lnk\" href=\"http:\/\/www.abc.es\/play\/television\/nueva-tdt-caza-presentadores-tertulianos-afines-causa-20260528085352-nt.html#vtm_modulosEngag=noticiasrelacionadas-cmp-uno:economia:noticia:1\" title=\"La nueva TDT, a la caza de presentadores y tertulianos afines a la causa sanchista\" data-voc-vtm-id=\"in-text-traffic\" rel=\"nofollow noopener\" target=\"_blank\"><br \/>\n<img decoding=\"async\" loading=\"lazy\" src=\"https:\/\/www.europesays.com\/es\/wp-content\/uploads\/2026\/05\/1512087086-U83307451713JjR-366x256@diario_abc.JPG\" class=\"v-a-img\" width=\"258\" height=\"180\" alt=\"La nueva TDT, a la caza de presentadores y tertulianos afines a la causa sanchista\"\/><br \/>\n<\/a><\/p>\n<\/li>\n<\/ul>\n<p class=\"v-d-p\" style=\"\">De momento, a\u00f1aden las fuentes, el canal parte con la ventaja de una licencia nacional en abierto pero con el ojo puesto en ampliar espectro, es decir con programaci\u00f3n para clientes &#8216;premium&#8217;, y no conformarse con navegar entre grandes marcas hist\u00f3ricas en un mercado muy concentrado pero tambi\u00e9n fragmentado al calor de la aparici\u00f3n de las <strong>plataformas digitales<\/strong>.<\/p>\n<p class=\"v-d-p\" style=\"\">Desde el propio consorcio explican que su reto es abrirse un hueco junto a las <strong>seis grandes cadenas nacionales<\/strong> dirigidas a amplias audiencias \u00abcon una rejilla compuesta por una programaci\u00f3n original, de producci\u00f3n nacional, basada en la actualidad, en su sentido m\u00e1s amplio, y el directo. Los contenidos abarcar\u00e1n todas los asuntos que puedan despertar el inter\u00e9s de una audiencia que busque estar al d\u00eda en todo momento y a la que el canal pueda servir de referencia para entender el mundo actual en todas sus facetas\u00bb.<\/p>\n<p class=\"v-d-p\" style=\"\">En cualquier caso, por lo conocido hasta el momento, la cadena no nacer\u00eda, al menos de entrada, con una estructura cl\u00e1sica de grandes informativos, sino con una apuesta m\u00e1s apoyada en programas de an\u00e1lisis, tertulias, formatos de debate y comunicadores capaces de generar seguimiento diario. Para ello, ya tantean a <strong>profesionales<\/strong> no solo reconocidos como voces de izquierdas -que s\u00ed ser\u00e1n los que conduzcan los programas-, sino tambi\u00e9n conservadoras para las tertulias dentro de una oferta televisiva que, seg\u00fan sus responsables, aspira a reunir \u00absensibilidades ideol\u00f3gicas diversas y competir por espacio propio en el panorama audiovisual espa\u00f1ol\u00bb.<\/p>\n<p class=\"v-d-p\" style=\"\">Hasta el momento, el \u00fanico fichaje ha sido Luis Morales Losada, como Production Manager, tras m\u00e1s de dos d\u00e9cadas en Mediapro, donde fue director de Producci\u00f3n. Las fuentes consultadas por ABC apuntan a otro hombre de confianza de Contreras entre las futuras incorporaciones: Jorge Pezzi, con el que cre\u00f3 en 2018 la productora audiovisual &#8216;Lacoproductora&#8217;, que se integr\u00f3 en el \u00e1rea de V\u00eddeo de Prisa Media en 2022. En 2021 y tambi\u00e9n con Jorge Pezzi cre\u00f3 la productora multimedia Taller de Ideas. De la mano de Contreras desembarc\u00f3 tambi\u00e9n en Telef\u00f3nica a la vez que Daniel Domenj\u00f3, director ejecutivo, hace un a\u00f1o, como director de Ficci\u00f3n y Alianzas de la compa\u00f1\u00eda, si bien hace poco ambos dejaron Movistar Plus+.<\/p>\n<p>\nEl embri\u00f3n de la idea\n<\/p>\n<p class=\"v-d-p\" style=\"\">Para intentar llevar a cabo la alianza, Contreras y los directivos detr\u00e1s de Siete -algunos de los denominados accionistas rebeldes de Prisa, englobados en el Grupo Alconaba, liderado por Andr\u00e9s Varela Entrecanales- conf\u00edan en su buena relaci\u00f3n, personal y profesional, con <a href=\"https:\/\/www.abc.es\/economia\/telefonica-nombrara-javier-paz-hombre-rodriguez-zapatero-20250306112704-nt.html\" target=\"_self\" data-voc-vtm-id=\"in-text-traffic\" title=\"el presidente no ejecutivo y adjunto a presidencia de la operadora, Javier de Paz\" data-mrf-link=\"www.abc.es\" rel=\"nofollow noopener\">el presidente no ejecutivo y adjunto a presidencia de la operadora, Javier de Paz<\/a> -hist\u00f3rico consejero de la compa\u00f1\u00eda vinculado al PSOE, sobre todo, con el expresidente Jos\u00e9 Luis Rodr\u00edguez Zapatero- que sustituy\u00f3 hace algo m\u00e1s de un a\u00f1o a Sergio Osl\u00e9. Telef\u00f3nica ha declinado hacer comentarios al respecto a este peri\u00f3dico.<\/p>\n<ul class=\"v-cmp-rld__u\">\n<li class=\"v-cmp-rld__l\">\n<p><a class=\"v-a-lnk\" href=\"http:\/\/www.abc.es\/play\/television\/contreras-quiere-repetir-sanchez-pelotazo-sexta-zapatero-20260525010656-nt.html#vtm_modulosEngag=noticiasrelacionadas-cmp-uno:economia:noticia:1\" title=\"Contreras quiere repetir con S\u00e1nchez el pelotazo de La Sexta con Zapatero\" data-voc-vtm-id=\"in-text-traffic\" rel=\"nofollow noopener\" target=\"_blank\"><br \/>\n<img decoding=\"async\" loading=\"lazy\" src=\"https:\/\/www.europesays.com\/es\/wp-content\/uploads\/2026\/05\/5699056-U25644508738SRN-366x256@diario_abc.JPG\" class=\"v-a-img\" width=\"258\" height=\"180\" alt=\"Contreras quiere repetir con S\u00e1nchez el pelotazo de La Sexta con Zapatero\"\/><br \/>\n<\/a><\/p>\n<\/li>\n<\/ul>\n<p class=\"v-d-p\" style=\"\">No en vano, el nombramiento de De Paz en aquel entonces fue considerado en el sector como decisivo para afrontar el cambio de parecer sobre el inter\u00e9s en una <strong>nueva licencia de TDT<\/strong> en el seno de Telef\u00f3nica, en l\u00ednea con el proyecto que impulsan desde La Moncloa.<\/p>\n<p class=\"v-d-p\" style=\"\">A\u00f1aden las fuentes a este peri\u00f3dico que Contreras le habr\u00eda explicado directamente al presidente del Gobierno, Pedro S\u00e1nchez, durante semanas antes de la concesi\u00f3n de la licencia, lo importante que es tener un proyecto propio con ADN sanchista que, aunque a priori tenga poca audiencia, ser\u00e1 \u00abun altavoz infalible para los mensajes cr\u00edticos\u00bb. Una<strong> jugada que ya realiz\u00f3 en la \u00e9poca de Zapatero<\/strong>, cuando consigui\u00f3 la licencia para crear &#8216;La Sexta&#8217; con esos mismos argumentos, pero que tras la salida del Gobierno vender\u00eda a Atresmedia, qued\u00e1ndose en el grupo comprador como vicepresidente hasta su salida.<\/p>\n<p class=\"v-d-p\" style=\"\">En cualquier caso, la idea a priori ser\u00eda la misma que hace un a\u00f1o, la descartada por el presidente del Grupo Prisa, de formato &#8216;low cost&#8217;, muy ideol\u00f3gica, con fuerte presencia de tertulias y opini\u00f3n, y lista de cara a unas potenciales elecciones generales, para que la izquierda, de salir del poder, disponga de una televisi\u00f3n a la que aferrarse.<\/p>\n","protected":false},"excerpt":{"rendered":"La nueva cadena nacional de TDT impulsada por los accionistas que promovieron sin \u00e9xito ese mismo proyecto televisivo&hellip;\n","protected":false},"author":2,"featured_media":589063,"comment_status":"","ping_status":"","sticky":false,"template":"","format":"standard","meta":{"footnotes":""},"categories":[171],"tags":[1046,50841,5209,14239,7436,146,147,25,24,5897,3431,303,795,21969,7741,199,23,214],"class_list":["post-589062","post","type-post","status-publish","format-standard","has-post-thumbnail","category-tv","tag-abierto","tag-afin","tag-alianza","tag-cerrado","tag-crear","tag-entertainment","tag-entretenimiento","tag-es","tag-espana","tag-mixto","tag-modelo","tag-movistar","tag-nueva","tag-planea","tag-plus","tag-sanchez","tag-spain","tag-tv"],"share_on_mastodon":{"url":"https:\/\/pubeurope.com\/@es\/116695440482903140","error":""},"_links":{"self":[{"href":"https:\/\/www.europesays.com\/es\/wp-json\/wp\/v2\/posts\/589062","targetHints":{"allow":["GET"]}}],"collection":[{"href":"https:\/\/www.europesays.com\/es\/wp-json\/wp\/v2\/posts"}],"about":[{"href":"https:\/\/www.europesays.com\/es\/wp-json\/wp\/v2\/types\/post"}],"author":[{"embeddable":true,"href":"https:\/\/www.europesays.com\/es\/wp-json\/wp\/v2\/users\/2"}],"replies":[{"embeddable":true,"href":"https:\/\/www.europesays.com\/es\/wp-json\/wp\/v2\/comments?post=589062"}],"version-history":[{"count":0,"href":"https:\/\/www.europesays.com\/es\/wp-json\/wp\/v2\/posts\/589062\/revisions"}],"wp:featuredmedia":[{"embeddable":true,"href":"https:\/\/www.europesays.com\/es\/wp-json\/wp\/v2\/media\/589063"}],"wp:attachment":[{"href":"https:\/\/www.europesays.com\/es\/wp-json\/wp\/v2\/media?parent=589062"}],"wp:term":[{"taxonomy":"category","embeddable":true,"href":"https:\/\/www.europesays.com\/es\/wp-json\/wp\/v2\/categories?post=589062"},{"taxonomy":"post_tag","embeddable":true,"href":"https:\/\/www.europesays.com\/es\/wp-json\/wp\/v2\/tags?post=589062"}],"curies":[{"name":"wp","href":"https:\/\/api.w.org\/{rel}","templated":true}]}}