{"id":589179,"date":"2026-06-05T05:12:13","date_gmt":"2026-06-05T05:12:13","guid":{"rendered":"https:\/\/www.europesays.com\/es\/589179\/"},"modified":"2026-06-05T05:12:13","modified_gmt":"2026-06-05T05:12:13","slug":"roland-garros-coronara-a-un-campeon-inedito","status":"publish","type":"post","link":"https:\/\/www.europesays.com\/es\/589179\/","title":{"rendered":"Roland Garros coronar\u00e1 a un campe\u00f3n in\u00e9dito"},"content":{"rendered":"<p style=\"\">Roland Garros entra hoy en su recta final con las semifinales masculinas, que decidir\u00e1n qui\u00e9n lucha por la corona el pr\u00f3ximo domingo. Los cuatro aspirantes  &#8230; son el alem\u00e1n Alexander Zverev, el checo Jakub Men\u0161\u00edk, y los italianos Matteo Arnaldi y Flavio Cobolli. El torneo parisino espera a un nuevo campe\u00f3n de Grand Slam, ya que uno de los cuatro tenistas que quedan en pie ganar\u00e1 el primer grande de su carrera el domingo.<\/p>\n<p class=\"v-d-p\" style=\"\">El primer partido enfrentar\u00e1 a Alexander Zverev y Jakub Mensik a partir de las 14.30 horas en la Philippe Chatrier. El alem\u00e1n buscar\u00e1 una nueva final en Par\u00eds. Esta ser\u00e1 su quinta semifinal. Ha perdido tan solo un set en los primeros cinco partidos, y tratar\u00e1 de mantener su buen momento ante Mens\u00edk. Con apenas 20 a\u00f1os, su nombre suena cada vez m\u00e1s fuerte en el circuito. Ya le ha ganado una final a Novak Djokovic y Jannik Sinner tambi\u00e9n le sufri\u00f3. Ahora ha alcanzado las semifinales en Par\u00eds tras vencer en cuartos a Joao Fonseca con una actuaci\u00f3n arrolladora.<\/p>\n<p class=\"v-d-p\" style=\"\">Italia se ha asegurado tener a uno de sus representantes en la final, ya que la segunda semifinal medir\u00e1 a Matteo Arnaldi y Flavio Cobolli. Uno de los dos se convertir\u00e1 en el primer italiano finalista en Roland Garros desde la irrupci\u00f3n de Jannik Sinner. El enfrentamiento no ser\u00e1 antes de las 19.00 horas. <\/p>\n<p class=\"v-d-p\" style=\"\">Cobolli remont\u00f3 en cuartos de final ante el canadiense Felix Auger-Aliassime. Auger se llev\u00f3 la primera manga por 6-4, pero el italiano reaccion\u00f3, consiguiendo un triple 6-4 y jugar\u00e1 por primera vez en esta instancia en un Grand Slam. Por su parte Arnaldi se benefici\u00f3 del abandono por lesi\u00f3n del tambi\u00e9n italiano Matteo Berrettini tras vencer en cinco sets a Frances Tiafoe. Ganaba 7-5 y 5-2, cuando su compatriota y tocayo Matteo Berrettini se retir\u00f3. <\/p>\n","protected":false},"excerpt":{"rendered":"Roland Garros entra hoy en su recta final con las semifinales masculinas, que decidir\u00e1n qui\u00e9n lucha por la&hellip;\n","protected":false},"author":2,"featured_media":589180,"comment_status":"","ping_status":"","sticky":false,"template":"","format":"standard","meta":{"footnotes":""},"categories":[274],"tags":[5773,111633,168,25,24,39032,26994,39031,23,167,327,326],"class_list":["post-589179","post","type-post","status-publish","format-standard","has-post-thumbnail","category-tenis","tag-campeon","tag-coronara","tag-deportes","tag-es","tag-espana","tag-garros","tag-inedito","tag-roland","tag-spain","tag-sports","tag-tenis","tag-tennis"],"share_on_mastodon":{"url":"https:\/\/pubeurope.com\/@es\/116695789957390828","error":""},"_links":{"self":[{"href":"https:\/\/www.europesays.com\/es\/wp-json\/wp\/v2\/posts\/589179","targetHints":{"allow":["GET"]}}],"collection":[{"href":"https:\/\/www.europesays.com\/es\/wp-json\/wp\/v2\/posts"}],"about":[{"href":"https:\/\/www.europesays.com\/es\/wp-json\/wp\/v2\/types\/post"}],"author":[{"embeddable":true,"href":"https:\/\/www.europesays.com\/es\/wp-json\/wp\/v2\/users\/2"}],"replies":[{"embeddable":true,"href":"https:\/\/www.europesays.com\/es\/wp-json\/wp\/v2\/comments?post=589179"}],"version-history":[{"count":0,"href":"https:\/\/www.europesays.com\/es\/wp-json\/wp\/v2\/posts\/589179\/revisions"}],"wp:featuredmedia":[{"embeddable":true,"href":"https:\/\/www.europesays.com\/es\/wp-json\/wp\/v2\/media\/589180"}],"wp:attachment":[{"href":"https:\/\/www.europesays.com\/es\/wp-json\/wp\/v2\/media?parent=589179"}],"wp:term":[{"taxonomy":"category","embeddable":true,"href":"https:\/\/www.europesays.com\/es\/wp-json\/wp\/v2\/categories?post=589179"},{"taxonomy":"post_tag","embeddable":true,"href":"https:\/\/www.europesays.com\/es\/wp-json\/wp\/v2\/tags?post=589179"}],"curies":[{"name":"wp","href":"https:\/\/api.w.org\/{rel}","templated":true}]}}