{"id":589336,"date":"2026-06-05T07:11:12","date_gmt":"2026-06-05T07:11:12","guid":{"rendered":"https:\/\/www.europesays.com\/es\/589336\/"},"modified":"2026-06-05T07:11:12","modified_gmt":"2026-06-05T07:11:12","slug":"un-relevo-de-madre-a-hija-estoy-orgullosa-de-que-siga-mis-pasos-pero-creo-que-me-ha-superado","status":"publish","type":"post","link":"https:\/\/www.europesays.com\/es\/589336\/","title":{"rendered":"Un relevo de madre a hija: \u00abEstoy orgullosa de que siga mis pasos, pero creo que me ha superado\u00bb"},"content":{"rendered":"<p style=\"\"><strong>In\u00e9s Santib\u00e1\u00f1ez<\/strong> (Salamanca, 19 de junio de 2003) vive ahora en una nube despu\u00e9s de cumplir un sue\u00f1o: jugar en <strong>CB Avenida<\/strong>. No  &#8230; hace mucho, la canterana era quien pasaba la mopa en el pabell\u00f3n <strong>W\u00fcrzburg-Silvia Dom\u00ednguez<\/strong> y ahora, cinco a\u00f1os despu\u00e9s, ha llegado su momento. \u00abHe estado con ellas varias temporadas, sab\u00eda el nivel que hab\u00eda y las ve\u00eda muy lejos. Eran mis referentes\u00bb, confes\u00f3.<\/p>\n<p class=\"v-d-p\" style=\"\">Sin embargo, esta felicidad no solo es de la jugadora salmantina. Su llegada al primer equipo ha sido todo un orgullo para su familia, especialmente para su madre, <strong>Bel\u00e9n Herrero<\/strong>. Esta form\u00f3 parte de aquella Agrupaci\u00f3n Deportiva Universitaria que, en 1992, logr\u00f3 el ascenso a la Primera Divisi\u00f3n femenina, lo que hoy es CB Avenida. Como madre, reconoce estar \u00abencantada\u00bb con el regreso de su hija a Salamanca despu\u00e9s de varios a\u00f1os lejos de casa. <strong>\u00abRecuerdo el d\u00eda que se fue como un drama, pero te acostumbras, sobre todo cuando la ves bien\u00bb<\/strong>, record\u00f3.<\/p>\n<p class=\"v-d-p\" style=\"\">Eso s\u00ed, la vuelta a casa no ser\u00e1 exactamente como tal. In\u00e9s se independizar\u00e1, tal y como ha hecho en los \u00faltimos a\u00f1os. Aun as\u00ed, admiti\u00f3 entre risas que habr\u00e1 visitas al hogar familiar. <strong>\u00abMe llevar\u00e9 los tuppers\u00bb<\/strong>, brome\u00f3. Algo que Bel\u00e9n asume. \u00abAdem\u00e1s, ya le hemos ocupado los armarios, no tiene hueco\u00bb, coment\u00f3. M\u00e1s all\u00e1 de vivir con In\u00e9s o no, para ella lo importante es volver a tener a su hija cerca. \u00abEl hecho de tenerla aqu\u00ed y poder verla todos los d\u00edas ya me basta. Aunque sea para tomar un caf\u00e9 juntas o para que venga a comer cuando haga cocido\u00bb.<\/p>\n<p class=\"v-d-p\" style=\"\">Tomar la decisi\u00f3n de volver a Avenida no fue moco de pavo. Por eso, <strong>In\u00e9s se apoy\u00f3 en su familia<\/strong>. \u00abSiempre hemos hablado todos los cambios en casa, aunque la \u00faltima palabra siempre ha sido suya\u00bb, explic\u00f3 Bel\u00e9n. \u00abTiene la cabeza muy bien amueblada y hasta ahora le ha salido bien\u00bb. Y es que, como para no hacer caso a lo que le dicen en casa, si <strong>es una familia que sabe mucho de baloncesto<\/strong>. \u00abTengo muy en cuenta a mi familia. Mi madre y mi padre han jugado al baloncesto toda la vida y mi hermano tambi\u00e9n est\u00e1 metido en el mundillo. Son un apoyo muy fiable\u00bb.<\/p>\n<p class=\"v-d-p\" style=\"\">Y es que el baloncesto forma parte del ADN de la familia. Tanto Jos\u00e9 Carlos Santib\u00e1\u00f1ez como Bel\u00e9n Herrero han dedicado gran parte de sus vidas a este deporte, y sus hijos van en camino. <strong>\u00abEs algo que hemos vivido siempre toda la familia. Con seis a\u00f1os empec\u00e9 en el colegio, y no hubo vuelta atr\u00e1s\u00bb<\/strong>, record\u00f3 la nueva jugadora de Avenida. Aunque nadie se imagin\u00f3 que aquella ni\u00f1a acabar\u00eda siendo profesional. \u00abEstoy muy orgullosa de que siga mis pasos, aunque creo que me ha superado\u00bb, admiti\u00f3 Bel\u00e9n.<\/p>\n<p class=\"v-d-p\" style=\"\">Son muchas horas de trabajo y tambi\u00e9n de muchas renuncias. \u00abMuchas veces pienso que ha sido mucho sacrificio. In\u00e9s se ha perdido cosas del colegio, de la vida universitaria, pero ha ganado otras. Ella ha elegido esta vida y est\u00e1 claro que le compensa\u00bb, reflexion\u00f3 Herrero. <strong>Tambi\u00e9n ayuda que, dentro de este camino, su madre haya sido un gran apoyo.<\/strong> \u00abMi madre es mi referente en todo\u00bb. Por desgracia, la joven nunca la vio jugar, pero est\u00e1 claro que intenta seguir sus pasos. Bel\u00e9n, sin embargo, se ve reflejada en su forma de jugar. \u00abTodo el mundo nos lo dice, f\u00edsicamente ha salido a m\u00ed, aunque t\u00e9cnicamente es mejor que yo, eso est\u00e1 claro\u00bb.<\/p>\n<p class=\"v-d-p\" style=\"\">Finalmente, <strong>In\u00e9s no olvida todos los incontables esfuerzos e hizo su madre para acompa\u00f1arla en torneos, campeonatos y concentraciones.<\/strong> \u00abDesde los 10 a\u00f1os empec\u00e9 a jugar torneos. Han tenido que dejar muchas cosas para llevarme a cualquier sitio. Pero creo que ellos lo han disfrutado casi tanto como yo\u00bb. Aunque Bel\u00e9n recalc\u00f3 que nunca lo vieron como una carga. \u00abNo ha sido un sacrificio porque somos una familia que vive para el baloncesto\u00bb.<\/p>\n","protected":false},"excerpt":{"rendered":"In\u00e9s Santib\u00e1\u00f1ez (Salamanca, 19 de junio de 2003) vive ahora en una nube despu\u00e9s de cumplir un sue\u00f1o:&hellip;\n","protected":false},"author":2,"featured_media":589337,"comment_status":"","ping_status":"","sticky":false,"template":"","format":"standard","meta":{"footnotes":""},"categories":[269],"tags":[299,298,10345,168,25,24,3983,3354,34882,7442,39432,20897,23,167,24708],"class_list":["post-589336","post","type-post","status-publish","format-standard","has-post-thumbnail","category-baloncesto","tag-baloncesto","tag-basketball","tag-creo","tag-deportes","tag-es","tag-espana","tag-hija","tag-madre","tag-orgullosa","tag-pasos","tag-relevo","tag-siga","tag-spain","tag-sports","tag-superado"],"share_on_mastodon":{"url":"https:\/\/pubeurope.com\/@es\/116696258185785705","error":""},"_links":{"self":[{"href":"https:\/\/www.europesays.com\/es\/wp-json\/wp\/v2\/posts\/589336","targetHints":{"allow":["GET"]}}],"collection":[{"href":"https:\/\/www.europesays.com\/es\/wp-json\/wp\/v2\/posts"}],"about":[{"href":"https:\/\/www.europesays.com\/es\/wp-json\/wp\/v2\/types\/post"}],"author":[{"embeddable":true,"href":"https:\/\/www.europesays.com\/es\/wp-json\/wp\/v2\/users\/2"}],"replies":[{"embeddable":true,"href":"https:\/\/www.europesays.com\/es\/wp-json\/wp\/v2\/comments?post=589336"}],"version-history":[{"count":0,"href":"https:\/\/www.europesays.com\/es\/wp-json\/wp\/v2\/posts\/589336\/revisions"}],"wp:featuredmedia":[{"embeddable":true,"href":"https:\/\/www.europesays.com\/es\/wp-json\/wp\/v2\/media\/589337"}],"wp:attachment":[{"href":"https:\/\/www.europesays.com\/es\/wp-json\/wp\/v2\/media?parent=589336"}],"wp:term":[{"taxonomy":"category","embeddable":true,"href":"https:\/\/www.europesays.com\/es\/wp-json\/wp\/v2\/categories?post=589336"},{"taxonomy":"post_tag","embeddable":true,"href":"https:\/\/www.europesays.com\/es\/wp-json\/wp\/v2\/tags?post=589336"}],"curies":[{"name":"wp","href":"https:\/\/api.w.org\/{rel}","templated":true}]}}