{"id":589340,"date":"2026-06-05T07:13:20","date_gmt":"2026-06-05T07:13:20","guid":{"rendered":"https:\/\/www.europesays.com\/es\/589340\/"},"modified":"2026-06-05T07:13:20","modified_gmt":"2026-06-05T07:13:20","slug":"jorge-javier-vazquez-estalla-contra-el-casting-de-supervivientes-tras-la-expulsion-mas-tragica-del-programa","status":"publish","type":"post","link":"https:\/\/www.europesays.com\/es\/589340\/","title":{"rendered":"Jorge Javier V\u00e1zquez estalla contra el casting de &#8216;Supervivientes&#8217; tras la expulsi\u00f3n m\u00e1s tr\u00e1gica del programa"},"content":{"rendered":"<p style=\"\">Pocas veces se ha visto un Jorge Javier V\u00e1zquez tan cansado con un reality, pero esta vez &#8216;Supervivientes&#8217; le ha llevado al l\u00edmite. La edici\u00f3n  &#8230; de este a\u00f1o no ser\u00e1 recordada precisamente por ser una de las mejores de sus 25 a\u00f1os de historia. Muchos abandonos, concursantes que ped\u00edan su expulsi\u00f3n unos d\u00edas despu\u00e9s de arrancar el reality, otros que no daban juego y aburr\u00edan al espectador&#8230; Pero &#8216;Supervivientes 2026&#8217; llega a su fin. La semana que viene ser\u00e1 la final, aunque lo de anoche ya podr\u00eda haber sido una simulaci\u00f3n de lo que se ver\u00e1 el pr\u00f3ximo jueves.<\/p>\n<p class=\"v-d-p\" style=\"\">Anoche se vivi\u00f3 la expulsi\u00f3n m\u00e1s tr\u00e1gica de la edici\u00f3n. Maica y Claudia se enfrentaban entre s\u00ed. Dos amigas que decidieron hacer la guerra por su cuenta y alejarse del resto de sus compa\u00f1eros. Especialmente Claudia. La joven lleg\u00f3 de &#8216;La isla de las tentaciones&#8217; y ha sabido jugar su papel en &#8216;Supervivientes&#8217; siendo la \u00fanica que ha protagonizado l\u00edos y m\u00e1s de un v\u00eddeo viralizado en las redes sociales.<\/p>\n<p class=\"v-d-p\" style=\"\">De ah\u00ed que cuando Jorge Javier V\u00e1zquez dej\u00f3 helados a todos al pronunciar el nombre de Maica como salvada, se vio en la obligaci\u00f3n de dirigirse a Claudia. El \u00abhurac\u00e1n Chac\u00f3n\u00bb, como le llam\u00f3 Mar\u00eda Lamela, se va para casa como \u00abla mujer m\u00e1s salvada de la historia de &#8216;Supervivientes&#8217;\u00bb. Aunque esta vez no pudo con su amiga.<\/p>\n<p class=\"v-d-p\" style=\"\">\u00abEres agotadora, excesiva, te pierden las formas much\u00edsimas veces, debe haber sido un infierno convivir contigo, pero bendita Claudia\u00bb, se\u00f1al\u00f3 Jorge Javier V\u00e1zquez, con la joven entre l\u00e1grimas, antes de lanzarle el mayor de los elogios: \u00abClaudia en muchas ocasiones me ha sido complicad\u00edsimo sacar adelante la palapa porque ha habido demasiada inacci\u00f3n y siempre has sido ese clavo al que me he podido agarrar para sacarlo adelante. Por mi parte tienes todo mi reconocimiento, much\u00edsimas gracias\u00bb.<\/p>\n<p class=\"v-d-p\" style=\"\">Antes de despedirse de Claudia, Jorge Javier V\u00e1zquez tir\u00f3 una pulla a los organizadores del casting de &#8216;Supervivientes&#8217;. Un mensaje que pocas veces se ha visto en televisi\u00f3n, especialmente en boca de un presentador. Pero esta vez era necesario. \u00abGracias por estar en esta edici\u00f3n, porque tengo que decirte, y tenemos que ser sinceros, que en esta edici\u00f3n ha habido demasiada gente que ha querido abandonar y hemos tenido que lidiar en muchas ocasiones con la falta de ganas de estar ah\u00ed y eso no es &#8216;Supervivientes&#8217;. Tenemos que advertirlo para los pr\u00f3ximos\u00bb, concluy\u00f3 el presentador.<\/p>\n<p class=\"v-d-p\" style=\"\">La gala estuvo marcada por la expulsi\u00f3n de Claudia pero tambi\u00e9n se celebr\u00f3 la prueba de l\u00edder, que anoche dio el pase a la final. Aratz no pudo hacerse con su s\u00e9ptimo collar. Alvar fue el ganador y el primer finalista confirmado, mientras Alba, Maica y Aratz ocupan la \u00faltima lista de nominados.<\/p>\n","protected":false},"excerpt":{"rendered":"Pocas veces se ha visto un Jorge Javier V\u00e1zquez tan cansado con un reality, pero esta vez &#8216;Supervivientes&#8217;&hellip;\n","protected":false},"author":2,"featured_media":589341,"comment_status":"","ping_status":"","sticky":false,"template":"","format":"standard","meta":{"footnotes":""},"categories":[174],"tags":[25717,255,146,147,25,24,9915,3193,256,5264,2224,2145,23,3947,12130,575,5783],"class_list":["post-589340","post","type-post","status-publish","format-standard","has-post-thumbnail","category-famosos","tag-casting","tag-celebrities","tag-entertainment","tag-entretenimiento","tag-es","tag-espana","tag-estalla","tag-expulsion","tag-famosos","tag-javier","tag-jorge","tag-programa","tag-spain","tag-supervivientes","tag-tragica","tag-tras","tag-vazquez"],"share_on_mastodon":{"url":"https:\/\/pubeurope.com\/@es\/116696265866927278","error":""},"_links":{"self":[{"href":"https:\/\/www.europesays.com\/es\/wp-json\/wp\/v2\/posts\/589340","targetHints":{"allow":["GET"]}}],"collection":[{"href":"https:\/\/www.europesays.com\/es\/wp-json\/wp\/v2\/posts"}],"about":[{"href":"https:\/\/www.europesays.com\/es\/wp-json\/wp\/v2\/types\/post"}],"author":[{"embeddable":true,"href":"https:\/\/www.europesays.com\/es\/wp-json\/wp\/v2\/users\/2"}],"replies":[{"embeddable":true,"href":"https:\/\/www.europesays.com\/es\/wp-json\/wp\/v2\/comments?post=589340"}],"version-history":[{"count":0,"href":"https:\/\/www.europesays.com\/es\/wp-json\/wp\/v2\/posts\/589340\/revisions"}],"wp:featuredmedia":[{"embeddable":true,"href":"https:\/\/www.europesays.com\/es\/wp-json\/wp\/v2\/media\/589341"}],"wp:attachment":[{"href":"https:\/\/www.europesays.com\/es\/wp-json\/wp\/v2\/media?parent=589340"}],"wp:term":[{"taxonomy":"category","embeddable":true,"href":"https:\/\/www.europesays.com\/es\/wp-json\/wp\/v2\/categories?post=589340"},{"taxonomy":"post_tag","embeddable":true,"href":"https:\/\/www.europesays.com\/es\/wp-json\/wp\/v2\/tags?post=589340"}],"curies":[{"name":"wp","href":"https:\/\/api.w.org\/{rel}","templated":true}]}}