{"id":589419,"date":"2026-06-05T08:18:15","date_gmt":"2026-06-05T08:18:15","guid":{"rendered":"https:\/\/www.europesays.com\/es\/589419\/"},"modified":"2026-06-05T08:18:15","modified_gmt":"2026-06-05T08:18:15","slug":"la-gigante-de-piedra-reune-en-castellon-a-300-ciclistas-ante-200-kilometros-de-mtb-extremo-esciclismo","status":"publish","type":"post","link":"https:\/\/www.europesays.com\/es\/589419\/","title":{"rendered":"La Gigante de Piedra re\u00fane en Castell\u00f3n a 300 ciclistas ante 200 kil\u00f3metros de MTB extremo &#8211; Esciclismo"},"content":{"rendered":"<ol>\n<li><a href=\"https:\/\/news.google.com\/rss\/articles\/CBMib0FVX3lxTE1oYmEwQkRyRXJaWTMyeG1Ia2tIQXdlaFhvNVdheG4yOVVnNVZwemVJUFVabUxEekNTV0ZyWGdzZ3hRSDN1ZmFaZlpaU1hiMFBFM2tpRENfVzc3emQ0TThKQkMxYVJYMnZMNHJWaXVVZw?oc=5\" target=\"_blank\" rel=\"nofollow noopener\">La Gigante de Piedra re\u00fane en Castell\u00f3n a 300 ciclistas ante 200 kil\u00f3metros de MTB extremo<\/a>&nbsp;&nbsp;Esciclismo<\/li>\n<li><a href=\"https:\/\/news.google.com\/rss\/articles\/CBMi3gFBVV95cUxPOTYwR3pHNjQ3VVZSc0VxM2FEYnByV2tkdjFIMW5KNUlVZFpUS09mOWVaeFVpdDlCQWhZejN2c2Q5NlllbVFneE41eFBNdTVXMWxHV1JGcU02UjNVdDM1X2M5THQ5UHQwcnlmcm5IT2dNeF8zcEptSWhvR0owRGQ5ZWR2ZjZQZnZpSlFGRVI4UkJqeFhyX1ZPUTh4d01MRXVIc2NjemJoaVFYTWlNZTFkbEF3REdXNXFmcHNPQUxuYS10MEpQUEJvNHZ3UkktOWpvMzdQQXpodmZlT2Nyb0HSAfIBQVVfeXFMT3BQdXVqck8xc1RBNkp6WHhJT0RKeEpVREtJb0FoT2Y1cnAwYXVOUGRuV3dLYXFkbHVtdk45TmRXMTZjRVJVWFhnemR0Y0ZULVBEZkIxZUFxYnZSaTc1eHRvTXpzMnZxSUR2YmU4T2RCR1pZUG5waGtfRzI3Qk85VXFmdWgzemdib25qN2dSUDl4N2lWWWt5UFQyTjZfbFJFNHJWaDc1NlhFdG9wcUp1Q3RIUDNkOEczOHFTQTR2T05HY3ZMZkNJUlRoTXpPbkxIMzRxMHJTQ3oyOUhyejh1bWoxUVh4QzBzUDNqWHdjWnhNMVE?oc=5\" target=\"_blank\" rel=\"nofollow noopener\">El espa\u00f1ol Roberto Bou se estrena en la distancia con la m\u00e1xima aspiraci\u00f3n<\/a>&nbsp;&nbsp;Cadena SER<\/li>\n<li><a href=\"https:\/\/news.google.com\/rss\/articles\/CBMiygFBVV95cUxQYVFLVWxrbTkwM2lfVVhQVTJCSm1MLVRnMS1FSXRFcGs3dXNVUVU5Q2NDSXh2QXlIN3plcHdVT1RPVXo1SHpzTktQWmRJRHpvZUpOVzVpN1B4dkw3MnF5NzBvajlVMS05OFVhSVM0SFNDYUtzaEg2NEl0WVNvWk9mS2lHQkwyRUpHTzVXdDgxMTZlNUdmdkd5SHN0UHBUblZvczAtcXFKbTg3ZktybmpMMGEwWk9ONmhRODJuYXROdzk4SG9QUGRxNVdR0gHKAUFVX3lxTE01SHdUOElrVU41VFNLS0pzNHllbGtTTzZYQWdqakRnbVJxM2xvcWNkZUNXR1A1aUpqRHlDM0tJcmpoX1RHcUFZNnhMR0h5LWxraW8zaWo2S2sxeVd4TDljd3NiN19OLVZtenlDd2hoWTZwSF95cFY3ZWdKblBwWkk5NFRUQ000Snlid3dvMURxOVFwUzdvWU9TYndXU3A2TEJ0YURfX29BTFk5SkRRdExsbHNSTk5EbDlvV2ItSEo5Um8wRTVIMFlObEE?oc=5\" target=\"_blank\" rel=\"nofollow noopener\">Castell\u00f3n vuelve a medir los l\u00edmites del Mountain Bike con el regreso de la m\u00edtica Gigante de Piedra<\/a>&nbsp;&nbsp;MARCA<\/li>\n<li><a href=\"https:\/\/news.google.com\/rss\/articles\/CBMisAFBVV95cUxNRlhhMFhsdktUdWtXR2NYZ09tMmNXT193R3BTcEtfcmVRdlhQWFdBUVJIWTZsNnlCcFFGblpfeEpmZkNXem9EY1hadFZMM3BKbDhPZmlhaE9XcU5RTTBNbGM2Nk1vazFMZmo2MFNBd2RIb0N6ejg1MjhTYmctX2tKa1RseTdVUGxmeXBIRjE3OFF5TDM1cHBTZ04ySzVoMm9ZWVdPQ1JYbF9ITWVmakpjZNIBtgFBVV95cUxQcVBibGZjWGN6bW1keEZRTXlYVWttXzZubDU5Zkd4a1hZUkhTMEd0TGdJT1B6S1hPOV9MNk9Hc0NOcThIaEhCZHY1TFVBMzBNZVZVSGpVX0doMGwwQzlKUHlWZW1nNldjTkhWYldzSklXb1VzSWxjYVBjMjVhWlRnWlhEbEJBRi1ROHEwM2FyNlpxNWxRdXFGUUVqWDl6XzRESWlLT3NwWnpmYVlPQ3YwOGFjRFVwdw?oc=5\" target=\"_blank\" rel=\"nofollow noopener\">La XIV Ultrabike Gigante de Piedra desaf\u00eda en l&#8217;Alcora la resistencia de 300 ciclistas<\/a>&nbsp;&nbsp;El Peri\u00f3dico Mediterr\u00e1neo<\/li>\n<\/ol>\n","protected":false},"excerpt":{"rendered":"La Gigante de Piedra re\u00fane en Castell\u00f3n a 300 ciclistas ante 200 kil\u00f3metros de MTB extremo&nbsp;&nbsp;Esciclismo El espa\u00f1ol&hellip;\n","protected":false},"author":2,"featured_media":589420,"comment_status":"","ping_status":"","sticky":false,"template":"","format":"standard","meta":{"footnotes":""},"categories":[273],"tags":[11215,7307,323,6783,4860,3965,313,2838,312,168,32719,1376,2197,18561,25,24,14218,14409,9201,67593,23832,1783,10681,1179,19546,5329,35027,813,13655,6436,3444,677,1786,9509,3397,1965,23,167,7705],"class_list":["post-589419","post","type-post","status-publish","format-standard","has-post-thumbnail","category-ciclismo","tag-afrontar","tag-alcora","tag-bike","tag-calendario","tag-carrera","tag-castellon","tag-ciclismo","tag-ciclistas","tag-cycling","tag-deportes","tag-dispuestos","tag-disputa","tag-edicion","tag-epicentro","tag-es","tag-espana","tag-exigentes","tag-gigante","tag-junio","tag-ki","tag-l","tag-la","tag-limites","tag-mas","tag-medir","tag-montana","tag-mountain","tag-nacional","tag-piedra","tag-provincia","tag-proximo","tag-pruebas","tag-recorrido","tag-reunira","tag-sabado","tag-salida","tag-spain","tag-sports","tag-volvera"],"share_on_mastodon":{"url":"https:\/\/pubeurope.com\/@es\/116696521516373969","error":""},"_links":{"self":[{"href":"https:\/\/www.europesays.com\/es\/wp-json\/wp\/v2\/posts\/589419","targetHints":{"allow":["GET"]}}],"collection":[{"href":"https:\/\/www.europesays.com\/es\/wp-json\/wp\/v2\/posts"}],"about":[{"href":"https:\/\/www.europesays.com\/es\/wp-json\/wp\/v2\/types\/post"}],"author":[{"embeddable":true,"href":"https:\/\/www.europesays.com\/es\/wp-json\/wp\/v2\/users\/2"}],"replies":[{"embeddable":true,"href":"https:\/\/www.europesays.com\/es\/wp-json\/wp\/v2\/comments?post=589419"}],"version-history":[{"count":0,"href":"https:\/\/www.europesays.com\/es\/wp-json\/wp\/v2\/posts\/589419\/revisions"}],"wp:featuredmedia":[{"embeddable":true,"href":"https:\/\/www.europesays.com\/es\/wp-json\/wp\/v2\/media\/589420"}],"wp:attachment":[{"href":"https:\/\/www.europesays.com\/es\/wp-json\/wp\/v2\/media?parent=589419"}],"wp:term":[{"taxonomy":"category","embeddable":true,"href":"https:\/\/www.europesays.com\/es\/wp-json\/wp\/v2\/categories?post=589419"},{"taxonomy":"post_tag","embeddable":true,"href":"https:\/\/www.europesays.com\/es\/wp-json\/wp\/v2\/tags?post=589419"}],"curies":[{"name":"wp","href":"https:\/\/api.w.org\/{rel}","templated":true}]}}