{"id":589496,"date":"2026-06-05T09:09:16","date_gmt":"2026-06-05T09:09:16","guid":{"rendered":"https:\/\/www.europesays.com\/es\/589496\/"},"modified":"2026-06-05T09:09:16","modified_gmt":"2026-06-05T09:09:16","slug":"el-mas-bonito-de-barcelona-asi-es-el-salon-que-lazaro-rosa-violan-ha-disenado-para-isabel-coixet","status":"publish","type":"post","link":"https:\/\/www.europesays.com\/es\/589496\/","title":{"rendered":"El m\u00e1s bonito de Barcelona: as\u00ed es el sal\u00f3n que L\u00e1zaro Rosa-Viol\u00e1n ha dise\u00f1ado para Isabel Coixet"},"content":{"rendered":"<p>Para el living room de Isabel han contado con Pilma como patrocinador, una firma arraigada a la cultura del dise\u00f1o que ha ayudado a dar forma al proyecto, a saber: \u00abun espacio bohemio y mucho m\u00e1s estrafalario que lo que podemos ver en sus pel\u00edculas\u201d, r\u00ede L\u00e1zaro. Algo en consonancia con el concepto de la cineasta, que entre sus muchas referencias (adem\u00e1s de los collages realizados por ella misma que hoy trae en la carpeta), cita al director Won Kar-Wai, el <a href=\"https:\/\/www.revistaad.es\/articulos\/por-que-el-edificio-mas-importante-del-siglo-xx-esta-en-barcelona-mies-van-der-rohe\" rel=\"nofollow noopener\" target=\"_blank\">pabell\u00f3n Mies<\/a> de Barcelona y bares centenarios en el barrio de Gr\u00e0cia. \u201cPero eso es <strong>lo bueno de L\u00e1zaro, que sabe conjugar ambientes e ideas parad\u00f3jicas y contradictorias\u00bb, apunta.<\/strong><\/p>\n<p><img decoding=\"async\" alt=\"Lzaro RosaVioln e Isabel Coixet\" loading=\"lazy\" class=\"ResponsiveImageContainer-dkeESL cQPiWi responsive-image__image\"   src=\"https:\/\/www.europesays.com\/es\/wp-content\/uploads\/2026\/06\/LazaroIsabel-04516.jpeg\"\/><\/p>\n<p>A pesar de conocerse durante a\u00f1os, es la primera vez que L\u00e1zaro e Isabel colaboran en un proyecto juntos. Adem\u00e1s de ellos, en Ecl\u00e9ctica han colaborado otros d\u00faos creativos, como P\u00eda Capdevila y Martina Klein o Asun Ant\u00f3 y Javier Cercas.<\/p>\n<p>\u00a9 Meritxell Arjalaguer, cortes\u00eda de Ecl\u00e9ctica Barcelona<strong>Un entendimiento mutuo<\/strong><\/p>\n<p>Hab\u00eda dos premisas claras, la primera, mantener los elementos historicistas que dan car\u00e1cter al espacio, (y que por supuesto L\u00e1zaro no pensaba tapar) y la segunda, crear un universo singular capaz de dejar al visitante boquiabierto. <strong>\u201cAlgo que provoque, que sea apetecible, que entres y digas &#8216;wow\u2019, dice Isabel. \u201cAlgo que\u201d, a\u00f1ade L\u00e1zaro, \u201cest\u00e1 totalmente fuera de tendencia, con mucha artesan\u00eda y una pieza muy particular alrededor de la cual gira todo el <a href=\"https:\/\/www.revistaad.es\/galerias\/salones-modernos-tendencias-2026\" rel=\"nofollow noopener\" target=\"_blank\">sal\u00f3n\u201d<\/a>.<\/strong> La misma pieza que le ha dado unos cuantos quebraderos de cabeza por su tama\u00f1o descomunal y por las medidas de la sala. \u201cEsta escala es muy diferente a la de un hotel o la de un espacio gastron\u00f3mico\u00bb, nos cuenta el interiorista, acostumbrado a transformar grandes espacios, como la zona retail del aeropuerto de La Guardia, (aclamada en The New York Times), o el Hotel <a href=\"https:\/\/www.revistaad.es\/articulos\/pharrell-williams-convierte-el-desfile-de-louis-vuitton-en-un-espacio-habitable\" rel=\"nofollow noopener\" target=\"_blank\">Louis Vuitton<\/a> de Par\u00eds, que inaugurar\u00e1 la primavera del a\u00f1o que viene.<\/p>\n<p><img decoding=\"async\" alt=\"Collages realizados por Isabel Coixet\" loading=\"lazy\" class=\"ResponsiveImageContainer-dkeESL cQPiWi responsive-image__image\"   src=\"https:\/\/www.europesays.com\/es\/wp-content\/uploads\/2026\/06\/LazaroIsabel-04443.jpeg\"\/><\/p>\n<p>Los collages de Coixet no fueron solo el punto de partida del proyecto. Tambi\u00e9n protagonizan la exposici\u00f3n Roma\/NewYork\/Montolieu en la galer\u00eda Max Estrella de Madrid (hasta el 24 de julio).<\/p>\n<p>\u00a9 Meritxell Arjalaguer<\/p>\n<p>En el momento de esta entrevista, ambos est\u00e1n pendientes de una reuni\u00f3n para aterrizar el enfoque, aunque por lo que vemos hasta ahora, ya est\u00e1n muy alineados. Coixet se siente a gusto en el caos, pero al mismo tiempo es tan minuciosa en su est\u00e9tica que para su \u00faltima pel\u00edcula, Tres adioses, encarg\u00f3 una silla desde Noruega con la que se hab\u00eda encaprichado tras visitar la exposici\u00f3n del pintor dan\u00e9s <a href=\"https:\/\/www.revistaad.es\/galerias\/estas-son-las-10-exposiciones-que-no-deberias-perderte-en-2026\" rel=\"nofollow noopener\" target=\"_blank\">Hammershoi<\/a>. <strong>Una complejidad que L\u00e1zaro, con un estilo donde todo puede convivir si se tiene una mirada como la suya, ha sabido leer y materializar en un espacio m\u00e1gico y (tal y como quer\u00edan) singular.<\/strong><\/p>\n<p><strong>Sigue leyendo\u2026<\/strong><\/p>\n","protected":false},"excerpt":{"rendered":"Para el living room de Isabel han contado con Pilma como patrocinador, una firma arraigada a la cultura&hellip;\n","protected":false},"author":2,"featured_media":589497,"comment_status":"","ping_status":"","sticky":false,"template":"","format":"standard","meta":{"footnotes":""},"categories":[173],"tags":[229,233,231,230,8372,232,234,146,147,25,24,23,12443,8374],"class_list":["post-589496","post","type-post","status-publish","format-standard","has-post-thumbnail","category-arte-y-diseno","tag-arte","tag-arte-y-diseno","tag-arts","tag-arts-and-design","tag-decoracion","tag-design","tag-diseno","tag-entertainment","tag-entretenimiento","tag-es","tag-espana","tag-spain","tag-splitscreenimageleftfullbleed","tag-web"],"share_on_mastodon":{"url":"","error":""},"_links":{"self":[{"href":"https:\/\/www.europesays.com\/es\/wp-json\/wp\/v2\/posts\/589496","targetHints":{"allow":["GET"]}}],"collection":[{"href":"https:\/\/www.europesays.com\/es\/wp-json\/wp\/v2\/posts"}],"about":[{"href":"https:\/\/www.europesays.com\/es\/wp-json\/wp\/v2\/types\/post"}],"author":[{"embeddable":true,"href":"https:\/\/www.europesays.com\/es\/wp-json\/wp\/v2\/users\/2"}],"replies":[{"embeddable":true,"href":"https:\/\/www.europesays.com\/es\/wp-json\/wp\/v2\/comments?post=589496"}],"version-history":[{"count":0,"href":"https:\/\/www.europesays.com\/es\/wp-json\/wp\/v2\/posts\/589496\/revisions"}],"wp:featuredmedia":[{"embeddable":true,"href":"https:\/\/www.europesays.com\/es\/wp-json\/wp\/v2\/media\/589497"}],"wp:attachment":[{"href":"https:\/\/www.europesays.com\/es\/wp-json\/wp\/v2\/media?parent=589496"}],"wp:term":[{"taxonomy":"category","embeddable":true,"href":"https:\/\/www.europesays.com\/es\/wp-json\/wp\/v2\/categories?post=589496"},{"taxonomy":"post_tag","embeddable":true,"href":"https:\/\/www.europesays.com\/es\/wp-json\/wp\/v2\/tags?post=589496"}],"curies":[{"name":"wp","href":"https:\/\/api.w.org\/{rel}","templated":true}]}}