{"id":589633,"date":"2026-06-05T10:40:08","date_gmt":"2026-06-05T10:40:08","guid":{"rendered":"https:\/\/www.europesays.com\/es\/589633\/"},"modified":"2026-06-05T10:40:08","modified_gmt":"2026-06-05T10:40:08","slug":"la-historia-de-amor-de-carmen-machi-y-vicente-mas-de-20-anos-juntos-en-una-relacion-apartada-de-los-focos","status":"publish","type":"post","link":"https:\/\/www.europesays.com\/es\/589633\/","title":{"rendered":"La historia de amor de Carmen Machi y Vicente: m\u00e1s de 20 a\u00f1os juntos en una relaci\u00f3n apartada de los focos"},"content":{"rendered":"<p class=\"c-paragraph\"><a href=\"https:\/\/www.20minutos.es\/tags\/temas\/carmen-machi.html\" title=\"Carmen Machi\" rel=\"nofollow noopener\" target=\"_blank\">Carmen Machi<\/a> atraviesa uno de los mejores momentos de su carrera. Despu\u00e9s de ir a recoger junto a su pareja la Medalla de Oro al M\u00e9rito en las Bellas Artes 2024, la actriz ha vuelto a ser noticia tras<b> alzarse con el Premio Nacional de Cine 2026<\/b>.<\/p>\n<p class=\"c-paragraph\">A pesar de la repercusi\u00f3n p\u00fablica de su carrera, <b>Machi siempre ha intentado mantener su vida personal en un segundo plano<\/b>. Su relaci\u00f3n con Vicente, m\u00fasico y compa\u00f1ero de vida desde hace m\u00e1s de veinte a\u00f1os, siempre ha estado marcada por la intimidad.<\/p>\n<p class=\"c-paragraph\">Aunque llevan m\u00e1s de 20 a\u00f1os juntos, la pareja nunca ha pasado por el altar ni ha tenido hijos en com\u00fan. Una decisi\u00f3n sobre la que la actriz se ha pronunciado en varias ocasiones con total naturalidad. <b>\u00abCasarme me da miedo, lo mismo que tener un hijo\u00bb<\/b>, confes\u00f3 en 2022 durante una alfombra roja.<\/p>\n<p class=\"c-paragraph\">Uno de los escasos momentos en los que ambos dejaron ver p\u00fablicamente su complicidad fue durante la gala de los <a href=\"https:\/\/www.20minutos.es\/tags\/temas\/premios-goya.html\" title=\"Premios Goya\" rel=\"nofollow noopener\" target=\"_blank\">Premios Goya<\/a> de 2015. Tras ganar el galard\u00f3n a Mejor Actriz de Reparto por <a href=\"https:\/\/www.20minutos.es\/tags\/temas\/ocho-apellidos-vascos.html\" title=\"Ocho apellidos vascos\" rel=\"nofollow noopener\" target=\"_blank\">Ocho apellidos vascos<\/a>, Machi celebr\u00f3 el premio con un apasionado beso junto a Vicente. Adem\u00e1s, durante su discurso tuvo unas palabras de cari\u00f1o hacia \u00e9l: <b>\u00abEres m\u00e1s bonito que nada\u00bb<\/b>.<\/p>\n<p class=\"c-paragraph\">La actriz tampoco ha dudado en elogiar a su pareja en algunas entrevistas. En un reportaje concedido a Mujer Hoy, lo defini\u00f3 como un \u00ab<b>ser maravilloso y extraordinario\u00bb<\/b>.<\/p>\n<p class=\"c-paragraph\">A lo largo de su trayectoria, <a href=\"https:\/\/www.20minutos.es\/tags\/temas\/carmen-machi.html\" title=\"Carmen Machi\" rel=\"nofollow noopener\" target=\"_blank\">Carmen Machi<\/a> tambi\u00e9n ha tenido que responder en numerosas ocasiones a preguntas relacionadas con su decisi\u00f3n de no ser madre. \u00abMe resulta bastante marciano que me cuestionen por no ser madre. Para m\u00ed no supone un trauma. <b>Yo no me siento incompleta por no tener hijos y soy muy feliz<\/b>\u00ab, afirm\u00f3 en unas declaraciones recogidas por <a href=\"https:\/\/www.semana.es\/corazon\/discreta-historia-amor-carmen-machi-su-novio-musico-vicente-mas-20-anos-juntos-sin-hijos-comun_2815474\" rel=\"nofollow noreferrer noopener\" target=\"_blank\">Semana<\/a>.\u00a0<\/p>\n<p class=\"c-paragraph\">Sobre el matrimonio, su postura tampoco ha cambiado con el paso del tiempo. \u00ab<b>Estoy muy a gusto as\u00ed<\/b>. Llevo con Vicente, mi pareja, un mont\u00f3n de a\u00f1os, probablemente m\u00e1s de 20&#8243;, explic\u00f3.<\/p>\n<p class=\"c-paragraph\">Sin boda y sin hijos, pero con una relaci\u00f3n que ha superado las dos d\u00e9cadas, Carmen Machi y Vicente <b>han construido una historia de amor alejada de lo tradicional y de los focos<\/b>.<\/p>\n","protected":false},"excerpt":{"rendered":"Carmen Machi atraviesa uno de los mejores momentos de su carrera. Despu\u00e9s de ir a recoger junto a&hellip;\n","protected":false},"author":2,"featured_media":589634,"comment_status":"","ping_status":"","sticky":false,"template":"","format":"standard","meta":{"footnotes":""},"categories":[174],"tags":[1733,14750,255,146,147,25,24,256,448,79510,23,13291],"class_list":["post-589633","post","type-post","status-publish","format-standard","has-post-thumbnail","category-famosos","tag-amor","tag-carmen","tag-celebrities","tag-entertainment","tag-entretenimiento","tag-es","tag-espana","tag-famosos","tag-historia","tag-machi","tag-spain","tag-vicente"],"share_on_mastodon":{"url":"https:\/\/pubeurope.com\/@es\/116697080020654464","error":""},"_links":{"self":[{"href":"https:\/\/www.europesays.com\/es\/wp-json\/wp\/v2\/posts\/589633","targetHints":{"allow":["GET"]}}],"collection":[{"href":"https:\/\/www.europesays.com\/es\/wp-json\/wp\/v2\/posts"}],"about":[{"href":"https:\/\/www.europesays.com\/es\/wp-json\/wp\/v2\/types\/post"}],"author":[{"embeddable":true,"href":"https:\/\/www.europesays.com\/es\/wp-json\/wp\/v2\/users\/2"}],"replies":[{"embeddable":true,"href":"https:\/\/www.europesays.com\/es\/wp-json\/wp\/v2\/comments?post=589633"}],"version-history":[{"count":0,"href":"https:\/\/www.europesays.com\/es\/wp-json\/wp\/v2\/posts\/589633\/revisions"}],"wp:featuredmedia":[{"embeddable":true,"href":"https:\/\/www.europesays.com\/es\/wp-json\/wp\/v2\/media\/589634"}],"wp:attachment":[{"href":"https:\/\/www.europesays.com\/es\/wp-json\/wp\/v2\/media?parent=589633"}],"wp:term":[{"taxonomy":"category","embeddable":true,"href":"https:\/\/www.europesays.com\/es\/wp-json\/wp\/v2\/categories?post=589633"},{"taxonomy":"post_tag","embeddable":true,"href":"https:\/\/www.europesays.com\/es\/wp-json\/wp\/v2\/tags?post=589633"}],"curies":[{"name":"wp","href":"https:\/\/api.w.org\/{rel}","templated":true}]}}