{"id":589702,"date":"2026-06-05T11:29:12","date_gmt":"2026-06-05T11:29:12","guid":{"rendered":"https:\/\/www.europesays.com\/es\/589702\/"},"modified":"2026-06-05T11:29:12","modified_gmt":"2026-06-05T11:29:12","slug":"la-revuelta-cambia-de-dia-en-rtve-por-el-mundial-y-anuncia-tres-especiales-de-futbol-con-nuevas-secciones-e-invitados","status":"publish","type":"post","link":"https:\/\/www.europesays.com\/es\/589702\/","title":{"rendered":"&#8216;La Revuelta&#8217; cambia de d\u00eda en RTVE por el Mundial y anuncia tres especiales de f\u00fatbol con nuevas secciones e invitados"},"content":{"rendered":"<p class=\"article-text\">\n        El <strong>Mundial de f\u00fatbol 2026<\/strong> de <strong>M\u00e9xico, Canad\u00e1 <\/strong>y<strong> Estados Unidos<\/strong> sacudir\u00e1 la programaci\u00f3n nocturna de <strong>La 1<\/strong>. A falta de ir conociendo el encaje que <strong>RTVE <\/strong>le ir\u00e1 dando a <a href=\"https:\/\/www.eldiario.es\/vertele\/noticias\/rtve-anuncia-programas-verano-nuevo-ines-hernand-manu-sanchez-atipico-regreso_1_13268001.html\" target=\"_blank\" data-mrf-recirculation=\"links-noticia\" class=\"link\" rel=\"nofollow noopener\">sus ofertas veraniegas<\/a> de prime time, la cadena p\u00fablica<strong> <\/strong>ha anunciado un importante cambio para <strong>La Revuelta <\/strong>que afectar\u00e1 a sus d\u00edas de emisi\u00f3n en el canal principal de la emisora.\n    <\/p>\n<p>    <a href=\"https:\/\/www.eldiario.es\/vertele\/noticias\/roberto-carlos-llama-papa-florentino-perez-revuelta-bate-record-preguntas-clasicas_1_13277176.html\" data-mrf-recirculation=\"saber-mas\" data-dl-event=\"saber-mas\" rel=\"nofollow noopener\" target=\"_blank\"><\/p>\n<p class=\"know-more__title\">Roberto Carlos llama \u00abpap\u00e1\u00bb a Florentino P\u00e9rez en &#8216;La Revuelta&#8217; y bate un r\u00e9cord en las preguntas cl\u00e1sicas<\/p>\n<p>            <img decoding=\"async\" class=\"lazy\" loading=\"lazy\" data-src=\"https:\/\/static.eldiario.es\/clip\/c4804ad9-154c-4881-b4e6-ec3248e1b776_16-9-aspect-ratio_default_0.jpg\" src=\"data:image\/svg+xml,%3Csvg xmlns=\" http:=\"\" viewbox=\"0 0 880 495\" alt=\"Roberto Carlos llama &quot;pap\u00e1&quot; a Florentino P\u00e9rez en 'La Revuelta' y bate un r\u00e9cord en las preguntas cl\u00e1sicas\"\/><\/p>\n<p>                        <\/a><\/p>\n<p class=\"article-text\">\n        A partir de la pr\u00f3xima semana, el programa de <strong>David Broncano <\/strong>en La 1<strong> dejar\u00e1 de emitirse los jueves<\/strong>, con la cuarta entrega semanal prevista para ese d\u00eda <strong>saltando a la noche de los viernes. <\/strong>El formato de humor de la p\u00fablica deja as\u00ed el hueco de los jueves a <a href=\"https:\/\/www.eldiario.es\/vertele\/noticias\/rtve-presenta-el-perro-andaluz-manu-sanchez-fija-estreno-escaparate-mundial-fichaje-maria-galiana_1_13268906.html\" target=\"_blank\" data-mrf-recirculation=\"links-noticia\" class=\"link\" rel=\"nofollow noopener\">El perro andaluz<\/a><a href=\"https:\/\/www.eldiario.es\/vertele\/noticias\/rtve-presenta-el-perro-andaluz-manu-sanchez-fija-estreno-escaparate-mundial-fichaje-maria-galiana_1_13268906.html\" target=\"_blank\" data-mrf-recirculation=\"links-noticia\" class=\"link\" rel=\"nofollow noopener\"> de Manu S\u00e1nchez<\/a>, nuevo programa cuyo estreno se vivir\u00e1 el pr\u00f3ximo jueves 11 de junio, una vez finalice el partido inaugural del campeonato entre M\u00e9xico y Sud\u00e1frica.\n    <\/p>\n<p class=\"article-text\">\n        De esta manera, RTVE ha anunciado para<strong> los viernes 12, 19 y 26 de junio<\/strong>, coincidiendo con encuentros de la Copa Mundial FIFA 2026 ofrecidos por la televisi\u00f3n p\u00fablica, tres especiales de <strong>La Revuelta<\/strong> que centrar\u00e1n su tem\u00e1tica a la gran cita futbolera. La p\u00fablica avanza que el equipo de Broncano trabaja ya en la preparaci\u00f3n de <strong>nuevas secciones<\/strong> espec\u00edficas, <strong>reportajes balomp\u00e9dicos<\/strong> en distintas localidades espa\u00f1olas e inv<strong>i<\/strong>tados que tendr\u00e1n que poner a prueba su relaci\u00f3n con el deporte rey.\n    <\/p>\n<p>            <img decoding=\"async\" class=\"lazy\" loading=\"lazy\" data-src=\"https:\/\/static.eldiario.es\/clip\/658bd424-32ff-4260-81c8-41cbae72a2f0_16-9-discover-aspect-ratio_default_0.jpg\" src=\"data:image\/svg+xml,%3Csvg xmlns=\" http:=\"\" viewbox=\"0 0 1200 675\" alt=\"David Broncano en 'La Revuelta'\"\/><\/p>\n<p class=\"article-text\">\n        Los programas especiales de los viernes de La Revuelta, producido en colaboraci\u00f3n con El Terrat y Encofrados Encofrasa, arrancar\u00e1n su emisi\u00f3n<strong> justo despu\u00e9s de los siguientes choques<\/strong> de la fase de grupos del campeonato, <strong>a excepci\u00f3n del Uruguay-Espa\u00f1a<\/strong>, disputado de madrugada, que llevar\u00e1 al show de Broncano antes del partido como telonero.\n    <\/p>\n<p>    Los horarios de los tres especiales de &#8216;La Revuelta&#8217; <\/p>\n<ul>\n<li>12 de junio: <strong>Canad\u00e1-Bosnia Herzegovina<\/strong> a las<strong> 21:00 horas<\/strong> y a continuaci\u00f3n La Revuelta<\/li>\n<li>19 de junio: <strong>Estados Unidos-Australia <\/strong>a las <strong>21:00 horas<\/strong> y a continuaci\u00f3n La Revuelta<\/li>\n<li>26 de junio: La Revuelta y a continuaci\u00f3n <strong>Uruguay-Espa\u00f1a<\/strong> a las <strong>02:00<\/strong> horas de la madrugada<\/li>\n<\/ul>\n<p class=\"article-text\">\n        Por otro lado, fuentes de RTVE confirman a <a href=\"https:\/\/www.eldiario.es\/vertele\" target=\"_blank\" data-mrf-recirculation=\"links-noticia\" class=\"link\" rel=\"nofollow noopener\">verTele <\/a>que de<strong> lunes a mi\u00e9rcoles<\/strong>, al menos durante la fase de grupos del Mundial, La 1 mantendr\u00e1 la emisi\u00f3n de La Revuelta, que se ver\u00e1 <strong>obligada a modificar su ubicaci\u00f3n en la parrilla<\/strong> en las noches de lunes a mi\u00e9rcoles en las que la cadena emita partido en el turno de las 21:00 o 22:00 horas.\n    <\/p>\n<p class=\"article-text\">\n        Siguiendo la<a href=\"https:\/\/www.eldiario.es\/vertele\/noticias\/fifa-anuncia-17-partidos-fase-grupos-mundial-futbol-2026-rtve-emitira-abierto-gratis-la-1_1_13182864.html\" target=\"_blank\" data-mrf-recirculation=\"links-noticia\" class=\"link\" rel=\"nofollow noopener\"> lista avanzada por RTVE<\/a>, los partidos que har\u00e1n que Broncano cambie el horario de su show son, de momento, los siguientes:\n    <\/p>\n<p>    <a href=\"https:\/\/www.eldiario.es\/vertele\/audiencias-tv\/jueves-4-junio-2026-mucho-futbol-tv-espana-horizonte-florentino-la-revuelta-roberto-carlos_1_13277439.html\" data-mrf-recirculation=\"saber-mas-abajo\" data-dl-event=\"saber-mas-abajo\" rel=\"nofollow noopener\" target=\"_blank\"><\/p>\n<p class=\"know-more__title\">Mucho f\u00fatbol en TV con Espa\u00f1a (24.3%), el &#8216;Horizonte&#8217; de Florentino (12.5%) y &#8216;La Revuelta&#8217; con Roberto Carlos (12.2%)\n<\/p>\n<p>            <img decoding=\"async\" class=\"lazy\" loading=\"lazy\" data-src=\"https:\/\/static.eldiario.es\/clip\/38c1a113-130f-4c84-a378-3b6c06abd2ce_16-9-aspect-ratio_default_0.jpg\" src=\"data:image\/svg+xml,%3Csvg xmlns=\" http:=\"\" viewbox=\"0 0 880 495\" alt=\"Mucho f\u00fatbol en TV con Espa\u00f1a (24.3%), el 'Horizonte' de Florentino (12.5%) y 'La Revuelta' con Roberto Carlos (12.2%)\"\/><\/p>\n<p>                        <\/a><\/p>\n<ul>\n<li><strong>Francia &#8211; Senegal: <\/strong>martes 16 de junio, 21:00 horas<\/li>\n<li>\u00a0<strong>Inglaterra &#8211; Croacia: <\/strong>mi\u00e9rcoles 17 de junio, 22:00 horas<\/li>\n<li><strong>Inglaterra &#8211; Ghana: <\/strong>martes 23 de junio, 22:00 horas<\/li>\n<\/ul>\n<p class=\"article-text\">\n        RTVE no confirma qu\u00e9 horario de emisi\u00f3n tendr\u00e1 La Revuelta durante esos d\u00edas, por lo que habr\u00e1 que estar pendiente de la programaci\u00f3n de la emisora para ir conociendo sus planes.\n    <\/p>\n","protected":false},"excerpt":{"rendered":"El Mundial de f\u00fatbol 2026 de M\u00e9xico, Canad\u00e1 y Estados Unidos sacudir\u00e1 la programaci\u00f3n nocturna de La 1.&hellip;\n","protected":false},"author":2,"featured_media":589703,"comment_status":"","ping_status":"","sticky":false,"template":"","format":"standard","meta":{"footnotes":""},"categories":[171],"tags":[4187,1838,978,10378,146,147,25,24,2172,282,3551,1070,2860,528,518,4470,23,603,214],"class_list":["post-589702","post","type-post","status-publish","format-standard","has-post-thumbnail","category-tv","tag-anuncia","tag-cambia","tag-dia","tag-e","tag-entertainment","tag-entretenimiento","tag-es","tag-espana","tag-especiales","tag-futbol","tag-invitados","tag-mundial","tag-nuevas","tag-revuelta","tag-rtve","tag-secciones","tag-spain","tag-tres","tag-tv"],"share_on_mastodon":{"url":"https:\/\/pubeurope.com\/@es\/116697272904469223","error":""},"_links":{"self":[{"href":"https:\/\/www.europesays.com\/es\/wp-json\/wp\/v2\/posts\/589702","targetHints":{"allow":["GET"]}}],"collection":[{"href":"https:\/\/www.europesays.com\/es\/wp-json\/wp\/v2\/posts"}],"about":[{"href":"https:\/\/www.europesays.com\/es\/wp-json\/wp\/v2\/types\/post"}],"author":[{"embeddable":true,"href":"https:\/\/www.europesays.com\/es\/wp-json\/wp\/v2\/users\/2"}],"replies":[{"embeddable":true,"href":"https:\/\/www.europesays.com\/es\/wp-json\/wp\/v2\/comments?post=589702"}],"version-history":[{"count":0,"href":"https:\/\/www.europesays.com\/es\/wp-json\/wp\/v2\/posts\/589702\/revisions"}],"wp:featuredmedia":[{"embeddable":true,"href":"https:\/\/www.europesays.com\/es\/wp-json\/wp\/v2\/media\/589703"}],"wp:attachment":[{"href":"https:\/\/www.europesays.com\/es\/wp-json\/wp\/v2\/media?parent=589702"}],"wp:term":[{"taxonomy":"category","embeddable":true,"href":"https:\/\/www.europesays.com\/es\/wp-json\/wp\/v2\/categories?post=589702"},{"taxonomy":"post_tag","embeddable":true,"href":"https:\/\/www.europesays.com\/es\/wp-json\/wp\/v2\/tags?post=589702"}],"curies":[{"name":"wp","href":"https:\/\/api.w.org\/{rel}","templated":true}]}}