{"id":589753,"date":"2026-06-05T12:01:11","date_gmt":"2026-06-05T12:01:11","guid":{"rendered":"https:\/\/www.europesays.com\/es\/589753\/"},"modified":"2026-06-05T12:01:11","modified_gmt":"2026-06-05T12:01:11","slug":"oltra-y-rufian-protagonizaran-un-acto-conjunto-en-valencia","status":"publish","type":"post","link":"https:\/\/www.europesays.com\/es\/589753\/","title":{"rendered":"Oltra y Rufi\u00e1n protagonizar\u00e1n un acto conjunto en Val\u00e8ncia"},"content":{"rendered":"<p class=\"ft-text ft-helper-closenews\">M\u00e1s madera en la izquierda alternativa.<a class=\"ft-link ft-link--decoration\" href=\"https:\/\/www.levante-emv.com\/comunitat-valenciana\/2026\/04\/10\/rufian-lanza-guante-monica-oltra-ficharla-ruta-actos-lideres-izquierda-128942748.html\" target=\"_blank\" rel=\"nofollow noopener\"> M\u00f3nica Oltra y Gabriel Rufi\u00e1n, dos de los nombres m\u00e1s mencionados en el espacio progresista, cada quien en su \u00e1mbito electoral, compartir\u00e1n escenario<\/a> en Val\u00e8ncia. La aspirante a la Alcald\u00eda del Cap i Casal y el portavoz de Esquerra Republicana de Catalunya en el Congreso protagonizar\u00e1n un acto conjunto el pr\u00f3ximo 19 de junio en el Parc de Cap\u00e7alera bajo el t\u00edtulo &#8216;Espai de trobada&#8217;.<\/p>\n<p class=\"ft-text\">El acto ven\u00eda rumi\u00e1ndose en las \u00faltimas semanas. El guante se lo lanz\u00f3 el pasado 9 de abril Rufi\u00e1n a Oltra tras un encuentro con <strong>Irene Montero<\/strong>. \u201cOjal\u00e1 podamos hacer otro acto con una persona extraordinaria como es M\u00f3nica Oltra\u201d, dijo el dirigente de ERC. Aquel mensaje hab\u00eda venido precedido de gui\u00f1os constantes por parte del portavoz de ERC hacia la nueva aspirante al Ayuntamiento de Val\u00e8ncia. <\/p>\n<p class=\"ft-text\">De hecho, cuando se conoci\u00f3 el archivo del \u00faltimo juez que realiz\u00f3 la instrucci\u00f3n de su caso, Rufi\u00e1n tuite\u00f3:\u00a0<strong>\u00abVuelve ya, por favor\u00bb<\/strong>. Con la oficializaci\u00f3n del paso adelante hace semanas, escribi\u00f3:<strong>\u00a0\u00abAlcaldessa\u00bb<\/strong>. Y posteriormente se mostr\u00f3 \u201cmuy orgulloso de que M\u00f3nica Oltra haya dado un paso adelante y haya dicho &#8216;aqu\u00ed estoy yo, con todo lo que me ha pasado&#8217;\u201d. Previamente la propia Oltra hab\u00eda mostrado su sinton\u00eda con Rufi\u00e1n del que ante su intento de agitar el avispero progresista dijo: \u00ab\u00daltimamente me parece bien todo lo que hace, es el \u00fanico que se sale del molde\u00bb.<\/p>\n<p class=\"ft-text\">La cita llegar\u00e1<a class=\"ft-link ft-link--decoration\" href=\"https:\/\/www.levante-emv.com\/comunitat-valenciana\/2026\/05\/28\/compromis-reactiva-maquinaria-ungir-oltra-dos-meses-espera-130722890.html\" target=\"_blank\" rel=\"nofollow noopener\"> despu\u00e9s de los movimientos en Comprom\u00eds para nombrar a Oltra oficialmente como candidata de la coalici\u00f3n <\/a>al Ayuntamiento de Val\u00e8ncia para las elecciones del pr\u00f3ximo a\u00f1o. As\u00ed la design\u00f3 la ejecutiva el pasado mi\u00e9rcoles a la espera de una asamblea que la ratifique. Ese paso formal ha rebajado la tensi\u00f3n interna en la coalici\u00f3n, aunque en el cartel difundido por redes sociales no aparecen los logos ni de Comprom\u00eds ni de ERC. Eso s\u00ed, fuentes del entorno de la exvicepresidenta explican que hab\u00eda gente de Comprom\u00eds en la organizaci\u00f3n del evento.<\/p>\n<p>Otros actos<\/p>\n<p class=\"ft-text\">Si el encuentro ser\u00e1 la tercera parada de la ruta de Rufi\u00e1n con referentes de la izquierda tras Montero y <strong>Emilio Delgado, <\/strong>de M\u00e1s Madrid, para Oltra ser\u00e1 un nuevo acto dentro de su particular gira, siempre dentro de Val\u00e8ncia, con personalidades de la sociedad civil y donde han participado pol\u00edticos de renombre. Fue el caso, por ejemplo, de su encuentro con la primera dama de Brasil, <strong>Janja Da Silva, <\/strong>donde coincidi\u00f3 con Montero y la ministra de Juventud, <strong>Sira Rego, <\/strong>de IU. Tambi\u00e9n estuvo con el ministro de Sumar, <strong>Pablo Bustinduy <\/strong>visitando Orriols. <\/p>\n<p class=\"ft-text\">Entre las pistas que da el cartel, y a falta de c\u00f3mo se verbalicen las declaraciones &#8216;in situ&#8217;, destaca el t\u00edtulo del evento: &#8216;Espai de trobada&#8217; (\u00abpunto de encuentro\u00bb). Oltra ha apelado a la necesidad de lanzar un frente com\u00fan no solo de las izquierdas sino tambi\u00e9n con los movimientos sociales para disputar el ayuntamiento, de ah\u00ed su llamamiento a ejercer de \u00abpunto de encuentro\u00bb, sin embargo, este es tambi\u00e9n un punto de fricci\u00f3n con la parte de M\u00e9s, el partido mayoritario de Comprom\u00eds, que duda el nivel de apertura y c\u00f3mo empastar esa idea. <\/p>\n<p data-close=\"closedContent\" class=\"subscribeHideForDisplay\">Suscr\u00edbete para seguir leyendo<\/p>\n","protected":false},"excerpt":{"rendered":"M\u00e1s madera en la izquierda alternativa. M\u00f3nica Oltra y Gabriel Rufi\u00e1n, dos de los nombres m\u00e1s mencionados en&hellip;\n","protected":false},"author":2,"featured_media":589754,"comment_status":"","ping_status":"","sticky":false,"template":"","format":"standard","meta":{"footnotes":""},"categories":[8],"tags":[10357,17,18,8310,6324,25,24,13,14,11,29823,19,20,91426,9,10,15,16,48460,21456,6067,45069,23,12,21,22,235],"class_list":["post-589753","post","type-post","status-publish","format-standard","has-post-thumbnail","category-espana","tag-acto","tag-breaking-news","tag-breakingnews","tag-conjunto","tag-erc","tag-es","tag-espana","tag-featured-news","tag-featurednews","tag-headlines","tag-irene-montero","tag-latest-news","tag-latestnews","tag-monica-oltra","tag-news","tag-noticias","tag-noticias-destacadas","tag-noticiasdestacadas","tag-oltra","tag-participaran","tag-podemos","tag-rufian","tag-spain","tag-titulares","tag-ultimas-noticias","tag-ultimasnoticias","tag-valencia"],"share_on_mastodon":{"url":"https:\/\/pubeurope.com\/@es\/116697398536392434","error":""},"_links":{"self":[{"href":"https:\/\/www.europesays.com\/es\/wp-json\/wp\/v2\/posts\/589753","targetHints":{"allow":["GET"]}}],"collection":[{"href":"https:\/\/www.europesays.com\/es\/wp-json\/wp\/v2\/posts"}],"about":[{"href":"https:\/\/www.europesays.com\/es\/wp-json\/wp\/v2\/types\/post"}],"author":[{"embeddable":true,"href":"https:\/\/www.europesays.com\/es\/wp-json\/wp\/v2\/users\/2"}],"replies":[{"embeddable":true,"href":"https:\/\/www.europesays.com\/es\/wp-json\/wp\/v2\/comments?post=589753"}],"version-history":[{"count":0,"href":"https:\/\/www.europesays.com\/es\/wp-json\/wp\/v2\/posts\/589753\/revisions"}],"wp:featuredmedia":[{"embeddable":true,"href":"https:\/\/www.europesays.com\/es\/wp-json\/wp\/v2\/media\/589754"}],"wp:attachment":[{"href":"https:\/\/www.europesays.com\/es\/wp-json\/wp\/v2\/media?parent=589753"}],"wp:term":[{"taxonomy":"category","embeddable":true,"href":"https:\/\/www.europesays.com\/es\/wp-json\/wp\/v2\/categories?post=589753"},{"taxonomy":"post_tag","embeddable":true,"href":"https:\/\/www.europesays.com\/es\/wp-json\/wp\/v2\/tags?post=589753"}],"curies":[{"name":"wp","href":"https:\/\/api.w.org\/{rel}","templated":true}]}}