{"id":589797,"date":"2026-06-05T12:36:13","date_gmt":"2026-06-05T12:36:13","guid":{"rendered":"https:\/\/www.europesays.com\/es\/589797\/"},"modified":"2026-06-05T12:36:13","modified_gmt":"2026-06-05T12:36:13","slug":"adama-traore-tambien-en-la-lista-de-futuribles-para-el-elche","status":"publish","type":"post","link":"https:\/\/www.europesays.com\/es\/589797\/","title":{"rendered":"Adama Traor\u00e9, tambi\u00e9n en la lista de futuribles para el Elche"},"content":{"rendered":"<p>Tras confirmar la continuidad de <strong>Buba Sangar\u00e9<\/strong> y <strong>Gonzalo Villar<\/strong>, la direcci\u00f3n deportiva del Elche CF trabaja en avanzar en la <strong>contrataci\u00f3n de un entrenador<\/strong> tras la marcha de Eder Sarabia. Ah\u00ed es donde el propietario Christian <strong>Bragarnik <\/strong>tiene puesta su principal atenci\u00f3n. El argentino ha regresado al Mart\u00ednez Valero y est\u00e1 \u201c<strong>a full para construir un Elche mejor<\/strong>\u201d, tal y como ha compartido en sus redes sociales. Sin embargo, en cuanto a la confecci\u00f3n de la plantilla, siguen apareciendo nombres, uno de ellos el de <strong>Adama Traor\u00e9<\/strong>, extremo catal\u00e1n formado en la cantera del FC Barcelona y que ha vestido las camisetas de hasta cinco equipos ingleses.<\/p>\n<p>A sus 30 a\u00f1os, Adama disput\u00f3 el pasado curso <strong>24 partidos en la Premier League<\/strong> entre los 15 duelos que jug\u00f3 en la primera vuelta en el <strong>Fulham<\/strong> y los nueve en el <strong>West Ham<\/strong>, que pag\u00f3 en invierno <strong>dos millones de libras<\/strong> para hacerse con sus servicios. Con este \u00faltimo descendi\u00f3 a la Championship, la Segunda Divisi\u00f3n.<\/p>\n<p>De origen maliense y nacido en L\u2019Hospitalet de Llobregat, Adama Traor\u00e9 form\u00f3 parte de la <strong>cantera del Bar\u00e7a<\/strong> desde los ocho a\u00f1os, por lo que se form\u00f3 en la Masia. Debut\u00f3 en noviembre de 2013 con el primer equipo, a las \u00f3rdenes del Tata Martino.<\/p>\n<p>En verano del 2015 puso rumbo al <strong>Aston Villa<\/strong>, donde permaneci\u00f3 un a\u00f1o y apenas disfrut\u00f3 de diez jornadas de Liga. Despu\u00e9s, fich\u00f3 por el Middlesbrough y complet\u00f3 dos temporadas m\u00e1s. El <strong>Wolverhampton Wanderers<\/strong> lo fich\u00f3 en verano de 2018 y sum\u00f3 otras tres temporadas y media. Hasta que en enero de 2022 <strong>regres\u00f3 al Barcelona<\/strong> en calidad de cedido. Aquel curso particip\u00f3 en once encuentros de Liga, cuatro de ellos como titular.<\/p>\n<p>Un rendimiento que no convenci\u00f3 a <strong>Xavi Hern\u00e1ndez<\/strong>, por lo que no se prolong\u00f3 su continuidad en la Ciudad Condal. Regres\u00f3 al Wolverhampton y disput\u00f3 34 encuentros en la Premier League.<\/p>\n<p>En 2023 fich\u00f3 por el Fulham, donde estuvo dos campa\u00f1as y media y disput\u00f3 68 encuentros entre todas las competiciones. El curso pasado, tras perder protagonismo durante la primera parte, apost\u00f3 por marcharse al West Ham de <strong>Nuno Esp\u00edrito Santo<\/strong>, el t\u00e9cnico que sac\u00f3 su mejor versi\u00f3n en el Wolverhampton.<\/p>\n<p>Adama Traor\u00e9 es un extremo que destaca por su <strong>velocidad<\/strong> y <strong>potencia<\/strong>. Puede jugar en ambas bandas y es muy habilidoso en el uno contra uno.<\/p>\n","protected":false},"excerpt":{"rendered":"Tras confirmar la continuidad de Buba Sangar\u00e9 y Gonzalo Villar, la direcci\u00f3n deportiva del Elche CF trabaja en&hellip;\n","protected":false},"author":2,"featured_media":589798,"comment_status":"","ping_status":"","sticky":false,"template":"","format":"standard","meta":{"footnotes":""},"categories":[268],"tags":[111697,168,8212,25,24,280,282,9890,10995,281,23,167],"class_list":["post-589797","post","type-post","status-publish","format-standard","has-post-thumbnail","category-futbol","tag-adama-traore","tag-deportes","tag-elche-cf","tag-es","tag-espana","tag-football","tag-futbol","tag-mercado-fichajes","tag-portada-radio","tag-soccer","tag-spain","tag-sports"],"share_on_mastodon":{"url":"https:\/\/pubeurope.com\/@es\/116697536306589833","error":""},"_links":{"self":[{"href":"https:\/\/www.europesays.com\/es\/wp-json\/wp\/v2\/posts\/589797","targetHints":{"allow":["GET"]}}],"collection":[{"href":"https:\/\/www.europesays.com\/es\/wp-json\/wp\/v2\/posts"}],"about":[{"href":"https:\/\/www.europesays.com\/es\/wp-json\/wp\/v2\/types\/post"}],"author":[{"embeddable":true,"href":"https:\/\/www.europesays.com\/es\/wp-json\/wp\/v2\/users\/2"}],"replies":[{"embeddable":true,"href":"https:\/\/www.europesays.com\/es\/wp-json\/wp\/v2\/comments?post=589797"}],"version-history":[{"count":0,"href":"https:\/\/www.europesays.com\/es\/wp-json\/wp\/v2\/posts\/589797\/revisions"}],"wp:featuredmedia":[{"embeddable":true,"href":"https:\/\/www.europesays.com\/es\/wp-json\/wp\/v2\/media\/589798"}],"wp:attachment":[{"href":"https:\/\/www.europesays.com\/es\/wp-json\/wp\/v2\/media?parent=589797"}],"wp:term":[{"taxonomy":"category","embeddable":true,"href":"https:\/\/www.europesays.com\/es\/wp-json\/wp\/v2\/categories?post=589797"},{"taxonomy":"post_tag","embeddable":true,"href":"https:\/\/www.europesays.com\/es\/wp-json\/wp\/v2\/tags?post=589797"}],"curies":[{"name":"wp","href":"https:\/\/api.w.org\/{rel}","templated":true}]}}