{"id":589907,"date":"2026-06-05T13:53:15","date_gmt":"2026-06-05T13:53:15","guid":{"rendered":"https:\/\/www.europesays.com\/es\/589907\/"},"modified":"2026-06-05T13:53:15","modified_gmt":"2026-06-05T13:53:15","slug":"exploran-un-farmaco-experimental-en-modelos-de-cancer-de-pulmon-con-metastasis-cerebrales","status":"publish","type":"post","link":"https:\/\/www.europesays.com\/es\/589907\/","title":{"rendered":"Exploran un f\u00e1rmaco experimental en modelos de c\u00e1ncer de pulm\u00f3n con met\u00e1stasis cerebrales"},"content":{"rendered":"<p class=\"mostrar_fragmento\">Cient\u00edficos de diversos centros de EE. UU. han demostrado el potencial de BLU-451, un compuesto activo frente a mutaciones infrecuentes del EGFR, en ratones portadores de injertos tumorales procedentes de pacientes con c\u00e1ncer de pulm\u00f3n. La dosificaci\u00f3n oral diaria indujo regresi\u00f3n en todos los animales, completa en el 60% de &#8230;            &#13;\n        <\/p>\n<p> &#13;<br \/>\n&#13;<br \/>\n&#13;<\/p>\n<p>Cient\u00edficos de diversos centros de EE. UU. han demostrado el potencial de <strong>BLU-451<\/strong>, un compuesto activo frente a <strong>mutaciones infrecuentes del EGFR<\/strong>, en ratones portadores de injertos tumorales procedentes de pacientes con c\u00e1ncer de pulm\u00f3n. La dosificaci\u00f3n oral diaria indujo regresi\u00f3n en todos los animales, <strong>completa en el 60% de los casos<\/strong>. Aunque la terapia con osimertinib o afatinib indujo niveles de regresi\u00f3n comparables, la duraci\u00f3n de la respuesta con BLU-451 fue mayor. De forma destacada, el grado de exposici\u00f3n total del cerebro tras una \u00fanica dosificaci\u00f3n fue similar al del plasma, lo que indica una penetraci\u00f3n efectiva a trav\u00e9s de la barrera hematoencef\u00e1lica. En consonancia con esta capacidad, la terapia redujo hasta en un 80% la carga tumoral cerebral.<\/p>\n<p>Esta eficacia se mantuvo en un modelo adicional con inoculaci\u00f3n intracarot\u00eddea de las c\u00e9lulas tumorales, situaci\u00f3n que mimetiza la diseminaci\u00f3n natural del c\u00e1ncer. El f\u00e1rmaco fue bien tolerado, con variaciones del peso corporal de los animales inferiores al 10%. <strong>Yves A. Millet<\/strong>, investigador de Blueprint Medicines y director del <a href=\"https:\/\/pubmed.ncbi.nlm.nih.gov\/42126003\/\" rel=\"nofollow noopener\" target=\"_blank\">estudio<\/a>, afirma que, en cultivos celulares, BLU-451 exhibi\u00f3 una potente actividad antiproliferativa frente a una amplia gama de c\u00e9lulas con variantes mutadas del EGFR, incluidas tanto inserciones en el ex\u00f3n 20 como mutaciones at\u00edpicas, sin afectar a la funci\u00f3n del EGFR normal.<\/p>\n<p>El cient\u00edfico prosigue indicando que las mutaciones infrecuentes del EGFR representan un desaf\u00edo para la terapia dirigida, ya que <strong>hasta el 25% de estos pacientes desarrollan met\u00e1stasis cerebrales<\/strong>. Las opciones terap\u00e9uticas actuales frente a estas lesiones son limitadas debido a la baja penetraci\u00f3n cerebral de los f\u00e1rmacos y a su toxicidad. Existe, por tanto, la necesidad de nuevos inhibidores que logren un control eficaz de la enfermedad sist\u00e9mica y cerebral, con un buen perfil de tolerabilidad, concluye el investigador.<\/p>\n<p> &#13;<br \/>\n&#13;<\/p>\n<p>&#13;<br \/>\n            SEGUIR LEYENDO&#13;\n        <\/p>\n","protected":false},"excerpt":{"rendered":"Cient\u00edficos de diversos centros de EE. UU. han demostrado el potencial de BLU-451, un compuesto activo frente a&hellip;\n","protected":false},"author":2,"featured_media":589908,"comment_status":"","ping_status":"","sticky":false,"template":"","format":"standard","meta":{"footnotes":""},"categories":[92],"tags":[1066,25517,10885,8112,33688,25,24,3381,78080,3380,21090,165,3390,10415,9785,3383,83749,3256,32821,31937,166,94574,23,1064,20957,11027,1852],"class_list":["post-589907","post","type-post","status-publish","format-standard","has-post-thumbnail","category-salud","tag-cancer","tag-cerebral","tag-cerebrales","tag-crecimiento","tag-diversos","tag-es","tag-espana","tag-experimental","tag-exploran","tag-farmaco","tag-grados","tag-health","tag-in","tag-induce","tag-metastasis","tag-modelos","tag-primario","tag-pulmon","tag-reducciones","tag-regresion","tag-salud","tag-significativas","tag-spain","tag-tratamiento","tag-tumor","tag-tumoral","tag-vivo"],"share_on_mastodon":{"url":"https:\/\/pubeurope.com\/@es\/116697838999604980","error":""},"_links":{"self":[{"href":"https:\/\/www.europesays.com\/es\/wp-json\/wp\/v2\/posts\/589907","targetHints":{"allow":["GET"]}}],"collection":[{"href":"https:\/\/www.europesays.com\/es\/wp-json\/wp\/v2\/posts"}],"about":[{"href":"https:\/\/www.europesays.com\/es\/wp-json\/wp\/v2\/types\/post"}],"author":[{"embeddable":true,"href":"https:\/\/www.europesays.com\/es\/wp-json\/wp\/v2\/users\/2"}],"replies":[{"embeddable":true,"href":"https:\/\/www.europesays.com\/es\/wp-json\/wp\/v2\/comments?post=589907"}],"version-history":[{"count":0,"href":"https:\/\/www.europesays.com\/es\/wp-json\/wp\/v2\/posts\/589907\/revisions"}],"wp:featuredmedia":[{"embeddable":true,"href":"https:\/\/www.europesays.com\/es\/wp-json\/wp\/v2\/media\/589908"}],"wp:attachment":[{"href":"https:\/\/www.europesays.com\/es\/wp-json\/wp\/v2\/media?parent=589907"}],"wp:term":[{"taxonomy":"category","embeddable":true,"href":"https:\/\/www.europesays.com\/es\/wp-json\/wp\/v2\/categories?post=589907"},{"taxonomy":"post_tag","embeddable":true,"href":"https:\/\/www.europesays.com\/es\/wp-json\/wp\/v2\/tags?post=589907"}],"curies":[{"name":"wp","href":"https:\/\/api.w.org\/{rel}","templated":true}]}}