{"id":590015,"date":"2026-06-05T15:12:21","date_gmt":"2026-06-05T15:12:21","guid":{"rendered":"https:\/\/www.europesays.com\/es\/590015\/"},"modified":"2026-06-05T15:12:21","modified_gmt":"2026-06-05T15:12:21","slug":"la-guardia-civil-apunta-a-una-colision-por-alcance-como-principal-hipotesis-del-accidente-mortal-de-la-variante-de-aviles","status":"publish","type":"post","link":"https:\/\/www.europesays.com\/es\/590015\/","title":{"rendered":"La Guardia Civil apunta a una colisi\u00f3n por alcance como principal hip\u00f3tesis del accidente mortal de la variante de Avil\u00e9s"},"content":{"rendered":"<p class=\"ft-text ft-helper-closenews\">La investigaci\u00f3n del<a class=\"ft-link ft-link--decoration\" href=\"https:\/\/www.lne.es\/aviles\/2026\/06\/04\/tragedia-variante-aviles-fallecido-heridos-131033557.html\" rel=\"nofollow noopener\" target=\"_blank\"><strong> accidente mortal de la variante de Avil\u00e9s<\/strong><\/a><strong> <\/strong>empieza a perfilar una primera explicaci\u00f3n. <strong>Fuentes de la Guardia Civil<\/strong> consultadas por este peri\u00f3dico se\u00f1alaron este viernes que la <strong>principal hip\u00f3tesis<\/strong> con la que trabajan los agentes apunta a una <strong>colisi\u00f3n por alcance<\/strong>. Es decir, que los dos veh\u00edculos implicados circular\u00edan en el <strong>mismo sentido<\/strong> cuando se produjo el impacto. Los primeros an\u00e1lisis realizados sobre el terreno y la <strong>posici\u00f3n final de los turismos<\/strong> descartar\u00edan, en principio, que se tratase de un <strong>choque frontal<\/strong>, una posibilidad que cobr\u00f3 fuerza en los instantes posteriores al siniestro debido a la espectacularidad de la colisi\u00f3n.<\/p>\n<p class=\"ft-text\">Esa hip\u00f3tesis inicial estuvo motivada por la <strong>violencia del impacto<\/strong> y por el estado en el que quedaron ambos veh\u00edculos tras el accidente. Sin embargo, los <strong>indicios recabados hasta ahora<\/strong> por los investigadores apuntan a una mec\u00e1nica distinta, pendiente todav\u00eda de concretar en el <strong>atestado definitivo<\/strong>. Los especialistas del <strong>Subsector de Tr\u00e1fico de la Guardia Civil<\/strong> contin\u00faan analizando las <strong>huellas dejadas sobre la calzada<\/strong>, la deformaci\u00f3n de los veh\u00edculos y las declaraciones de posibles testigos para reconstruir con exactitud la secuencia de los hechos.<\/p>\n<p class=\"ft-text\">La investigaci\u00f3n permanece <strong>abierta<\/strong> y, por el momento, no se ha cerrado ninguna l\u00ednea de trabajo de forma definitiva. Los agentes insisten en que ser\u00e1 el <strong>informe t\u00e9cnico final<\/strong> el que determine las circunstancias exactas del accidente. La prioridad pasa ahora por esclarecer qu\u00e9 origin\u00f3 la <strong>colisi\u00f3n<\/strong>, c\u00f3mo se produjo el impacto y si concurri\u00f3 alg\u00fan otro factor que pudiera haber influido en el desenlace de la tragedia.<\/p>\n<p class=\"ft-text\">La muerte de <strong>Adri\u00e1n A. F.<\/strong>, de <strong>32 a\u00f1os<\/strong> y natural de <strong>Avil\u00e9s<\/strong>, ha causado una profunda conmoci\u00f3n entre familiares, amigos y conocidos. El joven perdi\u00f3 la vida en el acto debido a la gravedad de las lesiones sufridas. Hasta el lugar del siniestro se desplazaron efectivos de <strong>Bomberos<\/strong>, <strong>servicios sanitarios de emergencia<\/strong> y de la <strong>Guardia Civil<\/strong>, que nada pudieron hacer por salvar su vida y \u00fanicamente pudieron certificar el fallecimiento.<\/p>\n<p class=\"ft-text\">Mientras tanto, el <strong>padre y el hijo<\/strong>, de <strong>45 y 11 a\u00f1os<\/strong>, que viajaban en el <strong>Volkswagen Tiguan<\/strong> permanecen recuper\u00e1ndose de las heridas sufridas. Ambos fueron trasladados al <strong>Hospital Universitario San Agust\u00edn<\/strong> para una valoraci\u00f3n m\u00e1s exhaustiva, aunque las primeras exploraciones m\u00e9dicas apuntaban a <strong>lesiones de car\u00e1cter leve<\/strong>. La <strong>Guardia Civil<\/strong> mantiene abierta la investigaci\u00f3n a la espera de completar todos los informes t\u00e9cnicos que permitan reconstruir con precisi\u00f3n uno de los <strong>accidentes m\u00e1s graves registrados este a\u00f1o<\/strong> en la variante de Avil\u00e9s.<\/p>\n<p data-close=\"closedContent\" class=\"subscribeHideForDisplay\">Suscr\u00edbete para seguir leyendo<\/p>\n","protected":false},"excerpt":{"rendered":"La investigaci\u00f3n del accidente mortal de la variante de Avil\u00e9s empieza a perfilar una primera explicaci\u00f3n. Fuentes de&hellip;\n","protected":false},"author":2,"featured_media":590016,"comment_status":"","ping_status":"","sticky":false,"template":"","format":"standard","meta":{"footnotes":""},"categories":[5],"tags":[30213,384,13849,17,18,2804,20156,25,24,13,14,2803,1160,11,19,20,9,10,15,16,23,12,21,22,111556,10152,432],"class_list":["post-590015","post","type-post","status-publish","format-standard","has-post-thumbnail","category-titulares","tag-alcance","tag-apunta","tag-aviles","tag-breaking-news","tag-breakingnews","tag-civil","tag-colision","tag-es","tag-espana","tag-featured-news","tag-featurednews","tag-guardia","tag-guardia-civil","tag-headlines","tag-latest-news","tag-latestnews","tag-news","tag-noticias","tag-noticias-destacadas","tag-noticiasdestacadas","tag-spain","tag-titulares","tag-ultimas-noticias","tag-ultimasnoticias","tag-variante-de-aviles","tag-vehiculos","tag-violencia"],"share_on_mastodon":{"url":"https:\/\/pubeurope.com\/@es\/116698149425424945","error":""},"_links":{"self":[{"href":"https:\/\/www.europesays.com\/es\/wp-json\/wp\/v2\/posts\/590015","targetHints":{"allow":["GET"]}}],"collection":[{"href":"https:\/\/www.europesays.com\/es\/wp-json\/wp\/v2\/posts"}],"about":[{"href":"https:\/\/www.europesays.com\/es\/wp-json\/wp\/v2\/types\/post"}],"author":[{"embeddable":true,"href":"https:\/\/www.europesays.com\/es\/wp-json\/wp\/v2\/users\/2"}],"replies":[{"embeddable":true,"href":"https:\/\/www.europesays.com\/es\/wp-json\/wp\/v2\/comments?post=590015"}],"version-history":[{"count":0,"href":"https:\/\/www.europesays.com\/es\/wp-json\/wp\/v2\/posts\/590015\/revisions"}],"wp:featuredmedia":[{"embeddable":true,"href":"https:\/\/www.europesays.com\/es\/wp-json\/wp\/v2\/media\/590016"}],"wp:attachment":[{"href":"https:\/\/www.europesays.com\/es\/wp-json\/wp\/v2\/media?parent=590015"}],"wp:term":[{"taxonomy":"category","embeddable":true,"href":"https:\/\/www.europesays.com\/es\/wp-json\/wp\/v2\/categories?post=590015"},{"taxonomy":"post_tag","embeddable":true,"href":"https:\/\/www.europesays.com\/es\/wp-json\/wp\/v2\/tags?post=590015"}],"curies":[{"name":"wp","href":"https:\/\/api.w.org\/{rel}","templated":true}]}}