{"id":590080,"date":"2026-06-05T15:58:56","date_gmt":"2026-06-05T15:58:56","guid":{"rendered":"https:\/\/www.europesays.com\/es\/590080\/"},"modified":"2026-06-05T15:58:56","modified_gmt":"2026-06-05T15:58:56","slug":"visita-del-papa-leon-xiv-a-madrid-en-directo-cuando-llega-cortes-de-trafico-agenda-horarios-y-ultimas-noticias-de-la-llegada-a-espana","status":"publish","type":"post","link":"https:\/\/www.europesays.com\/es\/590080\/","title":{"rendered":"Visita del Papa Le\u00f3n XIV a Madrid, en directo: cu\u00e1ndo llega, cortes de tr\u00e1fico, agenda, horarios y \u00faltimas noticias de la llegada a Espa\u00f1a"},"content":{"rendered":"<p>As\u00ed ser\u00e1 el encuentro de Le\u00f3n XIV con el mundo de la cultura y el deporte<\/p>\n<p class=\"v-d-p\">Durante su visita, el domingo 7, el Santo Padre acudir\u00e1 al Movistar Arena en un evento que reunir\u00e1 a algunas de las personalidades m\u00e1s destacadas del mundo de la cultura y el deporte de nuestro pa\u00eds. Primero, el Cardenal Cobo dir\u00e1 unas palabras en el escenario del recinto, para pasar despu\u00e9s a un testimonio del actor Antonio Banderas y del vicerrector de la Universidad Complutense, Jos\u00e9 Mar\u00eda Coello de Portugal.<\/p>\n<p class=\"v-d-p\">Durante el evento tendr\u00e1 lugar una actuaci\u00f3n de la bailaora Sara Baras. Tambi\u00e9n estar\u00e1n en la cita Antonio Garamendi, presidente de la CEOE, y representantes de los sindicatos CCOO, UGT y CEPYME.<\/p>\n<p class=\"v-d-p\">El encuentro continuar\u00e1 con testimonios deportivos de Carolina Mar\u00edn, Rafael Nadal o Teresa Perales y finalizar\u00e1 con un discurso del Santo Padre, una actuaci\u00f3n musical, una bendici\u00f3n y un canto final.<\/p>\n","protected":false},"excerpt":{"rendered":"As\u00ed ser\u00e1 el encuentro de Le\u00f3n XIV con el mundo de la cultura y el deporte Durante su&hellip;\n","protected":false},"author":2,"featured_media":590081,"comment_status":"","ping_status":"","sticky":false,"template":"","format":"standard","meta":{"footnotes":""},"categories":[8],"tags":[7309,4071,17,18,2125,25,24,13,14,11,19,20,4108,205,9,10,15,16,12629,1786,23,12,4067,21,22,938,37869],"class_list":["post-590080","post","type-post","status-publish","format-standard","has-post-thumbnail","category-espana","tag-actos","tag-agenda","tag-breaking-news","tag-breakingnews","tag-directo","tag-es","tag-espana","tag-featured-news","tag-featurednews","tag-headlines","tag-latest-news","tag-latestnews","tag-leon","tag-madrid","tag-news","tag-noticias","tag-noticias-destacadas","tag-noticiasdestacadas","tag-papa","tag-recorrido","tag-spain","tag-titulares","tag-ultimas","tag-ultimas-noticias","tag-ultimasnoticias","tag-visita","tag-xiv"],"share_on_mastodon":{"url":"https:\/\/pubeurope.com\/@es\/116698334550070490","error":""},"_links":{"self":[{"href":"https:\/\/www.europesays.com\/es\/wp-json\/wp\/v2\/posts\/590080","targetHints":{"allow":["GET"]}}],"collection":[{"href":"https:\/\/www.europesays.com\/es\/wp-json\/wp\/v2\/posts"}],"about":[{"href":"https:\/\/www.europesays.com\/es\/wp-json\/wp\/v2\/types\/post"}],"author":[{"embeddable":true,"href":"https:\/\/www.europesays.com\/es\/wp-json\/wp\/v2\/users\/2"}],"replies":[{"embeddable":true,"href":"https:\/\/www.europesays.com\/es\/wp-json\/wp\/v2\/comments?post=590080"}],"version-history":[{"count":0,"href":"https:\/\/www.europesays.com\/es\/wp-json\/wp\/v2\/posts\/590080\/revisions"}],"wp:featuredmedia":[{"embeddable":true,"href":"https:\/\/www.europesays.com\/es\/wp-json\/wp\/v2\/media\/590081"}],"wp:attachment":[{"href":"https:\/\/www.europesays.com\/es\/wp-json\/wp\/v2\/media?parent=590080"}],"wp:term":[{"taxonomy":"category","embeddable":true,"href":"https:\/\/www.europesays.com\/es\/wp-json\/wp\/v2\/categories?post=590080"},{"taxonomy":"post_tag","embeddable":true,"href":"https:\/\/www.europesays.com\/es\/wp-json\/wp\/v2\/tags?post=590080"}],"curies":[{"name":"wp","href":"https:\/\/api.w.org\/{rel}","templated":true}]}}