{"id":590138,"date":"2026-06-05T16:39:17","date_gmt":"2026-06-05T16:39:17","guid":{"rendered":"https:\/\/www.europesays.com\/es\/590138\/"},"modified":"2026-06-05T16:39:17","modified_gmt":"2026-06-05T16:39:17","slug":"la-operacion-julian-alvarez-con-el-barca-esta-absolutamente-estancada-y-el-atleti-ya-planifica-la-proxima-temporada-con-el-futbol","status":"publish","type":"post","link":"https:\/\/www.europesays.com\/es\/590138\/","title":{"rendered":"La &#8216;operaci\u00f3n Juli\u00e1n Alvarez&#8217; con el Bar\u00e7a est\u00e1 \u00ababsolutamente estancada\u00bb y el Atleti ya planifica la pr\u00f3xima temporada con \u00e9l | F\u00fatbol"},"content":{"rendered":"<p>Lo de Juli\u00e1n Alvarez es el culebr\u00f3n del inicio del verano. El Bar\u00e7a quiere ficharle, mientras que el argentino, pese a haber dicho entre bambalinas que le gustar\u00eda vestir la camiseta azulgrana, no parece que \u2014<a href=\"https:\/\/cadenaser.com\/nacional\/2026\/06\/01\/el-caracter-tranquilo-de-julian-alvarez-juega-en-contra-del-barca-cadena-ser\/\" target=\"_blank\" rel=\"noreferrer nofollow noopener\" title=\"https:\/\/cadenaser.com\/nacional\/2026\/06\/01\/el-caracter-tranquilo-de-julian-alvarez-juega-en-contra-del-barca-cadena-ser\/\">por su car\u00e1cter tranquilo<\/a>\u2014 vaya a forzar una salida del Atl\u00e9tico de Madrid. Veremos c\u00f3mo termina la pel\u00edcula y c\u00f3mo avanzan los meses, pero a d\u00eda de hoy, seg\u00fan apunta Pedro Fullana en SER Deportivos, la situaci\u00f3n est\u00e1 \u00ababsolutamente estancada\u00bb.<\/p>\n<p>La posici\u00f3n de cada equipo est\u00e1 muy marcada. De hecho, el Atl\u00e9tico de Madrid conf\u00eda tanto en que su estrella siga en el proyecto rojiblanco la pr\u00f3xima temporada que ya planifica el futuro y la confecci\u00f3n de la pr\u00f3xima plantilla, con Juli\u00e1n como delantero del equipo.<\/p>\n<p><a href=\"https:\/\/cadenaser.com\/nacional\/2026\/06\/01\/el-atletico-de-madrid-no-da-su-brazo-a-torcer-con-julian-alvarez-no-valora-ninguna-oferta-del-barca-y-no-aceptara-ni-100-millones-cadena-ser\/\" target=\"_blank\" rel=\"noreferrer nofollow noopener\" title=\"https:\/\/cadenaser.com\/nacional\/2026\/06\/01\/el-atletico-de-madrid-no-da-su-brazo-a-torcer-con-julian-alvarez-no-valora-ninguna-oferta-del-barca-y-no-aceptara-ni-100-millones-cadena-ser\/\">Gil Mar\u00edn no quiere vender a la Ara\u00f1a al F\u00fatbol Club Barcelona<\/a>, mientras que desde Catalu\u00f1a siguen forzando la maquinaria. No es f\u00e1cil, seg\u00fan dicen los intermediarios a la Cadena SER, dada la situaci\u00f3n tras los incendiarios <a href=\"https:\/\/cadenaser.com\/nacional\/2026\/05\/29\/el-atletico-contraataca-al-interes-del-barca-en-julian-alvarez-con-ofertas-a-lamine-pedri-y-raphinha-no-creas-todo-lo-que-ves-cadena-ser\/\" target=\"_blank\" rel=\"noreferrer nofollow noopener\" title=\"https:\/\/cadenaser.com\/nacional\/2026\/05\/29\/el-atletico-contraataca-al-interes-del-barca-en-julian-alvarez-con-ofertas-a-lamine-pedri-y-raphinha-no-creas-todo-lo-que-ves-cadena-ser\/\">mensajes en redes sociales por parte del Atl\u00e9tico<\/a> donde acusaba al Bar\u00e7a de mentir.<\/p>\n<p>Tal y como asegura Fullana, la \u00fanica opci\u00f3n real que hay encima de la mesa ahora mismo es la del Arsenal, pero no la contempla el futbolista. Juli\u00e1n no quiere ir a Londres. Por tanto, \u00e9l tiene claro que prefiere jugar en el Bar\u00e7a si tiene que salir del Atl\u00e9tico de Madrid, aunque, como no va a forzar para salir, ya no solo el club colchonero planifica el futuro con Juli\u00e1n, sino que intermediarios importantes en la operaci\u00f3n dicen que la situaci\u00f3n es muy complicada y que a d\u00eda de hoy lo m\u00e1s seguro es que el argentino se quede donde est\u00e1 la pr\u00f3xima temporada.<\/p>\n<p>    <img decoding=\"async\" src=\"https:\/\/www.europesays.com\/es\/wp-content\/uploads\/2026\/06\/1780677557_742_app-ser-3.png\" alt=\"Nueva APP de Cadena SER\" loading=\"lazy\" width=\"109\" height=\"82\"\/><\/p>\n<p>Descubre la nueva app de Cadena\u00a0SER<br \/>\n        Te ofrecemos una mejor experiencia de audio y video\n    <\/p>\n<p>    <a href=\"https:\/\/trackingcodes.prisamedia.com\/ser.html?utm_campaign=app-include-articulo&amp;utm_source=web\" class=\"p-a-fa-b\" rel=\"nofollow noopener\" target=\"_blank\">Descargar<\/a><\/p>\n<p>M\u00e1s informaci\u00f3n<\/p>\n<p>Para esa planificaci\u00f3n, el Atl\u00e9tico tiene varios frentes abiertos. Cucurella es la opci\u00f3n n\u00famero uno para el lateral izquierdo, pero tambi\u00e9n es la m\u00e1s complicada por el montante econ\u00f3mico. De hecho, si el jugador del Chelsea acaba firmando por el equipo madrile\u00f1o, la gran parte de la inversi\u00f3n de este verano se ir\u00eda en ese fichaje. Mientras tanto, la directiva rojiblanca tambi\u00e9n piensa en el centro del campo, donde est\u00e1n a la espera de ver qu\u00e9 pasa con Bernardo Silva. Seg\u00fan detalla Pedro Fullana en los micr\u00f3fonos de la SER, desde el Metropolitano son optimistas con que se pueda hacer la operaci\u00f3n, por mucho que saben que el portugu\u00e9s est\u00e1 esperando \u2014tambi\u00e9n\u2014 al Barcelona. <\/p>\n<p>Posteriormente, desde la entidad atl\u00e9tica, intentar reforzar al equipo, a poder ser, con otro centrocampista. Joao Gomes, del Wolverhampton Wanderers, es uno de los nombres que suenan, pero la operaci\u00f3n est\u00e1 parada desde hace un mes a la espera de que haya posibles salidas en el mercado como es el caso de Almada, el de Sorloth o alguno con el que se pueda hacer caja para reinvertir en otras posiciones.<\/p>\n","protected":false},"excerpt":{"rendered":"Lo de Juli\u00e1n Alvarez es el culebr\u00f3n del inicio del verano. El Bar\u00e7a quiere ficharle, mientras que el&hellip;\n","protected":false},"author":2,"featured_media":590139,"comment_status":"","ping_status":"","sticky":false,"template":"","format":"standard","meta":{"footnotes":""},"categories":[93],"tags":[3409,76840,1204,17309,168,25,24,280,525,90438,20112,22784,31678,93684,1212,1215,73124,20115,20116,54973,86296,23,16709,167,62774,1222],"class_list":["post-590138","post","type-post","status-publish","format-standard","has-post-thumbnail","category-deportes","tag-atletico-de-madrid","tag-centre-forward","tag-club-football","tag-date","tag-deportes","tag-es","tag-espana","tag-football","tag-game","tag-international-player","tag-jose-breton","tag-julian-alvarez","tag-location","tag-march-14","tag-match","tag-nurphoto","tag-photographer","tag-pics-action","tag-player","tag-professional-player","tag-riyadh-air-metropolitano","tag-spain","tag-spanish-league","tag-sports","tag-striker","tag-team"],"share_on_mastodon":{"url":"https:\/\/pubeurope.com\/@es\/116698491869582744","error":""},"_links":{"self":[{"href":"https:\/\/www.europesays.com\/es\/wp-json\/wp\/v2\/posts\/590138","targetHints":{"allow":["GET"]}}],"collection":[{"href":"https:\/\/www.europesays.com\/es\/wp-json\/wp\/v2\/posts"}],"about":[{"href":"https:\/\/www.europesays.com\/es\/wp-json\/wp\/v2\/types\/post"}],"author":[{"embeddable":true,"href":"https:\/\/www.europesays.com\/es\/wp-json\/wp\/v2\/users\/2"}],"replies":[{"embeddable":true,"href":"https:\/\/www.europesays.com\/es\/wp-json\/wp\/v2\/comments?post=590138"}],"version-history":[{"count":0,"href":"https:\/\/www.europesays.com\/es\/wp-json\/wp\/v2\/posts\/590138\/revisions"}],"wp:featuredmedia":[{"embeddable":true,"href":"https:\/\/www.europesays.com\/es\/wp-json\/wp\/v2\/media\/590139"}],"wp:attachment":[{"href":"https:\/\/www.europesays.com\/es\/wp-json\/wp\/v2\/media?parent=590138"}],"wp:term":[{"taxonomy":"category","embeddable":true,"href":"https:\/\/www.europesays.com\/es\/wp-json\/wp\/v2\/categories?post=590138"},{"taxonomy":"post_tag","embeddable":true,"href":"https:\/\/www.europesays.com\/es\/wp-json\/wp\/v2\/tags?post=590138"}],"curies":[{"name":"wp","href":"https:\/\/api.w.org\/{rel}","templated":true}]}}