{"id":590158,"date":"2026-06-05T16:55:16","date_gmt":"2026-06-05T16:55:16","guid":{"rendered":"https:\/\/www.europesays.com\/es\/590158\/"},"modified":"2026-06-05T16:55:16","modified_gmt":"2026-06-05T16:55:16","slug":"el-imperio-oculto-de-manuel-neuer-las-inversiones-que-le-hacen-ganar-millones-fuera-del-futbol","status":"publish","type":"post","link":"https:\/\/www.europesays.com\/es\/590158\/","title":{"rendered":"El imperio oculto de Manuel Neuer: las inversiones que le hacen ganar millones fuera del f\u00fatbol"},"content":{"rendered":"<p class=\"ft-text\"><strong>Manuel Neuer<\/strong> afronta este mes su quinto<strong> <\/strong><a class=\"ft-link ft-link--decoration\" href=\"https:\/\/www.sport.es\/es\/noticias\/mundial-futbol\/jugadores-seleccion-noruega-posan-vikingos-131054872\" rel=\"nofollow noopener\" target=\"_blank\"><strong>Mundial de f\u00fatbol<\/strong><\/a><a class=\"ft-link ft-link--decoration\" href=\"https:\/\/www.sport.es\/es\/noticias\/mundial-futbol\/jugadores-seleccion-noruega-posan-vikingos-131054872\" rel=\"nofollow noopener\" target=\"_blank\"> en Estados Unidos, M\u00e9xico y Canad\u00e1 2026<\/a>. A sus 40 a\u00f1os, el portero y capit\u00e1n del <a class=\"ft-link ft-link--decoration\" href=\"https:\/\/www.sport.es\/es\/noticias\/futbol-internacional\/bundesliga\/bayern-encuentra-alternativa-quedarse-gordon-130916142\" rel=\"nofollow noopener\" target=\"_blank\">Bayern de M\u00fanich<\/a> regresa de forma inesperada a la selecci\u00f3n alemana tras una gran temporada con su equipo. Pero, m\u00e1s all\u00e1 de su carrera deportiva, la revista alemana &#8216;Manager Magazin&#8217; desvel\u00f3 esta semana su <strong>faceta m\u00e1s empresarial, con un perfil como inversor y hombre de negocios<\/strong>.<\/p>\n<p class=\"ft-text\">Su sociedad, <strong>MN Business GmbH<\/strong>, est\u00e1 ubicada en <strong>Gelsenkirchen<\/strong>, en el oeste de Alemania y ciudad natal del portero. Durante la pandemia, <strong>Neuer ya hab\u00eda apostado por Vaha<\/strong>, una <strong>startup con sede en Berl\u00edn que ofrec\u00eda cursos digitales y bajo demanda<\/strong>, con entrenador personal, para mejorar o mantener la forma f\u00edsica.<\/p>\n<p class=\"ft-text\">De acuerdo con estimaciones difundidas por medios alemanes,<strong> el valor de esa compa\u00f1\u00eda lleg\u00f3 en 2022 a los 150 millones de euros<\/strong>.<\/p>\n<p class=\"ft-text\">El inter\u00e9s de Neuer por el sector digital tambi\u00e9n se refleja en su <strong>participaci\u00f3n en Votebase<\/strong>, una empresa emergente dedicada al<strong> desarrollo de herramientas para digitalizar procesos electorales de forma segura<\/strong>. Seg\u00fan la revista &#8216;Der Spiegel&#8217;, el internacional alem\u00e1n posee actualmente <strong>dos tercios de esa compa\u00f1\u00eda<\/strong>.<\/p>\n<p class=\"ft-text\">El portero tambi\u00e9n ha dirigido<strong> parte de sus inversiones al \u00e1mbito de los productos de limpieza<\/strong>. En la actualidad forma parte del <strong>Consejo de Supervisi\u00f3n de Deutsche Reiningungwerke<\/strong>, una sociedad por acciones en la que tambi\u00e9n ha invertido <strong>Jens Lehmann<\/strong>, su antecesor en la porter\u00eda de la selecci\u00f3n alemana.<\/p>\n<p class=\"ft-text\">Adem\u00e1s, <strong>Neuer es accionista mayoritario de la empresa cafetera Alrighty<\/strong> y controla<strong> dos tercios de Rad Race GmbH<\/strong>, una compa\u00f1\u00eda dedicada a la<strong> organizaci\u00f3n de competiciones ciclistas y que tambi\u00e9n cuenta con tiendas de bicicletas.<\/strong><\/p>\n<p class=\"ft-text\"><strong>No todas sus apuestas empresariales, sin embargo, han dado resultados positivos de inmediato. Deutsche Kosmetikwerke AG<\/strong>, una firma de cosm\u00e9ticos que fund\u00f3 junto a la extenista Angelique Kerber,<strong> registr\u00f3 p\u00e9rdidas de 3 millones de euros<\/strong> en 2024. El hecho de que Neuer no actuara \u00fanicamente como inversor, sino tambi\u00e9n como imagen publicitaria de la empresa, provoc\u00f3 cr\u00edticas entre otros accionistas, que vieron en ese doble papel un <strong>posible conflicto de intereses<\/strong> que pod\u00eda complicar el control del gasto.<\/p>\n<p>Su patrimonio total<\/p>\n<p class=\"ft-text\">Neuer fich\u00f3 por el Bayern de M\u00fanich en 2011 procedente del Schalke, que ingres\u00f3 20 millones de euros por su traspaso. En el club de Gelsenkirchen, seg\u00fan cifras no oficiales, el guardameta cobraba 1,2 millones de euros al a\u00f1o. <strong>Actualmente se estima que su salario en el Bayern alcanza los 21 millones de euros anuales<\/strong>.<\/p>\n<p class=\"ft-text\">El <strong>patrimonio de Manuel Neuer no est\u00e1 confirmado de forma oficial<\/strong>, pero distintas estimaciones lo sit\u00faan entre los<strong> 60 millones de euros y los 100 millones de d\u00f3lares<\/strong>. Mientras medios alemanes especializados en fortunas calculan su riqueza en torno a los 60 millones de euros, portales internacionales como &#8216;Celebrity Net Worth&#8217; elevan la cifra hasta los 100 millones de d\u00f3lares.<\/p>\n","protected":false},"excerpt":{"rendered":"Manuel Neuer afronta este mes su quinto Mundial de f\u00fatbol en Estados Unidos, M\u00e9xico y Canad\u00e1 2026. A&hellip;\n","protected":false},"author":2,"featured_media":590159,"comment_status":"","ping_status":"","sticky":false,"template":"","format":"standard","meta":{"footnotes":""},"categories":[268],"tags":[30892,168,25,24,280,282,12040,4320,841,100216,100405,36375,281,23,102265,167],"class_list":["post-590158","post","type-post","status-publish","format-standard","has-post-thumbnail","category-futbol","tag-bayern-de-munich","tag-deportes","tag-es","tag-espana","tag-football","tag-futbol","tag-imperio","tag-inversiones","tag-manuel","tag-manuel-neuer","tag-neuer","tag-oculto","tag-soccer","tag-spain","tag-sport-money","tag-sports"],"share_on_mastodon":{"url":"https:\/\/pubeurope.com\/@es\/116698554613749802","error":""},"_links":{"self":[{"href":"https:\/\/www.europesays.com\/es\/wp-json\/wp\/v2\/posts\/590158","targetHints":{"allow":["GET"]}}],"collection":[{"href":"https:\/\/www.europesays.com\/es\/wp-json\/wp\/v2\/posts"}],"about":[{"href":"https:\/\/www.europesays.com\/es\/wp-json\/wp\/v2\/types\/post"}],"author":[{"embeddable":true,"href":"https:\/\/www.europesays.com\/es\/wp-json\/wp\/v2\/users\/2"}],"replies":[{"embeddable":true,"href":"https:\/\/www.europesays.com\/es\/wp-json\/wp\/v2\/comments?post=590158"}],"version-history":[{"count":0,"href":"https:\/\/www.europesays.com\/es\/wp-json\/wp\/v2\/posts\/590158\/revisions"}],"wp:featuredmedia":[{"embeddable":true,"href":"https:\/\/www.europesays.com\/es\/wp-json\/wp\/v2\/media\/590159"}],"wp:attachment":[{"href":"https:\/\/www.europesays.com\/es\/wp-json\/wp\/v2\/media?parent=590158"}],"wp:term":[{"taxonomy":"category","embeddable":true,"href":"https:\/\/www.europesays.com\/es\/wp-json\/wp\/v2\/categories?post=590158"},{"taxonomy":"post_tag","embeddable":true,"href":"https:\/\/www.europesays.com\/es\/wp-json\/wp\/v2\/tags?post=590158"}],"curies":[{"name":"wp","href":"https:\/\/api.w.org\/{rel}","templated":true}]}}