{"id":590216,"date":"2026-06-05T17:41:16","date_gmt":"2026-06-05T17:41:16","guid":{"rendered":"https:\/\/www.europesays.com\/es\/590216\/"},"modified":"2026-06-05T17:41:16","modified_gmt":"2026-06-05T17:41:16","slug":"apuntan-al-ex-de-osasuna-txuma-peralta-como-uno-de-los-compradores-del-cd-tudelano","status":"publish","type":"post","link":"https:\/\/www.europesays.com\/es\/590216\/","title":{"rendered":"Apuntan al ex de Osasuna, Txuma Peralta como uno de los compradores del CD Tudelano"},"content":{"rendered":"<p>    <img loading=\"lazy\" decoding=\"async\" src=\"https:\/\/www.europesays.com\/es\/wp-content\/uploads\/2026\/06\/3224d2c6-42dd-40e6-8a86-8af701c87fd0_16-9-discover-aspect-ratio_default_0.jpg\" alt=\"Ram\u00f3n L\u00e1zaro en la rueda de prensa de esta ma\u00f1ana en Tudela. \/ Ferm\u00edn P\u00e9rez Nievas\" width=\"1200\" height=\"675\" title=\"Ram\u00f3n L\u00e1zaro en la rueda de prensa de esta ma\u00f1ana en Tudela. \/ Ferm\u00edn P\u00e9rez Nievas\" style=\"height:auto;\"\/><\/p>\n<p class=\"article-photo__footer\">\n        Ram\u00f3n L\u00e1zaro en la rueda de prensa de esta ma\u00f1ana en Tudela.<br \/>\n                    Ferm\u00edn P\u00e9rez Nievas\n            <\/p>\n<p class=\"article-body__text article-body__text--entry article-body__text-middle\">\n        <strong>Ascender el CD Tudelano a Primera RFEF o incluso llegar a categor\u00eda profesional<\/strong> son los objetivos principales de los <strong>nuevos propietarios del club blanquinegro<\/strong> que desde ma\u00f1ana se hacen cargo de la entidad que ha presidido <a href=\"https:\/\/www.noticiasdenavarra.com\/futbol\/2026\/06\/05\/ramon-lazaro-vende-tudelano-deja-11159981.html\" title=\"el corellano Ram\u00f3n L\u00e1zaro\" class=\"link copy\" rel=\"nofollow noopener\" target=\"_blank\">el corellano Ram\u00f3n L\u00e1zaro<\/a>. Adem\u00e1s, este grupo,<strong> de capital e integrantes navarros entre los que se podr\u00eda encontrar Txuma Peralta (empresario lleg\u00f3 a Osasuna de la mano de Miguel Archanco en 2012,<\/strong> fue directivo de la Junta rojilla en la parcela deportiva y dej\u00f3 el club en junio de 2014 con la dimisi\u00f3n de Archanco),\u00ad pondr\u00e1 especial atenci\u00f3n en tratar de<strong> fomentar la cantera y tendr\u00e1 como uno de sus dirigentes en el papel de director deportivo a F\u00e9lix Burgui<\/strong>. Burgui durante dos d\u00e9cadas fue <strong>ojeador del Athletic de Bilbao en Navarra<\/strong> y que puso a los leones sobre la pista de un joven talento del Txantrea llamado Iker Muniain y vinculado en los \u00faltimos a\u00f1os en ese mismo puesto de director deportivo con la Mutilvera y la Pe\u00f1a Sport. Con respecto al Tudelano, y seg\u00fan ha podido saber DIARIO DE NOTICIAS, no han valorado todav\u00eda la vinculaci\u00f3n del club blanquinegro con el Athletic de Bilbao. El <strong>Athletic <\/strong>y el <strong>Tudelano en el a\u00f1o 2021 <\/strong>anunciaron un nuevo <strong>convenio que un\u00eda a ambas entidades hasta junio de 2027,<\/strong> ya que el anterior v\u00ednculo que les un\u00eda expiraba en junio de 2021.\n<\/p>\n<p class=\"article-body__text \">\n        Ram\u00f3n <strong>L\u00e1zaro se ha despedido esta ma\u00f1ana de la afici\u00f3n del CD Tudelano y e sus empleados<\/strong> y Junta Directiva tras reconocer que ha vendido la entidad<strong> a \u201cun grupo de capital navarro\u201d pero sin querer dar m\u00e1s pistas<\/strong>, \u201choy es el d\u00eda para mi despedida, quienes vienen los nuevos propietarios ya har\u00e1n su presentaci\u00f3n\u201d. L\u00e1zaro intento vender el club el a\u00f1o pasado pero un altercado en la notar\u00eda de Tudela, con los compradores procedentes de Valencia, acab\u00f3 con la presencia de la polic\u00eda y rumores de denuncias por amenazas que el presidente siempre neg\u00f3.<\/p>\n","protected":false},"excerpt":{"rendered":"Ram\u00f3n L\u00e1zaro en la rueda de prensa de esta ma\u00f1ana en Tudela. Ferm\u00edn P\u00e9rez Nievas Ascender el CD&hellip;\n","protected":false},"author":2,"featured_media":590217,"comment_status":"","ping_status":"","sticky":false,"template":"","format":"standard","meta":{"footnotes":""},"categories":[268],"tags":[5540,168,25,24,8196,280,282,621,38937,281,23,167,111768],"class_list":["post-590216","post","type-post","status-publish","format-standard","has-post-thumbnail","category-futbol","tag-apuntan","tag-deportes","tag-es","tag-espana","tag-ex","tag-football","tag-futbol","tag-osasuna","tag-peralta","tag-soccer","tag-spain","tag-sports","tag-txuma"],"share_on_mastodon":{"url":"https:\/\/pubeurope.com\/@es\/116698736215991503","error":""},"_links":{"self":[{"href":"https:\/\/www.europesays.com\/es\/wp-json\/wp\/v2\/posts\/590216","targetHints":{"allow":["GET"]}}],"collection":[{"href":"https:\/\/www.europesays.com\/es\/wp-json\/wp\/v2\/posts"}],"about":[{"href":"https:\/\/www.europesays.com\/es\/wp-json\/wp\/v2\/types\/post"}],"author":[{"embeddable":true,"href":"https:\/\/www.europesays.com\/es\/wp-json\/wp\/v2\/users\/2"}],"replies":[{"embeddable":true,"href":"https:\/\/www.europesays.com\/es\/wp-json\/wp\/v2\/comments?post=590216"}],"version-history":[{"count":0,"href":"https:\/\/www.europesays.com\/es\/wp-json\/wp\/v2\/posts\/590216\/revisions"}],"wp:featuredmedia":[{"embeddable":true,"href":"https:\/\/www.europesays.com\/es\/wp-json\/wp\/v2\/media\/590217"}],"wp:attachment":[{"href":"https:\/\/www.europesays.com\/es\/wp-json\/wp\/v2\/media?parent=590216"}],"wp:term":[{"taxonomy":"category","embeddable":true,"href":"https:\/\/www.europesays.com\/es\/wp-json\/wp\/v2\/categories?post=590216"},{"taxonomy":"post_tag","embeddable":true,"href":"https:\/\/www.europesays.com\/es\/wp-json\/wp\/v2\/tags?post=590216"}],"curies":[{"name":"wp","href":"https:\/\/api.w.org\/{rel}","templated":true}]}}