{"id":590250,"date":"2026-06-05T18:08:13","date_gmt":"2026-06-05T18:08:13","guid":{"rendered":"https:\/\/www.europesays.com\/es\/590250\/"},"modified":"2026-06-05T18:08:13","modified_gmt":"2026-06-05T18:08:13","slug":"nacho-abad-se-justifica-tras-su-bronca-con-pablo-fernandez-no-estoy-contra-el-gobierno-estoy-en-contra-de-la-corrupcion","status":"publish","type":"post","link":"https:\/\/www.europesays.com\/es\/590250\/","title":{"rendered":"Nacho Abad se justifica tras su bronca con Pablo Fern\u00e1ndez: \u00abNo estoy contra el Gobierno, estoy en contra de la corrupci\u00f3n\u00bb"},"content":{"rendered":"<p class=\"article-text\">\n        <strong>Ram\u00f3n Espinar<\/strong> se niega a aceptar que, como se ha dicho este viernes en el plat\u00f3 de <strong>En boca de todos<\/strong> (Cuatro), Espa\u00f1a se haya convertido en una \u201cdictadura socialista\u201d. Y se niega a aceptar esta idea porque, entre otras cosas, el Gobierno de Pedro S\u00e1nchez tiene \u201cen contra\u201d a las \u201ctelevisiones generalistas\u201d, cosa que no se produce \u201cen ninguna dictadura del globo terr\u00e1queo\u201d.\n    <\/p>\n<p>    <a href=\"https:\/\/www.eldiario.es\/vertele\/noticias\/rtve-ordena-tu-vida-nuevo-programa-ines-hernand-cadena-emision-buenas-manos_1_13278648.html\" data-mrf-recirculation=\"saber-mas\" data-dl-event=\"saber-mas\" rel=\"nofollow noopener\" target=\"_blank\"><\/p>\n<p class=\"know-more__title\">RTVE lanza la primera promo de &#8216;Ordena tu vida&#8217; con In\u00e9s Hernand y fija su cadena de emisi\u00f3n: \u00abEst\u00e1is en buenas manos\u00bb<\/p>\n<p>            <img decoding=\"async\" class=\"lazy\" loading=\"lazy\" data-src=\"https:\/\/static.eldiario.es\/clip\/1d7a3265-2aa6-4c47-8b6b-157689c2f886_16-9-aspect-ratio_default_0.jpg\" src=\"data:image\/svg+xml,%3Csvg xmlns=\" http:=\"\" viewbox=\"0 0 880 495\" alt=\"RTVE lanza la primera promo de 'Ordena tu vida' con In\u00e9s Hernand y fija su cadena de emisi\u00f3n: &quot;Est\u00e1is en buenas manos&quot;\"\/><\/p>\n<p>                        <\/a><\/p>\n<p class=\"article-text\">\n        As\u00ed lo ha expresado el analista y exdiputado de Podemos en presencia de <strong>Nacho Abad<\/strong>, quien r\u00e1pidamente le ha preguntado qu\u00e9 significa \u201ctener una televisi\u00f3n encontra\u201d. Espinar no se lo ha pensado dos veces y ha tomado como ejemplo el <a href=\"https:\/\/www.eldiario.es\/vertele\/noticias\/nacho-abad-gritos-pablo-fernandez-en-boca-de-todos-bronca-el-mundo-urreiztieta_1_13276885.html\" target=\"_blank\" data-mrf-recirculation=\"links-noticia\" class=\"link\" rel=\"nofollow noopener\">pol\u00e9mico momento<\/a> que se vivi\u00f3 en este programa durante la emisi\u00f3n del jueves, cuando el presentador exigi\u00f3 a <strong>Pablo Fern\u00e1ndez<\/strong> (actual portavoz de Podemos) que pidiera la dimisi\u00f3n de <strong>Pedro S\u00e1nchez<\/strong>.\n    <\/p>\n<p class=\"article-text\">\n        \u201cGritar a Pablo Fern\u00e1ndez que pida la dimisi\u00f3n del presidente del Gobierno es estar en contra del presidente del Gobierno. Es leg\u00edtimo, pero hay que ser honestos. T\u00fa est\u00e1s en contra del Gobierno\u201d, le ha contestado Espinar.\n    <\/p>\n<blockquote class=\"twitter-tweet\" data-lang=\"es\"><p><a href=\"https:\/\/twitter.com\/X\/status\/2062496512500789356?ref_src=twsrc%5Etfw\" rel=\"nofollow noopener\" target=\"_blank\"><\/p><\/blockquote>\n<p class=\"article-text\">\n        El periodista de Mediaset ha negado la mayor. Ha dicho que \u00e9l <strong>no est\u00e1 \u201cen contra del Gobierno\u201d sino en contra \u201cde la corrupci\u00f3n\u201d<\/strong>, e incluso se ha mostrado dispuesto a votar a <strong>Podemos <\/strong>o a <strong>Vox <\/strong>si estuviera garantizado que \u201cno van a robar ni un euro\u201d.\n    <\/p>\n<p class=\"article-text\">\n        \u201cTe prometo por Dios que si Pedro S\u00e1nchez estuviese haciendo una pol\u00edtica honesta de no meter la mano en la caja, yo estar\u00eda a favor que cualquier Gobierno, de la ideolog\u00eda que sea\u201d, ha argumentado. \u201cSi t\u00fa me garantizas que Podemos, y mira que me pueden tocar las narices las pol\u00edticas de Podemos, no van a robar un euro, prometo mi voto a Podemos. Si me garantizas que Vox no va a robar un euro, prometo mi voto a Vox\u201d, ha a\u00f1adido el presentador de En boca de todos, que dice estar<strong> \u201chasta los huevos\u201d de los \u201ccasos de corrupci\u00f3n\u201d que ha habido \u201cdurante toda la democracia\u201d<\/strong>.\n    <\/p>\n<p>    <a href=\"https:\/\/www.eldiario.es\/vertele\/series\/se-tiene-que-morir-mucha-gente-serie-victoria-martin-movistar-plus-audiencias-trascienden-movimiento-viral-anna-castillo-macarena-garcia-sofia-otero_1_13268783.html\" data-mrf-recirculation=\"saber-mas-abajo\" data-dl-event=\"saber-mas-abajo\" rel=\"nofollow noopener\" target=\"_blank\"><\/p>\n<p class=\"know-more__title\">&#8216;Se tiene que morir mucha gente&#8217;, el \u00e9xito del a\u00f1o en Movistar: las audiencias que trascienden al movimiento viral<\/p>\n<p>            <img decoding=\"async\" class=\"lazy\" loading=\"lazy\" data-src=\"https:\/\/static.eldiario.es\/clip\/9ad3b269-1cb2-4950-aa65-2a4229b061e7_16-9-aspect-ratio_default_0.jpg\" src=\"data:image\/svg+xml,%3Csvg xmlns=\" http:=\"\" viewbox=\"0 0 880 495\" alt=\"'Se tiene que morir mucha gente', el \u00e9xito del a\u00f1o en Movistar Plus: las audiencias que trascienden al movimiento viral\"\/><\/p>\n<p>                        <\/a><\/p>\n<p class=\"article-text\">\n        Sin quitarle la raz\u00f3n en este sentido, Espinar ha recordado que los periodistas y los medios de comunicaci\u00f3n no podr\u00edan expresar opiniones en contra del Gobierno si Espa\u00f1a se estuviera conviertiendo, como dec\u00eda Andrea Levy (PP), en una \u201cdictadura socialista\u201d. \u201cEso es un exceso verbal que roza la estupidez\u201d, ha criticado el polit\u00f3logo.\n    <\/p>\n<p>                                        <script async src=\"https:\/\/platform.twitter.com\/widgets.js\" charset=\"utf-8\"><\/script><\/p>\n","protected":false},"excerpt":{"rendered":"Ram\u00f3n Espinar se niega a aceptar que, como se ha dicho este viernes en el plat\u00f3 de En&hellip;\n","protected":false},"author":2,"featured_media":590251,"comment_status":"","ping_status":"","sticky":false,"template":"","format":"standard","meta":{"footnotes":""},"categories":[171],"tags":[8974,9261,767,146,147,25,24,10994,582,3192,3300,689,618,23,214],"class_list":["post-590250","post","type-post","status-publish","format-standard","has-post-thumbnail","category-tv","tag-abad","tag-bronca","tag-corrupcion","tag-entertainment","tag-entretenimiento","tag-es","tag-espana","tag-fernandez","tag-gobierno","tag-justifica","tag-nacho","tag-no","tag-pablo","tag-spain","tag-tv"],"share_on_mastodon":{"url":"https:\/\/pubeurope.com\/@es\/116698842282588033","error":""},"_links":{"self":[{"href":"https:\/\/www.europesays.com\/es\/wp-json\/wp\/v2\/posts\/590250","targetHints":{"allow":["GET"]}}],"collection":[{"href":"https:\/\/www.europesays.com\/es\/wp-json\/wp\/v2\/posts"}],"about":[{"href":"https:\/\/www.europesays.com\/es\/wp-json\/wp\/v2\/types\/post"}],"author":[{"embeddable":true,"href":"https:\/\/www.europesays.com\/es\/wp-json\/wp\/v2\/users\/2"}],"replies":[{"embeddable":true,"href":"https:\/\/www.europesays.com\/es\/wp-json\/wp\/v2\/comments?post=590250"}],"version-history":[{"count":0,"href":"https:\/\/www.europesays.com\/es\/wp-json\/wp\/v2\/posts\/590250\/revisions"}],"wp:featuredmedia":[{"embeddable":true,"href":"https:\/\/www.europesays.com\/es\/wp-json\/wp\/v2\/media\/590251"}],"wp:attachment":[{"href":"https:\/\/www.europesays.com\/es\/wp-json\/wp\/v2\/media?parent=590250"}],"wp:term":[{"taxonomy":"category","embeddable":true,"href":"https:\/\/www.europesays.com\/es\/wp-json\/wp\/v2\/categories?post=590250"},{"taxonomy":"post_tag","embeddable":true,"href":"https:\/\/www.europesays.com\/es\/wp-json\/wp\/v2\/tags?post=590250"}],"curies":[{"name":"wp","href":"https:\/\/api.w.org\/{rel}","templated":true}]}}