{"id":59026,"date":"2025-08-19T23:55:15","date_gmt":"2025-08-19T23:55:15","guid":{"rendered":"https:\/\/www.europesays.com\/es\/59026\/"},"modified":"2025-08-19T23:55:15","modified_gmt":"2025-08-19T23:55:15","slug":"el-titulo-se-va-a-jugar-en-la-cabeza-de-norris-segun-rosberg","status":"publish","type":"post","link":"https:\/\/www.europesays.com\/es\/59026\/","title":{"rendered":"\u00abEl t\u00edtulo se va a jugar en la cabeza de Norris\u00bb, seg\u00fan Rosberg"},"content":{"rendered":"<p>Al inicio de esta segunda mitad del campeonato, el escenario de una batalla fratricida por el t\u00edtulo entre los dos pilotos de McLaren se perfila con claridad. <a href=\"https:\/\/lat.motorsport.com\/driver\/oscar-piastri\/828724\/\" target=\"_blank\" rel=\"noopener nofollow\">Oscar Piastri<\/a> cuenta con nueve puntos de ventaja sobre <a href=\"https:\/\/lat.motorsport.com\/driver\/lando-norris\/468557\/\" target=\"_blank\" rel=\"noopener nofollow\">Lando Norris<\/a> en la clasificaci\u00f3n, mientras que <a href=\"https:\/\/lat.motorsport.com\/driver\/max-verstappen\/465982\/\" target=\"_blank\" rel=\"noopener nofollow\">Max Verstappen<\/a> se encuentra cada vez m\u00e1s distanciado.<\/p>\n<p>Hasta ahora, el equipo de Woking ha gestionado perfectamente una rivalidad que se mantiene sana entre el australiano y el brit\u00e1nico, incluso cuando este \u00faltimo cometi\u00f3 un error en Montreal y se produjo un contacto entre los dos.<\/p>\n<p>Oscar Piastri se ha impuesto en seis ocasiones en 2025 hasta el momento, frente a cinco victorias de Lando Norris. Sin embargo, aunque la din\u00e1mica ha cambiado varias veces entre ambos, <a href=\"https:\/\/lat.motorsport.com\/driver\/nico-rosberg\/466067\/\" target=\"_blank\" rel=\"noopener nofollow\">Nico Rosberg<\/a> cree que la balanza sigue siendo favorable al l\u00edder del campeonato, por una raz\u00f3n muy concreta.<\/p>\n<p>\u00abOscar es s\u00faper fuerte\u00bb, observa el campe\u00f3n del mundo de F1 de 2016 en declaraciones a Sky Sports. \u00abMe ha sorprendido, porque todos sabemos que es un piloto excelente, pero el a\u00f1o pasado Lando todav\u00eda ten\u00eda la ventaja. Este a\u00f1o, Oscar est\u00e1 simplemente incre\u00edblemente s\u00f3lido, fuerte y r\u00e1pido. No tiene debilidades. \u00bfCu\u00e1l es su debilidad? Ya no la hay, y eso da un poco de miedo para Lando, porque \u00e9l s\u00ed tiene debilidades.\u00bb<\/p>\n<p>\u00bfRitmo equivalente, ventaja mental para Piastri?<br \/>\n   <img decoding=\"async\" draggable=\"false\" src=\"https:\/\/www.europesays.com\/es\/wp-content\/uploads\/2025\/08\/1755647715_177_lando-norris-mclaren-oscar-pia.jpg\" alt=\"Lando Norris y Oscar Piastri se saludan tras el GP de Hungr\u00eda.\" width=\"1200\" height=\"800\" loading=\"lazy\"\/> <\/p>\n<p class=\"title\">Lando Norris y Oscar Piastri se saludan tras el GP de Hungr\u00eda.<\/p>\n<p class=\"photographer\">Photo by: Mark Sutton \/ Formula 1 via Getty Images<\/p>\n<p>Para Nico Rosberg, que vivi\u00f3 en primera persona las batallas internas por el t\u00edtulo con <a href=\"https:\/\/lat.motorsport.com\/driver\/lewis-hamilton\/464818\/\" target=\"_blank\" rel=\"noopener nofollow\">Lewis Hamilton<\/a> en <a href=\"https:\/\/lat.motorsport.com\/team\/mercedes-amg-f1\/25731\/\" target=\"_blank\" rel=\"noopener nofollow\">Mercedes<\/a> \u2014en un ambiente mucho m\u00e1s tenso que el que existe hoy en McLaren\u2014, es Lando Norris quien debe elevarse ahora al nivel que impone su compa\u00f1ero de equipo.<\/p>\n<p>\u00abYa no se puede decir realmente que Lando sea un poco m\u00e1s r\u00e1pido\u00bb, insiste. \u00abEn alg\u00fan momento hay que dejar de repetirlo, porque ya no tiene fundamento. Oscar siempre ha sido extremadamente r\u00e1pido, y yo los veo m\u00e1s bien en igualdad.\u00bb<\/p>\n<p>\u00abEl t\u00edtulo se va a jugar en la cabeza de Lando. Es un poco mi sensaci\u00f3n, desafortunadamente. La cuesti\u00f3n es saber hasta qu\u00e9 punto Lando puede volverse s\u00f3lido. S\u00e9 que est\u00e1 trabajando en ello, que bloquea las redes sociales y todas esas cosas\u00bb, finaliz\u00f3.<\/p>\n<p>M\u00e1s de la F\u00f3rmula 1:<\/p>\n<p>En este art\u00edculo<\/p>\n<p>Sea el primero en enterarse y suscr\u00edbase para recibir actualizaciones por correo electr\u00f3nico en tiempo real sobre estos temas.<\/p>\n<p>    Suscr\u00edbase a nuevas alertas<\/p>\n","protected":false},"excerpt":{"rendered":"Al inicio de esta segunda mitad del campeonato, el escenario de una batalla fratricida por el t\u00edtulo entre&hellip;\n","protected":false},"author":2,"featured_media":59027,"comment_status":"","ping_status":"","sticky":false,"template":"","format":"standard","meta":{"footnotes":""},"categories":[270],"tags":[168,24918,25,24,306,271,272,1230,2104,2089,6956,2106,24919,23,167],"class_list":{"0":"post-59026","1":"post","2":"type-post","3":"status-publish","4":"format-standard","5":"has-post-thumbnail","7":"category-formula-1","8":"tag-deportes","9":"tag-el-tu00edtulo-se-va-a-jugar-en-la-cabeza-de-norris","10":"tag-es","11":"tag-espana","12":"tag-f1","13":"tag-formula-1","14":"tag-formula1","15":"tag-fu00f3rmula-1","16":"tag-lando-norris","17":"tag-mclaren-f1","18":"tag-nico-rosberg","19":"tag-oscar-piastri","20":"tag-segu00fan-rosberg","21":"tag-spain","22":"tag-sports"},"share_on_mastodon":{"url":"","error":""},"_links":{"self":[{"href":"https:\/\/www.europesays.com\/es\/wp-json\/wp\/v2\/posts\/59026","targetHints":{"allow":["GET"]}}],"collection":[{"href":"https:\/\/www.europesays.com\/es\/wp-json\/wp\/v2\/posts"}],"about":[{"href":"https:\/\/www.europesays.com\/es\/wp-json\/wp\/v2\/types\/post"}],"author":[{"embeddable":true,"href":"https:\/\/www.europesays.com\/es\/wp-json\/wp\/v2\/users\/2"}],"replies":[{"embeddable":true,"href":"https:\/\/www.europesays.com\/es\/wp-json\/wp\/v2\/comments?post=59026"}],"version-history":[{"count":0,"href":"https:\/\/www.europesays.com\/es\/wp-json\/wp\/v2\/posts\/59026\/revisions"}],"wp:featuredmedia":[{"embeddable":true,"href":"https:\/\/www.europesays.com\/es\/wp-json\/wp\/v2\/media\/59027"}],"wp:attachment":[{"href":"https:\/\/www.europesays.com\/es\/wp-json\/wp\/v2\/media?parent=59026"}],"wp:term":[{"taxonomy":"category","embeddable":true,"href":"https:\/\/www.europesays.com\/es\/wp-json\/wp\/v2\/categories?post=59026"},{"taxonomy":"post_tag","embeddable":true,"href":"https:\/\/www.europesays.com\/es\/wp-json\/wp\/v2\/tags?post=59026"}],"curies":[{"name":"wp","href":"https:\/\/api.w.org\/{rel}","templated":true}]}}