{"id":590309,"date":"2026-06-05T18:54:14","date_gmt":"2026-06-05T18:54:14","guid":{"rendered":"https:\/\/www.europesays.com\/es\/590309\/"},"modified":"2026-06-05T18:54:14","modified_gmt":"2026-06-05T18:54:14","slug":"el-museo-nacional-de-escultura-exportara-23-obras-al-louvre","status":"publish","type":"post","link":"https:\/\/www.europesays.com\/es\/590309\/","title":{"rendered":"El Museo Nacional de Escultura &#8216;exportar\u00e1&#8217; 23 obras al Louvre"},"content":{"rendered":"<p>El Louvre propondr\u00e1 en oto\u00f1o pr\u00f3ximo un viaje por la escultura espa\u00f1ola del siglo XVII, a trav\u00e9s de 23 obras del Museo Nacional de Escultura de Valladolid que compondr\u00e1n la muestra temporal &#8216;Sculpter la couleur&#8217; (&#8216;Esculpir el color&#8217;) y que se podr\u00e1n visitar al mismo tiempo que una gran exposici\u00f3n monogr\u00e1fica sobre Francisco de Zurbar\u00e1n.<\/p>\n<p>\u00abPermitir\u00e1 descubrir en qu\u00e9 consiste este arte tan caracter\u00edstico de la Espa\u00f1a del siglo XVII\u00bb, anticip\u00f3 este viernes el prestigioso museo parisino en un comunicado, informa EFE.<\/p>\n<p>La muestra es fruto de una colaboraci\u00f3n exclusiva entre la instituci\u00f3n francesa y el Museo Nacional de Escultura de Valladolid y estar\u00e1 abierta del 7 de octubre al 25 de enero de 2027.<\/p>\n<p>Comisariada por Val\u00e9rie Carpentier-Vanhaberbeke, conservadora jefe del departamento de Escultura del Louvre, y por Alejandro Nuevo G\u00f3mez, director de la instituci\u00f3n vallisoletana, &#8216;Sculpter la couleur&#8217; se desplegar\u00e1 en el Hall Napole\u00f3n.<\/p>\n<p>En ese mismo espacio se ubicar\u00e1 tambi\u00e9n la monogr\u00e1fica sobre Zurbar\u00e1n, que ha sido expuesta ya en Londres y que ser\u00e1 la principal muestra temporal que propondr\u00e1 la pinacoteca m\u00e1s visitada del mundo en la pr\u00f3xima temporada oto\u00f1o-invierno.<\/p>\n<p>La escenograf\u00eda en paralelo propiciar\u00e1, mediante juegos de perspectivas, un di\u00e1logo entre las esculturas y las obras del considerado como uno de los grandes genios de la pintura espa\u00f1ola del siglo XVII, junto a Diego Vel\u00e1zquez y Bartolom\u00e9 Esteban Murillo.<\/p>\n<p>En cuanto a la exposici\u00f3n monogr\u00e1fica de Zurbar\u00e1n, que tendr\u00e1 similares fechas de apertura y cierre, se trata de un proyecto conjunto de la National Gallery de Londres, del Louvre y del Art Institute de Chicago (EE.UU.), que tras Par\u00eds ser\u00e1 su pr\u00f3xima parada.<\/p>\n<p>\u00abAunque en un principio se le consider\u00f3 un seguidor de Caravaggio marcado por el ascetismo mon\u00e1stico, a lo largo del siglo XX se le fue reconociendo progresivamente como un colorista prodigioso y celebrado por su estilo muy personal, que combina la simplificaci\u00f3n de los vol\u00famenes con un naturalismo impactante\u00bb, detall\u00f3 el Louvre sobre Zurbar\u00e1n (1598-1664) en su comunicado.<\/p>\n","protected":false},"excerpt":{"rendered":"El Louvre propondr\u00e1 en oto\u00f1o pr\u00f3ximo un viaje por la escultura espa\u00f1ola del siglo XVII, a trav\u00e9s de&hellip;\n","protected":false},"author":2,"featured_media":321125,"comment_status":"","ping_status":"","sticky":false,"template":"","format":"standard","meta":{"footnotes":""},"categories":[173],"tags":[229,233,231,230,232,234,146,147,25,24,629,241,7228,41530,69932,4759,4193,23,1607],"class_list":["post-590309","post","type-post","status-publish","format-standard","has-post-thumbnail","category-arte-y-diseno","tag-arte","tag-arte-y-diseno","tag-arts","tag-arts-and-design","tag-design","tag-diseno","tag-entertainment","tag-entretenimiento","tag-es","tag-espana","tag-estados-unidos","tag-exposiciones","tag-londres","tag-museo-del-louvre","tag-museo-nacional-de-escultura","tag-paris","tag-siglo-xx","tag-spain","tag-valladolid"],"share_on_mastodon":{"url":"https:\/\/pubeurope.com\/@es\/116699022456769636","error":""},"_links":{"self":[{"href":"https:\/\/www.europesays.com\/es\/wp-json\/wp\/v2\/posts\/590309","targetHints":{"allow":["GET"]}}],"collection":[{"href":"https:\/\/www.europesays.com\/es\/wp-json\/wp\/v2\/posts"}],"about":[{"href":"https:\/\/www.europesays.com\/es\/wp-json\/wp\/v2\/types\/post"}],"author":[{"embeddable":true,"href":"https:\/\/www.europesays.com\/es\/wp-json\/wp\/v2\/users\/2"}],"replies":[{"embeddable":true,"href":"https:\/\/www.europesays.com\/es\/wp-json\/wp\/v2\/comments?post=590309"}],"version-history":[{"count":0,"href":"https:\/\/www.europesays.com\/es\/wp-json\/wp\/v2\/posts\/590309\/revisions"}],"wp:featuredmedia":[{"embeddable":true,"href":"https:\/\/www.europesays.com\/es\/wp-json\/wp\/v2\/media\/321125"}],"wp:attachment":[{"href":"https:\/\/www.europesays.com\/es\/wp-json\/wp\/v2\/media?parent=590309"}],"wp:term":[{"taxonomy":"category","embeddable":true,"href":"https:\/\/www.europesays.com\/es\/wp-json\/wp\/v2\/categories?post=590309"},{"taxonomy":"post_tag","embeddable":true,"href":"https:\/\/www.europesays.com\/es\/wp-json\/wp\/v2\/tags?post=590309"}],"curies":[{"name":"wp","href":"https:\/\/api.w.org\/{rel}","templated":true}]}}