{"id":590310,"date":"2026-06-05T18:56:15","date_gmt":"2026-06-05T18:56:15","guid":{"rendered":"https:\/\/www.europesays.com\/es\/590310\/"},"modified":"2026-06-05T18:56:15","modified_gmt":"2026-06-05T18:56:15","slug":"penultima-noche-de-desafios-de-tierra-de-talento-con-el-kanka-como-artista-invitado-y-grandes-duetos","status":"publish","type":"post","link":"https:\/\/www.europesays.com\/es\/590310\/","title":{"rendered":"Pen\u00faltima noche de Desaf\u00edos de \u201cTierra de Talento\u201d con El Kanka como artista invitado y grandes duetos"},"content":{"rendered":"<p class=\"paragraph-atom &#10;        A-500-300-700-N A-550-300-700-N--md  \">\n                    Esta nueva entrega de <strong>\u201cTierra de Talento\u201d <\/strong>del s\u00e1bado 6 de junio en Canal Sur TV comenzar\u00e1 con la actuaci\u00f3n de <strong>Mar\u00eda Vilal\u00f3n y El Kanka<\/strong>, que nos regalar\u00e1n a todos los espectadores una versi\u00f3n a d\u00fao del tema \u201cAndaluc\u00eda\u201d, que se ha convertido ya en uno de los himnos oficiosos de nuestra tierra. A continuaci\u00f3n, el artista invitado se sentar\u00e1 en la mesa del jurado para disfrutar de un momento \u00fanico, ya que el desaf\u00edo de nuestra primera pareja es defender repertorio de El Kanka. <strong>Carmen y Roc\u00edo junto a Nazario Guerrero <\/strong>se enfrentar\u00e1n al jurado con una original versi\u00f3n del tema \u201cQuerr\u00eda\u201d.\n            <\/p>\n<p class=\"paragraph-atom &#10;        A-500-300-700-N A-550-300-700-N--md  \">\n                    Nuestro jurado, compuesto por <strong>Diana Navarro, Jos\u00e9 Merc\u00e9, Mar\u00eda del Monte y Mariola Cantarero<\/strong>, lo tendr\u00e1n muy dif\u00edcil a la hora de conceder o no sus estrellas debido al elevado nivel de nuestros concursantes, que aspiran a convertirse en semifinalistas de esta edici\u00f3n 5 estrellas.\n            <\/p>\n<p class=\"paragraph-atom &#10;        A-500-300-700-N A-550-300-700-N--md  \">\n                    El siguiente dueto de la noche vendr\u00e1 del mano de dos de los concursantes m\u00e1s originales y creativos, <strong>STAD y Mary Van Der Len<\/strong>t, que tienen uno de los desaf\u00edos m\u00e1s grandes de la noche: cantar \u201cEuropa\u201d de M\u00f3nica Naranjo. Y de una de las reinas de la m\u00fasica espa\u00f1ola pasaremos al ballet y la l\u00edrica, que vienen de la mano de <strong>la soprano Beatriz G\u00e1lvez y la bailarina Mar\u00eda Victoria<\/strong>. Juntas nos deleitar\u00e1n con la \u201cHabanera\u201d de la \u00f3pera Carmen, de Bizet.\n            <\/p>\n<p>                                                            <img decoding=\"async\" loading=\"lazy\" src=\"https:\/\/www.europesays.com\/es\/wp-content\/uploads\/2026\/06\/a1aa487d-14ee-406e-a6cf-0da580a27267_16-9-aspect-ratio_1600w_0.jpg\" alt=\"Tierra de Talento\" title=\"Tierra de Talento\" height=\"900\" width=\"1600\"\/><\/p>\n<p>                Tierra de Talento<\/p>\n<p class=\"paragraph-atom &#10;        A-500-300-700-N A-550-300-700-N--md  \">\n                    El desaf\u00edo de nuestro siguiente dueto nos lleva al cine. Una banda sonora es lo que deben defender<strong> Laura Bautista y Rafa G\u00f3mez<\/strong>, que se decantar\u00e1n por \u201cSkyfall\u201d de Adele, perteneciente a la banda sonara de la pel\u00edcula hom\u00f3nima del agente 007. En esta edici\u00f3n ya hemos visto duetos de 2, 3, y hasta 9 personas, pero nunca un dueto formado por un solo artista. La siguiente protagonista ser\u00e1 la ganadora de la cuarta edici\u00f3n, Andrea Beltr\u00e1n, que tras ser previamente grabada tocando melod\u00edas con su chelo, deber\u00e1 hacer un dueto con su instrumento \u00a1con ella misma! Una en video y otra en vivo y en directo, deber\u00e1n interpretar el m\u00edtico \u201cHijo de la luna\u201d del no menos m\u00edtico grupo musical Mecano.\n            <\/p>\n<p class=\"paragraph-atom &#10;        A-500-300-700-N A-550-300-700-N--md  \">\n                    Otra de las parejas ganadoras de la primera fase, la formada por Franc de Luna y Mery Lauren, ser\u00e1 la encargada de poner voz al \u00faltimo desaf\u00edo de la noche. Deber\u00e1n interpretar un tema del rico repertorio de la gran Tina Turner y para esta ocasi\u00f3n han elegido \u201cRiver Deep- Mountain High\u201d, su primer gran \u00e9xito en solitario. Con este temazo pondr\u00e1n el plat\u00f3 patas arriba.\n            <\/p>\n<p class=\"paragraph-atom &#10;        A-500-300-700-N A-550-300-700-N--md  \">\n                    Tras finalizar todas las actuaciones a d\u00fao, llegar\u00e1 el momento decisivo de la noche: el jurado deliberar\u00e1 y emitir\u00e1 su votaci\u00f3n final para determinar qu\u00e9 concursantes se convierten en semifinalistas tras su actuaci\u00f3n individual y qu\u00e9 dueto se alza como el mejor de la gala. Este s\u00e1bado, en Canal Sur Televisi\u00f3n, la variedad, la cultura y la excelencia vuelven a darse la mano con la mejor m\u00fasica en directo en una entrega muy especial de Tierra de\u2026 \u00a1Talento!\n            <\/p>\n<p>    Fecha de emisi\u00f3n<\/p>\n<p class=\"paragraph-atom &#10;        A-300-300-500-N  \">\n                    S\u00e1bado 6 de junio, a las 22:30 horas en Canal Sur TV.\n            <\/p>\n","protected":false},"excerpt":{"rendered":"Esta nueva entrega de \u201cTierra de Talento\u201d del s\u00e1bado 6 de junio en Canal Sur TV comenzar\u00e1 con&hellip;\n","protected":false},"author":2,"featured_media":590311,"comment_status":"","ping_status":"","sticky":false,"template":"","format":"standard","meta":{"footnotes":""},"categories":[171],"tags":[20248,146,147,25,24,193,4356,23,16578,1934,214],"class_list":["post-590310","post","type-post","status-publish","format-standard","has-post-thumbnail","category-tv","tag-desafios","tag-entertainment","tag-entretenimiento","tag-es","tag-espana","tag-noche","tag-penultima","tag-spain","tag-talento","tag-tierra","tag-tv"],"share_on_mastodon":{"url":"https:\/\/pubeurope.com\/@es\/116699030950298296","error":""},"_links":{"self":[{"href":"https:\/\/www.europesays.com\/es\/wp-json\/wp\/v2\/posts\/590310","targetHints":{"allow":["GET"]}}],"collection":[{"href":"https:\/\/www.europesays.com\/es\/wp-json\/wp\/v2\/posts"}],"about":[{"href":"https:\/\/www.europesays.com\/es\/wp-json\/wp\/v2\/types\/post"}],"author":[{"embeddable":true,"href":"https:\/\/www.europesays.com\/es\/wp-json\/wp\/v2\/users\/2"}],"replies":[{"embeddable":true,"href":"https:\/\/www.europesays.com\/es\/wp-json\/wp\/v2\/comments?post=590310"}],"version-history":[{"count":0,"href":"https:\/\/www.europesays.com\/es\/wp-json\/wp\/v2\/posts\/590310\/revisions"}],"wp:featuredmedia":[{"embeddable":true,"href":"https:\/\/www.europesays.com\/es\/wp-json\/wp\/v2\/media\/590311"}],"wp:attachment":[{"href":"https:\/\/www.europesays.com\/es\/wp-json\/wp\/v2\/media?parent=590310"}],"wp:term":[{"taxonomy":"category","embeddable":true,"href":"https:\/\/www.europesays.com\/es\/wp-json\/wp\/v2\/categories?post=590310"},{"taxonomy":"post_tag","embeddable":true,"href":"https:\/\/www.europesays.com\/es\/wp-json\/wp\/v2\/tags?post=590310"}],"curies":[{"name":"wp","href":"https:\/\/api.w.org\/{rel}","templated":true}]}}