{"id":590385,"date":"2026-06-05T19:47:44","date_gmt":"2026-06-05T19:47:44","guid":{"rendered":"https:\/\/www.europesays.com\/es\/590385\/"},"modified":"2026-06-05T19:47:44","modified_gmt":"2026-06-05T19:47:44","slug":"paula-echevarria-de-preboda-en-cordoba-deslumbra-en-la-juderia-con-el-perfecto-look-de-invitada-en-verano","status":"publish","type":"post","link":"https:\/\/www.europesays.com\/es\/590385\/","title":{"rendered":"Paula Echevarr\u00eda, de preboda en C\u00f3rdoba, deslumbra en la Juder\u00eda con el perfecto look de invitada en verano"},"content":{"rendered":"<p class=\"ft-text\"><strong>\u00a1Viva C\u00f3rdoba\u2026 viva el amor! <\/strong>Con estas palabras ha celebrado <a class=\"ft-link ft-link--decoration\" href=\"https:\/\/www.diariocordoba.com\/tags\/paula-echevarria\/\" rel=\"nofollow noopener\" target=\"_blank\">la actriz y modelo Paula Echevarr\u00eda<\/a> una velada en la Juder\u00eda de la capital, que ha servido de antesala al <strong>enlace del futbolista cordob\u00e9s Antonio Blanco y Paola Melgar,<\/strong> que tendr\u00e1 lugar este fin de semana.<\/p>\n<p class=\"ft-text\">Echevarr\u00eda est\u00e1 acompa\u00f1ada por su pareja,<strong> el exfutbolista Miguel Torres<\/strong>, por su hija <strong>Daniella Bustamante<\/strong>, fruto de su matrimonio con el cantante David Bustamante, y un grupo nutrido de amigos, con quienes ha disfrutado de la noche cordobesa, como ella misma ha compartido en sus redes sociales. <strong>\u201cPreboda en C\u00f3rdoba. Viva C\u00f3rdoba\u2026 viva el amor\u201d<\/strong>, ha se\u00f1alado. <\/p>\n<p><img decoding=\"async\" src=\"https:\/\/www.europesays.com\/es\/wp-content\/uploads\/2026\/06\/d474fede-6724-423f-9359-dbadbabeefce_alta-libre-aspect-ratio_default_0_x184y84.jpg\" width=\"1200\" height=\"828\" alt=\"Paula Echevarr\u00eda, junto a sus amigos, en la Juder\u00eda de C\u00f3rdoba\" class=\"ft-helper-img-rd\" loading=\"lazy\" fetchpriority=\"auto\"\/><\/p>\n<p class=\"ft-helper-fontColor-quaternary ft-helper-fontSize-body-S ft-helper-spacer-t-xxs\">Paula Echevarr\u00eda, junto a sus amigos, en la Juder\u00eda de C\u00f3rdoba  \/ INSTAGRAM<\/p>\n<p>El look de Paula Echevarr\u00eda en C\u00f3rdoba<\/p>\n<p class=\"ft-text\">Para la ocasi\u00f3n, la actriz ha escogido un <strong>outfit<\/strong><strong> muy veraniego<\/strong> de la firma Mioh, modelo Marcia, en un<strong> tono melocot\u00f3n con un \u2018maxi flower print\u2019 <\/strong>acompa\u00f1ado de una capa ligera con los mismos motivos. Ha completado el look con mules de Mango y bolso de Loewe, el pelo suelto y un maquillaje natural, favorecido por el bronceado que exhibe la modelo. <\/p>\n<p class=\"ft-text\">En las im\u00e1genes compartidas en su perfil de Instagram, donde cuenta con <strong>3,7 millones de seguidores<\/strong>, puede verse a su pareja Miguel Torres, y a su hija Daniella, que ha escogido para la ocasi\u00f3n un vestido veraniego en color amarillo y rematado con volantes. <\/p>\n<p>Boda de famosos en C\u00f3rdoba<\/p>\n<p class=\"ft-text\">El motivo de la presencia de Paula Echevarr\u00eda en C\u00f3rdoba es el enlace entre el futbolista cordob\u00e9s Antonio Blanco con Paola Melgar, <strong>hija del exfutbolista Miguel Melgar y Sonia Ant\u00f3n, \u00edntima de la actriz <\/strong>e integrante de \u2018Las Pencas\u2019,\u00a0la pandilla de amigas de Echevarr\u00eda.<\/p>\n<p class=\"ft-text\">La pareja celebrar\u00e1 su enlace este viernes 5 de junio, tras seis a\u00f1os de relaci\u00f3n y una pedida de ensue\u00f1o, hace ahora un a\u00f1o, en la Costa Amalfitana.<\/p>\n<p class=\"ft-text\">Antonio Blanco juega actualmente en el Deportivo Alav\u00e9s tras su paso por el Real Madrid, el C\u00e1diz y la Selecci\u00f3n espa\u00f1ola; mientras que la novia es creadora de contenido, y trabaja en marketing y nutrici\u00f3n.<\/p>\n","protected":false},"excerpt":{"rendered":"\u00a1Viva C\u00f3rdoba\u2026 viva el amor! Con estas palabras ha celebrado la actriz y modelo Paula Echevarr\u00eda una velada&hellip;\n","protected":false},"author":2,"featured_media":590386,"comment_status":"","ping_status":"","sticky":false,"template":"","format":"standard","meta":{"footnotes":""},"categories":[91],"tags":[57953,2760,23388,146,147,25,24,111777,6060,68736,7486,8464,15640,74496,23],"class_list":["post-590385","post","type-post","status-publish","format-standard","has-post-thumbnail","category-entretenimiento","tag-antonio-blanco","tag-cordoba","tag-echevarria","tag-entertainment","tag-entretenimiento","tag-es","tag-espana","tag-famosos-cordoba","tag-invitada","tag-juderia","tag-look","tag-paula","tag-paula-echevarria","tag-preboda","tag-spain"],"share_on_mastodon":{"url":"https:\/\/pubeurope.com\/@es\/116699231117729498","error":""},"_links":{"self":[{"href":"https:\/\/www.europesays.com\/es\/wp-json\/wp\/v2\/posts\/590385","targetHints":{"allow":["GET"]}}],"collection":[{"href":"https:\/\/www.europesays.com\/es\/wp-json\/wp\/v2\/posts"}],"about":[{"href":"https:\/\/www.europesays.com\/es\/wp-json\/wp\/v2\/types\/post"}],"author":[{"embeddable":true,"href":"https:\/\/www.europesays.com\/es\/wp-json\/wp\/v2\/users\/2"}],"replies":[{"embeddable":true,"href":"https:\/\/www.europesays.com\/es\/wp-json\/wp\/v2\/comments?post=590385"}],"version-history":[{"count":0,"href":"https:\/\/www.europesays.com\/es\/wp-json\/wp\/v2\/posts\/590385\/revisions"}],"wp:featuredmedia":[{"embeddable":true,"href":"https:\/\/www.europesays.com\/es\/wp-json\/wp\/v2\/media\/590386"}],"wp:attachment":[{"href":"https:\/\/www.europesays.com\/es\/wp-json\/wp\/v2\/media?parent=590385"}],"wp:term":[{"taxonomy":"category","embeddable":true,"href":"https:\/\/www.europesays.com\/es\/wp-json\/wp\/v2\/categories?post=590385"},{"taxonomy":"post_tag","embeddable":true,"href":"https:\/\/www.europesays.com\/es\/wp-json\/wp\/v2\/tags?post=590385"}],"curies":[{"name":"wp","href":"https:\/\/api.w.org\/{rel}","templated":true}]}}