{"id":59039,"date":"2025-08-20T00:04:08","date_gmt":"2025-08-20T00:04:08","guid":{"rendered":"https:\/\/www.europesays.com\/es\/59039\/"},"modified":"2025-08-20T00:04:08","modified_gmt":"2025-08-20T00:04:08","slug":"gol-de-penal-de-mbappe-le-da-al-real-madrid-su-primera-victoria-en-la-liga-1-0-ante-osasuna","status":"publish","type":"post","link":"https:\/\/www.europesays.com\/es\/59039\/","title":{"rendered":"Gol de penal de Mbapp\u00e9 le da al Real Madrid su primera victoria en La Liga, 1-0 ante Osasuna"},"content":{"rendered":"\n<p>MADRID\u00a0\u2014\u00a0Kylian Mbapp\u00e9 comenz\u00f3 con un gol su segunda temporada con el Real Madrid, al provocar y transformar el penal que le dio el martes al equipo la victoria 1-0 contra Osasuna en el cierre de la primera fecha de La Liga de Espa\u00f1a.<\/p>\n<p>M\u00e1ximo goleador del campeonato espa\u00f1ol en su debut con el Madrid la temporada pasada, el astro franc\u00e9s convirti\u00f3 un penal a los 51 minutos para que los anfitriones se llevaran el triunfo en casa. Un desborde de Mbapp\u00e9 por el costado derecho provoc\u00f3 el penal despu\u00e9s de que el atacante fuera derribada dentro del \u00e1rea.<\/p>\n<p>El gol sell\u00f3 un estreno victorioso al nuevo t\u00e9cnico Xabi Alonso en el Madrid. El exjugador merengue lleg\u00f3 antes del Mundial de Clubes para reemplazar a Carlo Ancelotti, quien se fue para asumir el cargo en Brasil.<\/p>\n<p>\u201cNos ha faltado frescura en el \u00faltimo tercio, nos ha costado generar ocasiones claras\u201d, manifest\u00f3 Alonso. \u201cEstoy seguro de que el equipo va a ir mejorando y cogiendo m\u00e1s ritmo. Estamos en esa fase de puesta a punto, pero la victoria te da tranquilidad\u201d.<\/p>\n<p>Alonso incluy\u00f3 a tres de los nuevos fichajes del club para la temporada como titulares: el lateral izquierdo \u00c1lvaro Carreras, el lateral derecho Trent Alexander-Arnold y el defensa central Dean Huijsen. El adolescente argentino Franco Mastantuono sali\u00f3 del banquillo a los 68 minutos para reemplazar a Brahim D\u00edaz en el ataque madridista, recibiendo una ruidosa ovaci\u00f3n por la multitud en el Estadio Santiago Bernab\u00e9u.<\/p>\n<p>\u201cNo les ha pesado ni la camiseta ni el pisar el Bernab\u00e9u\u201d, dijo Alonso. \u201cHan tenido una actuaci\u00f3n correcta. Igual no espectacular, pero han jugado serios, no han cometido errores ni han estado nerviosos. Franco ha tra\u00eddo buena energ\u00eda\u201d.<\/p>\n<p>Algunos no estaban contentos despu\u00e9s de que Mastantuono <a class=\"link\" href=\"https:\/\/apnews.com\/article\/real-madrid-mastantuono-a0e8166201be7740ad635bd116750be1\" target=\"_blank\" rel=\"nofollow noopener\">elogi\u00f3 a Lionel Messi<\/a> \u2014el compatriota argentino que fue la estrella del archirrival Barcelona\u2014 durante su conferencia de prensa de presentaci\u00f3n.<\/p>\n<p>Mastantuono, de 18 a\u00f1os y ex de River Plate, roz\u00f3 el gol a los 89 con un disparo dentro del \u00e1rea que fue repelido por el portero de Osasuna.<\/p>\n<p>Rodrygo se qued\u00f3 en el banquillo durante todo el partido, lo que intensific\u00f3 los rumores de una posible transferencia del delantero brasile\u00f1o.<\/p>\n<p>Alonso desestim\u00f3 la falta de minutos de Rodrygo, y asever\u00f3 que cuenta todav\u00eda con el seleccionado brasile\u00f1o.<\/p>\n<p>\u201c\u00bfRodrygo? No pasa nada. Cuento con Rodrygo, por supuesto, \u00a1solo es un partido!\u201d, dijo el t\u00e9cnico.\u201c\u00c9sta fue mi decisi\u00f3n\u201d.\u201d<\/p>\n<p>Abel Bretones, defensor de Osasuna, fue expulsado en el tiempo de descuento con una tarjeta roja directa por un brazo alto para frenar al delantero madridista Gonzalo Garc\u00eda.<\/p>\n<p>El partido se jug\u00f3 el martes en lugar de este fin de semana junto con el resto de los partidos de apertura porque los jugadores del Madrid necesitaban m\u00e1s tiempo de descanso tras su participaci\u00f3n en el Mundial de Clubes. Las gestiones del Madrid de retrasar a\u00fan m\u00e1s su debut fueron rechazas por la liga.<\/p>\n<p>El Madrid control\u00f3 la posesi\u00f3n \u2014m\u00e1s del 70%\u2014 pero tuvo dificultades para romper la f\u00e9rrea defensa de Osasuna, recurriendo a algunos disparos de larga distancia para amenazar.<\/p>\n<p>Mbapp\u00e9 tuvo una de las mejores oportunidades del Madrid en la primera mitad con un disparo combeado desde dentro del \u00e1rea que pas\u00f3 lamiendo el palo.<\/p>\n<p>El Barcelona comenz\u00f3 la defensa de su t\u00edtulo liguero el s\u00e1bado, imponi\u00e9ndose 3-0 de visita a un Mallorca que termin\u00f3 con nueve hombres. El Atl\u00e9tico de Madrid desperdici\u00f3 una ventaja tard\u00eda y sucumbi\u00f3 el domingo 2-1 ante Espanyol-<\/p>\n<p>El Madrid escolt\u00f3 al Barcelona la temporada pasada. Osasuna termin\u00f3 noveno.<\/p>\n","protected":false},"excerpt":{"rendered":"MADRID\u00a0\u2014\u00a0Kylian Mbapp\u00e9 comenz\u00f3 con un gol su segunda temporada con el Real Madrid, al provocar y transformar el&hellip;\n","protected":false},"author":2,"featured_media":59040,"comment_status":"","ping_status":"","sticky":false,"template":"","format":"standard","meta":{"footnotes":""},"categories":[93],"tags":[3732,24924,168,24925,25,24,3689,1044,24926,24904,14499,621,1045,7545,24923,3048,19677,24922,23,167],"class_list":{"0":"post-59039","1":"post","2":"type-post","3":"status-publish","4":"format-standard","5":"has-post-thumbnail","7":"category-deportes","8":"tag-alonso","9":"tag-archirrival-barcelona","10":"tag-deportes","11":"tag-disparo","12":"tag-es","13":"tag-espana","14":"tag-gol","15":"tag-liga","16":"tag-mastantuono","17":"tag-mbappe","18":"tag-minuto","19":"tag-osasuna","20":"tag-partido","21":"tag-penal","22":"tag-primero-victoria","23":"tag-real-madrid","24":"tag-rodrygo","25":"tag-segundo-temporada","26":"tag-spain","27":"tag-sports"},"share_on_mastodon":{"url":"","error":""},"_links":{"self":[{"href":"https:\/\/www.europesays.com\/es\/wp-json\/wp\/v2\/posts\/59039","targetHints":{"allow":["GET"]}}],"collection":[{"href":"https:\/\/www.europesays.com\/es\/wp-json\/wp\/v2\/posts"}],"about":[{"href":"https:\/\/www.europesays.com\/es\/wp-json\/wp\/v2\/types\/post"}],"author":[{"embeddable":true,"href":"https:\/\/www.europesays.com\/es\/wp-json\/wp\/v2\/users\/2"}],"replies":[{"embeddable":true,"href":"https:\/\/www.europesays.com\/es\/wp-json\/wp\/v2\/comments?post=59039"}],"version-history":[{"count":0,"href":"https:\/\/www.europesays.com\/es\/wp-json\/wp\/v2\/posts\/59039\/revisions"}],"wp:featuredmedia":[{"embeddable":true,"href":"https:\/\/www.europesays.com\/es\/wp-json\/wp\/v2\/media\/59040"}],"wp:attachment":[{"href":"https:\/\/www.europesays.com\/es\/wp-json\/wp\/v2\/media?parent=59039"}],"wp:term":[{"taxonomy":"category","embeddable":true,"href":"https:\/\/www.europesays.com\/es\/wp-json\/wp\/v2\/categories?post=59039"},{"taxonomy":"post_tag","embeddable":true,"href":"https:\/\/www.europesays.com\/es\/wp-json\/wp\/v2\/tags?post=59039"}],"curies":[{"name":"wp","href":"https:\/\/api.w.org\/{rel}","templated":true}]}}