{"id":590630,"date":"2026-06-05T22:43:16","date_gmt":"2026-06-05T22:43:16","guid":{"rendered":"https:\/\/www.europesays.com\/es\/590630\/"},"modified":"2026-06-05T22:43:16","modified_gmt":"2026-06-05T22:43:16","slug":"valoraciones-del-baskonia-ante-el-joventut","status":"publish","type":"post","link":"https:\/\/www.europesays.com\/es\/590630\/","title":{"rendered":"Valoraciones del Baskonia ante el Joventut"},"content":{"rendered":"<p>\n        <strong>5 Forrest<\/strong> Fue el m\u00e1ximo anotador del <a href=\"https:\/\/www.noticiasdealava.eus\/baskonia\/\" title=\"Baskonia\" target=\"_blank\" class=\"link copy\" rel=\"nofollow noopener\"><strong>Baskonia<\/strong><\/a><strong> <\/strong>con 15 puntos en el peor d\u00eda de la temporada en esa faceta. Por momentos se ech\u00f3 al equipo a las espaldas, pero no fue suficiente. Cabe destacar que tuvo cuatro p\u00e9rdidas y no dio ninguna asistencia.\n<\/p>\n<p>            <a href=\"https:\/\/www.noticiasdealava.eus\/baskonia\/2026\/06\/05\/cronica-joventut-baskonia-play-off-acb-11163402.html\" title=\"El Baskonia lo f\u00eda todo al Buesa\" class=\"new__media\" rel=\"nofollow noopener\" target=\"_blank\"><\/p>\n<p>                <img alt=\"El Baskonia lo f\u00eda todo al Buesa\" data-src=\"https:\/\/www.europesays.com\/es\/wp-content\/uploads\/2026\/06\/4eb2ab25-b03b-457f-8a49-fef737b885f6_16-9-aspect-ratio_default_0_x560y447.jpg\" class=\"lozad\"\/><\/p>\n<p>        <\/a><\/p>\n<p>        <a href=\"https:\/\/www.noticiasdealava.eus\/baskonia\/2026\/06\/05\/cronica-joventut-baskonia-play-off-acb-11163402.html\" title=\"El Baskonia lo f\u00eda todo al Buesa\" class=\"new__headline\" rel=\"nofollow noopener\" target=\"_blank\"><br \/>\n            El Baskonia lo f\u00eda todo al Buesa<br \/>\n        <\/a><\/p>\n<p class=\"article-body__text \">\n        <strong>4 Villar<\/strong> Repiti\u00f3 quinteto <a href=\"https:\/\/www.noticiasdealava.eus\/baskonia\/2026\/06\/05\/galbiati-baskonia-declaraciones-liga-acb-play-off-joventut-paolo-11154203.html\" title=\"Galbiati\" target=\"_blank\" class=\"link copy\" rel=\"nofollow noopener\"><strong>Galbiati<\/strong><\/a><strong> <\/strong>con el catal\u00e1n sobre la pista en los primeros minutos del choque. Sin embargo, tan solo disput\u00f3 el arranque y la conclusi\u00f3n del mismo.\n<\/p>\n<p class=\"article-body__text \">\n        <strong>3 Radzevicius<\/strong> Desaparecido en Badalona. No pudo sumar en ataque y tampoco supo contener a los da\u00f1inos exteriores del Joventut. Noche muy discreta la del lituano.\n<\/p>\n<p class=\"article-body__text \">\n        <strong>4 Kurucs<\/strong> Cortocircuit\u00f3 al cortar con dureza una conducci\u00f3n de Vives, que hab\u00eda hecho una falta no se\u00f1alada anterior a Forrest. Esa jugada encendi\u00f3 la mecha en los minutos finales y Galbiati tuvo que sustituirle para curarse en salud. A excepci\u00f3n de eso, fue de lo m\u00e1s positivo del equipo en los rebotes.\n<\/p>\n<p>            <a href=\"https:\/\/www.noticiasdealava.eus\/baskonia\/2026\/06\/05\/miret-accion-kurucs-consecuencias-antideportiva-falta-tangana-11164025.html\" title=\"Miret: &quot;La acci\u00f3n de Kurucs tiene que tener consecuencias, es m\u00e1s que una antideportiva&quot;\" class=\"new__media\" rel=\"nofollow noopener\" target=\"_blank\"><\/p>\n<p>                <img alt=\"Miret: &quot;La acci\u00f3n de Kurucs tiene que tener consecuencias, es m\u00e1s que una antideportiva&quot;\" data-src=\"https:\/\/www.europesays.com\/es\/wp-content\/uploads\/2026\/06\/3196bf0f-a9b1-47df-8be8-b806f807b667_16-9-aspect-ratio_default_0_x488y58.jpg\" class=\"lozad\"\/><\/p>\n<p>        <\/a><\/p>\n<p>        <a href=\"https:\/\/www.noticiasdealava.eus\/baskonia\/2026\/06\/05\/miret-accion-kurucs-consecuencias-antideportiva-falta-tangana-11164025.html\" title=\"Miret: &quot;La acci\u00f3n de Kurucs tiene que tener consecuencias, es m\u00e1s que una antideportiva&quot;\" class=\"new__headline\" rel=\"nofollow noopener\" target=\"_blank\"><br \/>\n            Miret: \u00abLa acci\u00f3n de Kurucs tiene que tener consecuencias, es m\u00e1s que una antideportiva\u00bb<br \/>\n        <\/a><\/p>\n<p class=\"article-body__text \">\n        <strong>2 Edwards<\/strong> Sufri\u00f3 de lo lindo en defensa y en ataque tampoco pudo aportar mucho. Apenas captur\u00f3 dos rebotes en los 11 minutos en los que particip\u00f3. Se le vio mucho m\u00e1s c\u00f3modo en el primer partido en el Buesa.\n<\/p>\n<p class=\"article-body__text \">\n        <strong>4 Simmons<\/strong> Por momentos sac\u00f3 algo de orgullo en los minutos m\u00e1s grises del Baskonia y fue de lo m\u00e1s salvable de la noche. De todas formas, tampoco vivi\u00f3 su mejor partido en la faceta anotadora. Termin\u00f3 con molestias en los isquiotibiales.\n<\/p>\n<p>            <a href=\"https:\/\/www.noticiasdealava.eus\/baskonia\/2026\/06\/05\/anulados-completo-badalona-11164024.html\" title=\"Anulados por completo en Badalona\" class=\"new__media\" rel=\"nofollow noopener\" target=\"_blank\"><\/p>\n<p>                <img alt=\"Anulados por completo en Badalona\" data-src=\"https:\/\/www.europesays.com\/es\/wp-content\/uploads\/2026\/06\/e1068240-9723-41fb-aa4a-2ad02183f135_16-9-aspect-ratio_default_0_x2884y528.jpg\" class=\"lozad\"\/><\/p>\n<p>        <\/a><\/p>\n<p>        <a href=\"https:\/\/www.noticiasdealava.eus\/baskonia\/2026\/06\/05\/anulados-completo-badalona-11164024.html\" title=\"Anulados por completo en Badalona\" class=\"new__headline\" rel=\"nofollow noopener\" target=\"_blank\"><br \/>\n            Anulados por completo en Badalona<br \/>\n        <\/a><\/p>\n<p class=\"article-body__text \">\n        <strong>5 Diakite<\/strong> Probablemente el mejor jugador vestido de blanco en Badalona. Segundo m\u00e1ximo anotador con 13 puntos, captur\u00f3 un total de cuatro rebotes y no tuvo ninguna p\u00e9rdida, algo de agradecer teniendo en cuenta que fue algo habitual en la fat\u00eddica noche del Baskonia.\n<\/p>\n<p class=\"article-body__text \">\n        <strong>4 Luwawu-Cabarrot<\/strong> Maquill\u00f3 su actuaci\u00f3n en los minutos finales con tres triples. Aun as\u00ed, no fue su noche y su baj\u00f3n en los primero 80 minutos de esta serie preocupan. Muy bien defendido por parte de los verdinegros.\n<\/p>\n<p class=\"article-body__text \">\n        <strong>3 Omoruyi<\/strong> Uno de sus partidos m\u00e1s flojos desde que lleg\u00f3 a Vitoria. No estuvo fino en defensa y tambi\u00e9n muy err\u00e1tico de cara al aro rival. Se involucr\u00f3 en la tangana y le pitaron antideportiva.\n<\/p>\n<p class=\"article-photo__footer\">\n            Todas las fotos del Asisa Joventut &#8211; Kosner Baskonia            ACB Photo        <\/p>\n<p class=\"article-body__text \">\n        <strong>5 Spagnolo<\/strong> El italiano fue uno de los que m\u00e1s lo intent\u00f3, aunque muchas veces sin acierto. Firm\u00f3 12 puntos, que visto lo visto no fueron malos para el Baskonia.\u00a0\n<\/p>\n<p class=\"article-body__text \">\n        <strong>2 Sedekerskis <\/strong>Esta vez s\u00ed fue el quien particip\u00f3 en lugar de Frisch. Entr\u00f3 en el minuto 28 por primera vez y disput\u00f3 un final de partido muy err\u00e1tico, cometiendo faltas y varias p\u00e9rdidas inexpicables.<\/p>\n","protected":false},"excerpt":{"rendered":"5 Forrest Fue el m\u00e1ximo anotador del Baskonia con 15 puntos en el peor d\u00eda de la temporada&hellip;\n","protected":false},"author":2,"featured_media":590631,"comment_status":"","ping_status":"","sticky":false,"template":"","format":"standard","meta":{"footnotes":""},"categories":[269],"tags":[10306,299,298,4714,168,25,24,17490,4079,831,665,21121,23,167,94848,57258],"class_list":["post-590630","post","type-post","status-publish","format-standard","has-post-thumbnail","category-baloncesto","tag-1x1","tag-baloncesto","tag-basketball","tag-baskonia","tag-deportes","tag-es","tag-espana","tag-galbiati","tag-joventut","tag-liga-acb","tag-liga-endesa","tag-play-off","tag-spain","tag-sports","tag-tlc","tag-valoraciones"],"share_on_mastodon":{"url":"https:\/\/pubeurope.com\/@es\/116699922958239906","error":""},"_links":{"self":[{"href":"https:\/\/www.europesays.com\/es\/wp-json\/wp\/v2\/posts\/590630","targetHints":{"allow":["GET"]}}],"collection":[{"href":"https:\/\/www.europesays.com\/es\/wp-json\/wp\/v2\/posts"}],"about":[{"href":"https:\/\/www.europesays.com\/es\/wp-json\/wp\/v2\/types\/post"}],"author":[{"embeddable":true,"href":"https:\/\/www.europesays.com\/es\/wp-json\/wp\/v2\/users\/2"}],"replies":[{"embeddable":true,"href":"https:\/\/www.europesays.com\/es\/wp-json\/wp\/v2\/comments?post=590630"}],"version-history":[{"count":0,"href":"https:\/\/www.europesays.com\/es\/wp-json\/wp\/v2\/posts\/590630\/revisions"}],"wp:featuredmedia":[{"embeddable":true,"href":"https:\/\/www.europesays.com\/es\/wp-json\/wp\/v2\/media\/590631"}],"wp:attachment":[{"href":"https:\/\/www.europesays.com\/es\/wp-json\/wp\/v2\/media?parent=590630"}],"wp:term":[{"taxonomy":"category","embeddable":true,"href":"https:\/\/www.europesays.com\/es\/wp-json\/wp\/v2\/categories?post=590630"},{"taxonomy":"post_tag","embeddable":true,"href":"https:\/\/www.europesays.com\/es\/wp-json\/wp\/v2\/tags?post=590630"}],"curies":[{"name":"wp","href":"https:\/\/api.w.org\/{rel}","templated":true}]}}