{"id":590670,"date":"2026-06-05T23:17:18","date_gmt":"2026-06-05T23:17:18","guid":{"rendered":"https:\/\/www.europesays.com\/es\/590670\/"},"modified":"2026-06-05T23:17:18","modified_gmt":"2026-06-05T23:17:18","slug":"sharon-stone-necesitaba-hacerse-una-mastectomia-pero-su-marido-priorizo-su-fisico-sobre-un-posible-cancer-ese-fue-el-fin-del-matrimonio-noticias-de-cine","status":"publish","type":"post","link":"https:\/\/www.europesays.com\/es\/590670\/","title":{"rendered":"Sharon Stone necesitaba hacerse una mastectom\u00eda, pero su marido prioriz\u00f3 su f\u00edsico sobre un posible c\u00e1ncer: \u00abEse fue el fin del matrimonio\u00bb &#8211; Noticias de cine"},"content":{"rendered":"<p>La actriz ha recordado uno de los momentos m\u00e1s vulnerables de su vida en su visita a un popular podcast<\/p>\n<p>    <img loading=\"lazy\" decoding=\"async\" class=\"article-figure-img\" width=\"654\" height=\"368\" src=\"https:\/\/www.europesays.com\/es\/wp-content\/uploads\/2026\/06\/6767a3a49d23a16613e4030f37b5950d.jpg\"\/><\/p>\n<p>        You Tube David Begnaud<\/p>\n<p class=\"bo-p\">Hace algo mas de 20 a\u00f1os, <a href=\"https:\/\/www.sensacine.com\/actores\/actor-13369\/\" class=\"bo-link\" rel=\"nofollow noopener\" target=\"_blank\">Sharon Stone<\/a> (68 a\u00f1os) se enfrent\u00f3 a uno de los momentos vulnerables de su vida cuando le detectaron unos tumores en los senos despu\u00e9s de una mamograf\u00eda que hicieron saltar las alarmas m\u00e9dicas. \u00abUno de ellos era m\u00e1s grande que todo mi seno izquierdo\u00bb, ha recordado la actriz de <a href=\"https:\/\/www.sensacine.com\/peliculas\/pelicula-7342\/\" class=\"bo-link\" rel=\"nofollow noopener\" target=\"_blank\">Instinto b\u00e1sico<\/a> en su reciente entrevista al podcast de David Begnaud, The Person Who Believed in Me. \u00abEl m\u00e9dico vino a mi casa y me dijo: &#8216;Mira, creemos que deber\u00edas someterte a una mastectom\u00eda bilateral. Esto es muy grave. Y normalmente, cuando est\u00e1n tan arriba, sabemos antes de operar que son cancerosos'\u00bb. <\/p>\n<p class=\"bo-p\">La noticia cay\u00f3 como un jarro de agua fr\u00eda sobre ella: \u00abNo tengo c\u00e1ncer\u00bb, le dijo a su m\u00e9dico. \u00abMe dijo: &#8216;Usted no decide eso&#8217;. Le respond\u00ed: &#8216;S\u00ed que decido. S\u00ed que decido. Voy a decidir. Pero voy a decidir que me har\u00e9 una mastectom\u00eda bilateral, porque no estoy de broma'\u00bb. Sin embargo, pese a lo duro del momento, su esposo lo convirti\u00f3 en algo a\u00fan peor cuando su respuesta fue lo menos emp\u00e1tica del mundo. <\/p>\n<p class=\"bo-p\"><b>\u00abMi esposo dijo: &#8216;Esto es rid\u00edculo&#8217;. Y se levant\u00f3 y sali\u00f3 de la habitaci\u00f3n\u00bb<\/b>, recuerda la actriz admitiendo ante el impactado presentador que <b>no estaba preocupado por la posibilidad de un c\u00e1ncer, sino por la \u00abextirpaci\u00f3n de los senos\u00bb. <\/b>\u00ab&#8216;Si tuviera m\u00e1s pacientes como ella, hoy habr\u00eda m\u00e1s mujeres vivas. Necesitas sentarte&#8217;. Y yo le dije: &#8216;Yo tomo las decisiones, no t\u00fa'\u00bb, continu\u00f3 contando Stone sobre el tenso momento que se vivi\u00f3 en aquella consulta.<\/p>\n<blockquote class=\"article-quote\" data-author=\"\" data-source=\"\"><p>Ese fue el fin del matrimonio. Se acab\u00f3. \u00c9l ya no quer\u00eda saber nada de m\u00ed. Se termin\u00f3. Se notaba que se hab\u00eda acabado<\/p><\/blockquote>\n<p class=\"bo-p\">Sharon Stone no mencion\u00f3 en ning\u00fan momento el nombre de su marido, aunque estuvo casada con el periodista Phil Bronstein de 1998 a 2004 y con el productor <a href=\"https:\/\/www.sensacine.com\/actores\/actor-106148\/\" class=\"bo-link\" rel=\"nofollow noopener\" target=\"_blank\">Michael Greenburg<\/a> de 1984 a 1990.<\/p>\n<p class=\"bo-p\">\u00abPensaba que era rid\u00edcula. Pensaba que era tonta. Pensaba que tomaba demasiadas decisiones por mi cuenta\u00bb.<\/p>\n<p class=\"bo-p\">En sus memorias de 2001, Stone ya hab\u00eda hablado sobre su experiencia m\u00e9dica teniendo que extirparse una serie de tumores benignos y en unas declaraciones a la revista People en 2023 explic\u00f3 que, a pesar de que la alertaron de un posible c\u00e1ncer, finalmente no hab\u00eda desarrollado la enfermedad: \u00abPero fui al hospital diciendo: &#8216;Si me operan y resulta que es c\u00e1ncer, por favor, qu\u00edtenme los senos, porque no soy una persona definida por mis senos'\u00bb. <\/p>\n<p class=\"bo-p\">Desafortunadamente la experiencia adquiri\u00f3 una magnitud doblemente desagradable cuando, como revel\u00f3 en sus memorias, tras la cirug\u00eda para extirpar los tumores y reconstruir sus senos, descubri\u00f3 que un cirujano pl\u00e1stico le hab\u00eda puesto implantes mamarios m\u00e1s grandes sin su consentimiento: \u00abCuando me quitaron los vendajes, descubr\u00ed que ten\u00eda los senos una talla de copa m\u00e1s grandes, y \u00e9l dijo que &#8216;me quedaban mejor con el tama\u00f1o de mis caderas&#8217;. Hab\u00eda cambiado mi cuerpo sin mi conocimiento ni consentimiento\u00bb.<\/p>\n","protected":false},"excerpt":{"rendered":"La actriz ha recordado uno de los momentos m\u00e1s vulnerables de su vida en su visita a un&hellip;\n","protected":false},"author":2,"featured_media":590671,"comment_status":"","ping_status":"","sticky":false,"template":"","format":"standard","meta":{"footnotes":""},"categories":[91],"tags":[1066,12703,146,147,25,24,22167,70109,111806,23],"class_list":["post-590670","post","type-post","status-publish","format-standard","has-post-thumbnail","category-entretenimiento","tag-cancer","tag-divorcio","tag-entertainment","tag-entretenimiento","tag-es","tag-espana","tag-marido","tag-mastectomia","tag-sharon_stone","tag-spain"],"share_on_mastodon":{"url":"https:\/\/pubeurope.com\/@es\/116700056574868398","error":""},"_links":{"self":[{"href":"https:\/\/www.europesays.com\/es\/wp-json\/wp\/v2\/posts\/590670","targetHints":{"allow":["GET"]}}],"collection":[{"href":"https:\/\/www.europesays.com\/es\/wp-json\/wp\/v2\/posts"}],"about":[{"href":"https:\/\/www.europesays.com\/es\/wp-json\/wp\/v2\/types\/post"}],"author":[{"embeddable":true,"href":"https:\/\/www.europesays.com\/es\/wp-json\/wp\/v2\/users\/2"}],"replies":[{"embeddable":true,"href":"https:\/\/www.europesays.com\/es\/wp-json\/wp\/v2\/comments?post=590670"}],"version-history":[{"count":0,"href":"https:\/\/www.europesays.com\/es\/wp-json\/wp\/v2\/posts\/590670\/revisions"}],"wp:featuredmedia":[{"embeddable":true,"href":"https:\/\/www.europesays.com\/es\/wp-json\/wp\/v2\/media\/590671"}],"wp:attachment":[{"href":"https:\/\/www.europesays.com\/es\/wp-json\/wp\/v2\/media?parent=590670"}],"wp:term":[{"taxonomy":"category","embeddable":true,"href":"https:\/\/www.europesays.com\/es\/wp-json\/wp\/v2\/categories?post=590670"},{"taxonomy":"post_tag","embeddable":true,"href":"https:\/\/www.europesays.com\/es\/wp-json\/wp\/v2\/tags?post=590670"}],"curies":[{"name":"wp","href":"https:\/\/api.w.org\/{rel}","templated":true}]}}