{"id":59069,"date":"2025-08-20T00:20:10","date_gmt":"2025-08-20T00:20:10","guid":{"rendered":"https:\/\/www.europesays.com\/es\/59069\/"},"modified":"2025-08-20T00:20:10","modified_gmt":"2025-08-20T00:20:10","slug":"el-acuerdo-del-girona-con-alex-moreno-mas-cerca","status":"publish","type":"post","link":"https:\/\/www.europesays.com\/es\/59069\/","title":{"rendered":"El acuerdo del Girona con \u00c1lex Moreno, m\u00e1s cerca"},"content":{"rendered":"<p class=\"parrafo\">El <strong>culebr\u00f3n <\/strong>con <strong><a href=\"https:\/\/www.estadiodeportivo.com\/futbol\/betis\/betis-sigue-centrado-sus-objetivos-mientras-dos-estan-abiertos-regresar-espana-20250819-508481.html\" target=\"_blank\" class=\"intext-link\" rel=\"nofollow noopener\">\u00c1lex Moreno <\/a><\/strong>sigue su curso en el presente de mercado de <strong>fichajes<\/strong>, al que le restan menos de dos semanas para que ponga <strong>punto final<\/strong>. Sin embargo, el futbolista del<strong> Aston Villa<\/strong> est\u00e1 <strong>m\u00e1s cerca <\/strong>de firmar su <strong>llegada <\/strong>en la actual ventana de <strong>traspasos <\/strong>al <strong>Girona<\/strong>, seg\u00fan las \u00faltimas <strong>informaciones <\/strong>en torno al ex del <strong>Real Betis<\/strong>. Por ello, el conjunto catal\u00e1n podr\u00eda anunciar su quinta <strong>incorporaci\u00f3n <\/strong>este verano tras las ya <strong>confirmadas <\/strong><strong>oficialmente <\/strong>de Hugo Rinc\u00f3n, Axel <strong>Witsel<\/strong>, Vitor Reis y Thomas Lemar.<\/p>\n<p><a class=\"elementos-rel-t2\" href=\"https:\/\/www.estadiodeportivo.com\/futbol\/betis\/betis-sigue-centrado-sus-objetivos-mientras-dos-estan-abiertos-regresar-espana-20250819-508481.html\" title=\"El Betis sigue centrado en sus objetivos mientras dos ex est\u00e1n abiertos a regresar a Espa\u00f1a\" rel=\"nofollow noopener\" target=\"_blank\">El Betis sigue centrado en sus objetivos mientras dos ex est\u00e1n abiertos a regresar a Espa\u00f1a<img decoding=\"async\" src=\"https:\/\/www.europesays.com\/es\/wp-content\/uploads\/2025\/08\/dc7b8255-9f32-44b9-946b-7afdb706970a_320x180.jpeg\" alt=\"El Betis sigue centrado en sus objetivos mientras dos ex est\u00e1n abiertos a regresar a Espa\u00f1a\"\/><\/a><a class=\"elementos-rel-t2\" href=\"https:\/\/www.estadiodeportivo.com\/futbol\/girona\/miguel-gutierrez-confirma-salida-20250819-508426.html\" title=\"Miguel Guti\u00e9rrez confirma su salida\" rel=\"nofollow noopener\" target=\"_blank\">Miguel Guti\u00e9rrez confirma su salida<img decoding=\"async\" src=\"https:\/\/www.europesays.com\/es\/wp-content\/uploads\/2025\/08\/cc64bcc3-0ed6-480d-bf8d-87891a633f98_320x180.jpeg\" alt=\"Miguel Guti\u00e9rrez confirma su salida\"\/><\/a><a class=\"elementos-rel-t2\" href=\"https:\/\/www.estadiodeportivo.com\/futbol\/girona\/sadiq-opcion-real-20250819-508475.html\" title=\"Sadiq, opci\u00f3n real\" rel=\"nofollow noopener\" target=\"_blank\">Sadiq, opci\u00f3n real<img decoding=\"async\" src=\"https:\/\/www.europesays.com\/es\/wp-content\/uploads\/2025\/08\/50c3e7c5-52f7-4494-992a-064ad640db1b_320x180.jpeg\" alt=\"Sadiq, opci\u00f3n real\"\/><\/a>La llegada en marcha de \u00c1lex Moreno al Girona<\/p>\n<p class=\"parrafo\">A falta de dos semanas para el cierre del mercado de <strong>fichajes<\/strong>, el <strong>Girona <\/strong>no ha terminado de completar su plantilla para la presente temporada 2025\/2026. Adem\u00e1s de la posible <strong>salida <\/strong>de Jhon <strong>Sol\u00eds <\/strong>por el inter\u00e9s del Oporto o la<strong> incertidumbre con<\/strong> el futuro de <strong>Sadiq<\/strong>, el conjunto de M\u00edchel tiene a<strong> \u00c1lex Moreno<\/strong> como posible <strong>incorporaci\u00f3n <\/strong>para cubrir la<strong> baja de <a href=\"https:\/\/www.estadiodeportivo.com\/futbol\/girona\/miguel-gutierrez-confirma-salida-20250819-508426.html\" target=\"_blank\" class=\"intext-link\" rel=\"nofollow noopener\">Miguel Guti\u00e9rrez<\/a><\/strong>, que ya ha comunicado su <strong>adi\u00f3s <\/strong>y ha firmado su nueva <strong>contrataci\u00f3n <\/strong>con el N\u00e1poles. Adem\u00e1s, sobre el futbolista del Aston Villa, Iv\u00e1n Quir\u00f3s ha informado en su cuenta de X, a confirmaci\u00f3n de Matteo Moretto, que \u00abel <strong>Girona <\/strong>FC avanza en la <strong>incorporaci\u00f3n <\/strong>del lateral izquierdo <strong>\u00c1lex Moreno <\/strong>del Aston Villa FC. Acuerda con el club ingl\u00e9s el % de ficha a pagar (alrededor de 2M\u20ac), en su \u00faltimo a\u00f1o de <strong>contrato <\/strong>all\u00ed\u00bb.<\/p>\n<p class=\"parrafo\">Tras ello, la misma fuente ha explicado que \u00abfalta acabar de concretar con el jugador si llega por 1 temporada (cedido o libre) o por 2, despu\u00e9s de haber hablado ya con <strong>M\u00edchel<\/strong>\u00ab. De esta manera, se confirman las <strong>conversaciones <\/strong>y <strong>contactos <\/strong>de <strong>\u00c1lex Moreno <\/strong>con el entrenador del <a href=\"https:\/\/www.estadiodeportivo.com\/futbol\/rayo-vallecano\/rayo-vallecano-girona-villarreal-tras-mismo-fichaje-20250817-508205.html\" target=\"_blank\" class=\"intext-link\" rel=\"nofollow noopener\">Girona<\/a>, con la<strong> decisi\u00f3n tomada<\/strong>, aparentemente, de realizar su <strong>incorporaci\u00f3n <\/strong>por el conjunto catal\u00e1n y confirmar su vuelta a LaLiga tras su <strong>paso <\/strong>por el <strong>Real Betis<\/strong>. Adem\u00e1s, si el <strong>acuerdo cerrado<\/strong> termina siendo un <strong>hecho<\/strong>, el lateral izquierdo dir\u00eda <strong>adi\u00f3s <\/strong>al<strong> Aston Villa<\/strong> tras su llegada en 2022, en la que ha ido claramente de m\u00e1s a menos hasta el punto de tener<strong> luz verde<\/strong> para <strong>firmar <\/strong>una <strong>cesi\u00f3n <\/strong>con el<strong> Nottingham Forest <\/strong>para la disputa de la pasada temporada 2024\/2025.<\/p>\n<p>\u00c1lex Moreno, vuelta a LaLiga por quinta vez<\/p>\n<p class=\"parrafo\"><strong>Si se confirman<\/strong> los rumores y finalmente hay <strong>acuerdo total<\/strong> entre <strong>\u00c1lex Moreno <\/strong>y el <strong>Girona<\/strong>, el lateral izquierdo vestir\u00eda la quinta camiseta de un equipo espa\u00f1ol en toda su carrera deportiva, tras su <strong>paso <\/strong>por el Mallorca, Rayo Vallecano, Elche y <strong>Real Betis<\/strong>. Adem\u00e1s, la <strong>salida <\/strong>ya <strong>confirmada <\/strong>de<strong> Miguel Guti\u00e9rrez<\/strong> le dejar\u00eda plena <strong>v\u00eda libre<\/strong> para encontrar los minutos que no ha logrado tras su <strong>traspaso <\/strong>del conjunto de <strong>Manuel Pellegrini<\/strong> al de Unai Emery. <\/p>\n<p class=\"parrafo\">Por otro lado, las <strong>conversaciones <\/strong>con M\u00edchel, tras la informaci\u00f3n mencionada anteriormente, se prev\u00e9 decisiva para que la <strong>incorporaci\u00f3n <\/strong>del jugador a la entidad catalana sea un <strong>hecho <\/strong>en el presente mercado de <strong>fichajes<\/strong>. Por ello, queda estar<strong> atentos a <\/strong>m\u00e1s <strong>movimientos <\/strong>que tendr\u00e1n lugar en los pr\u00f3ximos d\u00edas, para saber si confirman la <strong>vuelta <\/strong>del jugador de 32 a\u00f1os a <strong>LaLiga<\/strong>.<\/p>\n","protected":false},"excerpt":{"rendered":"El culebr\u00f3n con \u00c1lex Moreno sigue su curso en el presente de mercado de fichajes, al que le&hellip;\n","protected":false},"author":2,"featured_media":59070,"comment_status":"","ping_status":"","sticky":false,"template":"","format":"standard","meta":{"footnotes":""},"categories":[268],"tags":[24927,168,25,24,284,285,280,282,18013,281,23,167],"class_list":{"0":"post-59069","1":"post","2":"type-post","3":"status-publish","4":"format-standard","5":"has-post-thumbnail","7":"category-futbol","8":"tag-alex-moreno","9":"tag-deportes","10":"tag-es","11":"tag-espana","12":"tag-estadio-deportivo","13":"tag-fichajes","14":"tag-football","15":"tag-futbol","16":"tag-girona-fc","17":"tag-soccer","18":"tag-spain","19":"tag-sports"},"share_on_mastodon":{"url":"","error":""},"_links":{"self":[{"href":"https:\/\/www.europesays.com\/es\/wp-json\/wp\/v2\/posts\/59069","targetHints":{"allow":["GET"]}}],"collection":[{"href":"https:\/\/www.europesays.com\/es\/wp-json\/wp\/v2\/posts"}],"about":[{"href":"https:\/\/www.europesays.com\/es\/wp-json\/wp\/v2\/types\/post"}],"author":[{"embeddable":true,"href":"https:\/\/www.europesays.com\/es\/wp-json\/wp\/v2\/users\/2"}],"replies":[{"embeddable":true,"href":"https:\/\/www.europesays.com\/es\/wp-json\/wp\/v2\/comments?post=59069"}],"version-history":[{"count":0,"href":"https:\/\/www.europesays.com\/es\/wp-json\/wp\/v2\/posts\/59069\/revisions"}],"wp:featuredmedia":[{"embeddable":true,"href":"https:\/\/www.europesays.com\/es\/wp-json\/wp\/v2\/media\/59070"}],"wp:attachment":[{"href":"https:\/\/www.europesays.com\/es\/wp-json\/wp\/v2\/media?parent=59069"}],"wp:term":[{"taxonomy":"category","embeddable":true,"href":"https:\/\/www.europesays.com\/es\/wp-json\/wp\/v2\/categories?post=59069"},{"taxonomy":"post_tag","embeddable":true,"href":"https:\/\/www.europesays.com\/es\/wp-json\/wp\/v2\/tags?post=59069"}],"curies":[{"name":"wp","href":"https:\/\/api.w.org\/{rel}","templated":true}]}}