{"id":590828,"date":"2026-06-06T01:26:19","date_gmt":"2026-06-06T01:26:19","guid":{"rendered":"https:\/\/www.europesays.com\/es\/590828\/"},"modified":"2026-06-06T01:26:19","modified_gmt":"2026-06-06T01:26:19","slug":"grimaldo-seguido-por-el-barca-podria-salir-del-leverkusen-por-solo-10-millones","status":"publish","type":"post","link":"https:\/\/www.europesays.com\/es\/590828\/","title":{"rendered":"Grimaldo, seguido por el Bar\u00e7a, podr\u00eda salir del Leverkusen por solo 10 millones"},"content":{"rendered":"<p class=\"ft-text\"><strong>El futuro de \u00c1lex Grimaldo vuelve a situarse en el foco del mercado de fichajes<\/strong>. El lateral izquierdo del Bayer Leverkusen podr\u00eda convertirse en una de las grandes oportunidades de este verano, con el jugador valenciano abierto a un regreso a LaLiga y con un precio de salida especialmente atractivo.<\/p>\n<p class=\"ft-text\"><strong>Seg\u00fan ha informado el periodista Matteo Moretto, el internacional espa\u00f1ol de 30 a\u00f1os tendr\u00eda un precio de salida fijado en torno a los 10 millones de euros<\/strong>, una cifra muy inferior a su valor de mercado y que <strong>ha llamado la atenci\u00f3n del FC Barcelona y del Atl\u00e9tico de Madrid<\/strong>. Por el momento, ninguno de los dos clubes ha realizado una oferta formal, aunque ambos est\u00e1n muy pendientes de su situaci\u00f3n.<\/p>\n<p class=\"ft-text\">El portal Transfermarkt valora al futbolista en torno a los 20 millones, por lo que una posible salida por la mitad de ese importe lo convierte en una oportunidad de mercado muy clara. Este precio rebajado responde a su situaci\u00f3n contractual, ya que <strong>le resta solo un a\u00f1o de contrato con el Bayer Leverkusen, que ver\u00eda con buenos ojos venderle este verano para evitar su marcha como agente libre en 2027<\/strong>. <\/p>\n<p><img decoding=\"async\" src=\"https:\/\/www.europesays.com\/es\/wp-content\/uploads\/2026\/06\/c3cabd98-8072-434b-b858-e3281f774ff8_alta-libre-aspect-ratio_default_0_x600y225.jpg\" width=\"1200\" height=\"675\" alt=\"Alejandro Grimaldo, contra Bulgaria\" class=\"ft-helper-img-rd\" loading=\"lazy\" fetchpriority=\"auto\"\/><\/p>\n<p class=\"ft-helper-fontColor-quaternary ft-helper-fontSize-body-S ft-helper-spacer-t-xxs\">Alejandro Grimaldo en un encuentro con la selecci\u00f3n espa\u00f1ola  \/ Europa Press<\/p>\n<p>Grimaldo, gran oportunidad del mercado<\/p>\n<p class=\"ft-text\">El lateral, formado en la cantera del Bar\u00e7a, se march\u00f3 al Benfica en 2016 por algo m\u00e1s de 2 millones de euros. En 2023 aterriz\u00f3 en el Bayer Leverkusen como agente libre, donde se ha consolidado como uno de los laterales m\u00e1s productivos de Europa desde la banda izquierda. Esta temporada ha registrado <strong>14 goles y 12 asistencias en todas las competiciones<\/strong>, siendo uno de los mayores referentes del conjunto alem\u00e1n.<\/p>\n<p class=\"ft-text\">En clave azulgrana, su nombre aparece en una planificaci\u00f3n condicionada por <strong>una posible salida de Alejandro Balde<\/strong>, quien ha perdido protagonismo en varios tramos del curso desde la llegada de Jo\u00e3o Cancelo como cedido en el mercado invernal. Por ello, <strong>el club no descarta movimientos en el lateral izquierdo si el mercado ofrece una oportunidad clara para reforzar esa posici\u00f3n<\/strong>. <\/p>\n<p><img decoding=\"async\" src=\"https:\/\/www.europesays.com\/es\/wp-content\/uploads\/2026\/06\/0dcdeb51-7c49-44b1-ad65-2fdb37bb7f63_alta-libre-aspect-ratio_default_0_x1000y444.jpg\" width=\"1200\" height=\"800\" alt=\"Grimaldo en un partido de esta temporada\" class=\"ft-helper-img-rd\" loading=\"lazy\" fetchpriority=\"auto\"\/><\/p>\n<p class=\"ft-helper-fontColor-quaternary ft-helper-fontSize-body-S ft-helper-spacer-t-xxs\">Grimaldo tirando un penalti contra el PSG  \/ CHRISTOPHER NEUNDORF \/ EFE<\/p>\n<p>Cucurella, opci\u00f3n alternativa<\/p>\n<p class=\"ft-text\"><strong>En ese mismo escenario tambi\u00e9n aparece Marc Cucurella<\/strong>. El lateral del Chelsea, tambi\u00e9n formado en La Masia, <a class=\"ft-link ft-link--decoration\" href=\"https:\/\/www.sport.es\/es\/noticias\/futbol-internacional\/operacion-retorno-cucurella-grimaldo-130920612\" rel=\"nofollow noopener\" target=\"_blank\">es otra alternativa en caso de que el Bar\u00e7a decida reforzar el carril izquierdo<\/a>, aunque su llegada ser\u00eda m\u00e1s complicada a nivel econ\u00f3mico.<\/p>\n<p class=\"ft-text\">Al igual que ocurre con Grimaldo, el <strong>Atl\u00e9tico de Madrid sigue de cerca la situaci\u00f3n de Cucurella<\/strong>. Mientras tanto, ambos futbolistas se encuentran concentrados con la selecci\u00f3n espa\u00f1ola preparando el inicio del Mundial 2026, donde competir\u00e1n entre ellos por un puesto en el once titular.<\/p>\n","protected":false},"excerpt":{"rendered":"El futuro de \u00c1lex Grimaldo vuelve a situarse en el foco del mercado de fichajes. El lateral izquierdo&hellip;\n","protected":false},"author":2,"featured_media":590829,"comment_status":"","ping_status":"","sticky":false,"template":"","format":"standard","meta":{"footnotes":""},"categories":[268],"tags":[53722,2296,83677,168,25,24,285,280,282,111843,22732,281,23,167],"class_list":["post-590828","post","type-post","status-publish","format-standard","has-post-thumbnail","category-futbol","tag-alejandro-grimaldo","tag-barca","tag-cucurella","tag-deportes","tag-es","tag-espana","tag-fichajes","tag-football","tag-futbol","tag-grimaldo","tag-leverkusen","tag-soccer","tag-spain","tag-sports"],"share_on_mastodon":{"url":"https:\/\/pubeurope.com\/@es\/116700564496102576","error":""},"_links":{"self":[{"href":"https:\/\/www.europesays.com\/es\/wp-json\/wp\/v2\/posts\/590828","targetHints":{"allow":["GET"]}}],"collection":[{"href":"https:\/\/www.europesays.com\/es\/wp-json\/wp\/v2\/posts"}],"about":[{"href":"https:\/\/www.europesays.com\/es\/wp-json\/wp\/v2\/types\/post"}],"author":[{"embeddable":true,"href":"https:\/\/www.europesays.com\/es\/wp-json\/wp\/v2\/users\/2"}],"replies":[{"embeddable":true,"href":"https:\/\/www.europesays.com\/es\/wp-json\/wp\/v2\/comments?post=590828"}],"version-history":[{"count":0,"href":"https:\/\/www.europesays.com\/es\/wp-json\/wp\/v2\/posts\/590828\/revisions"}],"wp:featuredmedia":[{"embeddable":true,"href":"https:\/\/www.europesays.com\/es\/wp-json\/wp\/v2\/media\/590829"}],"wp:attachment":[{"href":"https:\/\/www.europesays.com\/es\/wp-json\/wp\/v2\/media?parent=590828"}],"wp:term":[{"taxonomy":"category","embeddable":true,"href":"https:\/\/www.europesays.com\/es\/wp-json\/wp\/v2\/categories?post=590828"},{"taxonomy":"post_tag","embeddable":true,"href":"https:\/\/www.europesays.com\/es\/wp-json\/wp\/v2\/tags?post=590828"}],"curies":[{"name":"wp","href":"https:\/\/api.w.org\/{rel}","templated":true}]}}