{"id":590872,"date":"2026-06-06T02:01:14","date_gmt":"2026-06-06T02:01:14","guid":{"rendered":"https:\/\/www.europesays.com\/es\/590872\/"},"modified":"2026-06-06T02:01:14","modified_gmt":"2026-06-06T02:01:14","slug":"juez-bloquea-politica-de-trump-que-frenaba-migraciones-y-solicitudes-de-asilo-a-personas-de-39-paises-internacional","status":"publish","type":"post","link":"https:\/\/www.europesays.com\/es\/590872\/","title":{"rendered":"Juez bloquea pol\u00edtica de Trump que frenaba migraciones y solicitudes de asilo a personas de 39 pa\u00edses | Internacional"},"content":{"rendered":"<p>Un juez del estado de Rhode Island bloque\u00f3 la pol\u00edtica migratoria de <strong>Donald Trump<\/strong> sobre anular los procesos de inmigraci\u00f3n y solicitudes de asilo de personas que proven\u00edan de 39 pa\u00edses, considerados del tercer mundo.<\/p>\n<p>En una opini\u00f3n de m\u00e1s de 100 p\u00e1ginas, el juez <strong>John McConell Jr.<\/strong> se\u00f1al\u00f3 que esas pol\u00edticas de los Servicios de Ciudadan\u00eda e Inmigraci\u00f3n (USCIS) dejaron a \u201cincontables inmigrantes que viv\u00edan en EE.UU. en un limbo legal indeterminado\u201d, y que son \u201ccontrarias a la ley, arbitrarias y caprichosas\u201d.<\/p>\n<p>McConell se\u00f1al\u00f3 que USCIS ejerce una autoridad de la que carece y \u201cjustifica sus acciones con preocupaciones \u2018de seguridad nacional\u2019 meramente pretextuales, que encubren sentimientos antiinmigrantes que (la agencia) tiene prohibido que influyan en su proceso de toma de decisiones\u201d.<\/p>\n<p>La agencia paus\u00f3 la adjudicaci\u00f3n de beneficios migratorios para 39 pa\u00edses de \u00c1frica, Asia, Latinoam\u00e9rica y Oriente Medio, a cuyos ciudadanos se les ha impedido \u201crecibir decisiones finales\u201d sobre sus solicitudes de asilo, permisos de trabajo, tarjeta verde y ciudadan\u00eda en EE.UU.<\/p>\n<p>El juez sostuvo que la pausa de USCIS \u201cno puede atribuirse a nada que estas personas hicieran mal, sino que emana solo de la casualidad de su nacimiento\u201d, y declar\u00f3 que la agencia \u201cviol\u00f3 las mismas leyes de inmigraci\u00f3n que el Congreso le encarg\u00f3 administrar, as\u00ed como las leyes administrativas\u201d por las que se rige.<\/p>\n<p>Esas pol\u00edticas, que incluyen el llamado \u2018veto migratorio\u2019 y una pausa a las solicitudes de asilo, se aplicaron despu\u00e9s de que en noviembre de 2025 un ciudadano afgano presuntamente disparara contra la Guardia Nacional en Washington D.C., lo que dej\u00f3 una agente muerta y otra herida.<\/p>\n<blockquote class=\"twitter-tweet\">\n<p lang=\"en\" dir=\"ltr\">A federal judge in Rhode Island struck down a slate of immigration policies enacted by the Trump administration, writing that it had left immigrants living in the US in \u201cindeterminate legal limbo.\u00bb <a href=\"https:\/\/t.co\/hgmmTucxEG\" rel=\"nofollow\">https:\/\/t.co\/hgmmTucxEG<\/a><\/p>\n<p>\u2014 The Boston Globe (@BostonGlobe) <a href=\"https:\/\/x.com\/BostonGlobe\/status\/2062947674085622113?ref_src=twsrc%5Etfw\" rel=\"nofollow\">June 5, 2026<\/a><\/p>\n<\/blockquote>\n<p>El fallo incluye en la explicaci\u00f3n del contexto unas declaraciones de la exsecretaria de Seguridad Nacional, Kristi Noem, suscritas por Trump, que recomend\u00f3 \u201cun veto migratorio en cada maldito pa\u00eds que ha inundado a nuestra naci\u00f3n con asesinos, sanguijuelas y yonquis de la ayuda social\u201d, y arremet\u00eda contra los \u201cinvasores extranjeros\u201d.<\/p>\n<p>La mayor\u00eda de pa\u00edses afectados por estas pol\u00edticas eran africanos, y los americanos eran Cuba, Venezuela, Antigua y Barbuda, Dominica y Hait\u00ed.<\/p>\n<p>La decisi\u00f3n fue celebrada por \u2018Democracy Forward\u2019, una de las organizaciones que representaban a grupos de inmigrantes y trabajadores, incluyendo a la \u2018Venezuelan Association of Massachusetts\u2019 y el sindicato \u2018Service Employees International Union (SEIU)\u2019.<\/p>\n<p>\u201cEste fallo reafirma un principio b\u00e1sico: que el Gobierno federal no puede suspender las v\u00edas de inmigraci\u00f3n legales o discriminar contra gente bas\u00e1ndose en su procedencia\u201d, dijo Skye Perryman, presidenta de \u2018Democracy Forward\u2019.<\/p>\n","protected":false},"excerpt":{"rendered":"Un juez del estado de Rhode Island bloque\u00f3 la pol\u00edtica migratoria de Donald Trump sobre anular los procesos&hellip;\n","protected":false},"author":2,"featured_media":590873,"comment_status":"","ping_status":"","sticky":false,"template":"","format":"standard","meta":{"footnotes":""},"categories":[42],"tags":[9913,12320,111846,6647,17,18,8404,11866,111847,15091,629,111848,13,14,11,891,61,62,63,64,111849,111850,1664,19,20,111851,9,10,15,16,111852,8523,5607,25342,111853,14343,111854,111855,111856,12,4479,936,21,22,111857,111858,111859,65,66,67],"class_list":["post-590872","post","type-post","status-publish","format-standard","has-post-thumbnail","category-internacional","tag-asesinos","tag-asilo","tag-beneficios-migratorios","tag-bloqueo","tag-breaking-news","tag-breakingnews","tag-ciudadania","tag-congreso","tag-decisiones-legales","tag-declaracion","tag-estados-unidos","tag-fallo-judicial","tag-featured-news","tag-featurednews","tag-headlines","tag-inmigrantes","tag-internacional","tag-international","tag-international-news","tag-internationalnews","tag-invasores-extranjeros-democracy-forward","tag-john-mcconell-jr-rhode-island","tag-juez","tag-latest-news","tag-latestnews","tag-leyes-de-inmigracion-kristi-noem","tag-news","tag-noticias","tag-noticias-destacadas","tag-noticiasdestacadas","tag-opinion-judicial","tag-paises","tag-pausa","tag-politica-migratoria","tag-procesos-de-inmigracion","tag-seguridad-nacional","tag-service-employees-international-union-seiu","tag-solicitudes-de-asilo","tag-tercer-mundo","tag-titulares","tag-trabajadores","tag-trump","tag-ultimas-noticias","tag-ultimasnoticias","tag-uscis","tag-venezuelan-association-of-massachusetts","tag-veto-migratorio","tag-world","tag-world-news","tag-worldnews"],"share_on_mastodon":{"url":"","error":"Validation failed: Text character limit of 500 exceeded"},"_links":{"self":[{"href":"https:\/\/www.europesays.com\/es\/wp-json\/wp\/v2\/posts\/590872","targetHints":{"allow":["GET"]}}],"collection":[{"href":"https:\/\/www.europesays.com\/es\/wp-json\/wp\/v2\/posts"}],"about":[{"href":"https:\/\/www.europesays.com\/es\/wp-json\/wp\/v2\/types\/post"}],"author":[{"embeddable":true,"href":"https:\/\/www.europesays.com\/es\/wp-json\/wp\/v2\/users\/2"}],"replies":[{"embeddable":true,"href":"https:\/\/www.europesays.com\/es\/wp-json\/wp\/v2\/comments?post=590872"}],"version-history":[{"count":0,"href":"https:\/\/www.europesays.com\/es\/wp-json\/wp\/v2\/posts\/590872\/revisions"}],"wp:featuredmedia":[{"embeddable":true,"href":"https:\/\/www.europesays.com\/es\/wp-json\/wp\/v2\/media\/590873"}],"wp:attachment":[{"href":"https:\/\/www.europesays.com\/es\/wp-json\/wp\/v2\/media?parent=590872"}],"wp:term":[{"taxonomy":"category","embeddable":true,"href":"https:\/\/www.europesays.com\/es\/wp-json\/wp\/v2\/categories?post=590872"},{"taxonomy":"post_tag","embeddable":true,"href":"https:\/\/www.europesays.com\/es\/wp-json\/wp\/v2\/tags?post=590872"}],"curies":[{"name":"wp","href":"https:\/\/api.w.org\/{rel}","templated":true}]}}