{"id":590887,"date":"2026-06-06T02:16:22","date_gmt":"2026-06-06T02:16:22","guid":{"rendered":"https:\/\/www.europesays.com\/es\/590887\/"},"modified":"2026-06-06T02:16:22","modified_gmt":"2026-06-06T02:16:22","slug":"el-consejo-de-informativos-de-tve-eleva-a-la-ue-su-informe-sobre-mananeros-y-malas-lenguas","status":"publish","type":"post","link":"https:\/\/www.europesays.com\/es\/590887\/","title":{"rendered":"El Consejo de Informativos de TVE eleva a la UE su informe sobre &#8216;Ma\u00f1aneros&#8217; y &#8216;Malas lenguas&#8217;"},"content":{"rendered":"<p>El <strong>Consejo de Informativos<\/strong> (CdI) de <strong><a href=\"https:\/\/theobjective.com\/etiqueta\/tve\/\" type=\"post_tag\" id=\"2085\" rel=\"nofollow noopener\" target=\"_blank\">Televisi\u00f3n Espa\u00f1ola<\/a><\/strong> ha enviado a varias instituciones, entre ellas el Parlamento Europeo, su informe de la investigaci\u00f3n llevada a cabo sobre los programas Ma\u00f1aneros 360 y Malas lenguas. <\/p>\n<p>En una comunicaci\u00f3n interna a la que ha tenido acceso <strong><a href=\"https:\/\/theobjective.com\/\" rel=\"nofollow noopener\" target=\"_blank\">THE OBJECTIVE<\/a><\/strong>, el \u00f3rgano de control interno de TVE ha remitido a la <strong>CNMC<\/strong>, la <strong>Comisi\u00f3n Mixta de Control Parlamentario de RTVE<\/strong>, al <strong>Parlamento Europeo<\/strong> y a la <strong>UER<\/strong> (Uni\u00f3n Europea de Radiodifusi\u00f3n), varios informes sobre la deriva interna de la cadena, entre ellos el que fiscaliza el <strong>sesgo y la manipulaci\u00f3n informativa<\/strong> en los mencionados programas. <\/p>\n<p>Entre la documentaci\u00f3n enviada, figura el informe que deriv\u00f3 en la gran <strong>consulta interna entre los trabajadores<\/strong> de TVE sobre la situaci\u00f3n de la corporaci\u00f3n; as\u00ed como la respuesta del Consejo de Administraci\u00f3n solicitando rectificaci\u00f3n de dicho informe y la propia contrarrespuesta del Consejo de Informativos ante esta petici\u00f3n del <strong>Consejo de Administraci\u00f3n<\/strong>. Tambi\u00e9n se ha enviado el resultado de la encuesta interna, que deriv\u00f3 en una <strong>condena de los profesionales de TVE a la \u00abmala praxis\u00bb<\/strong> de los llamados <strong>programas de infoentretenimiento de producci\u00f3n externa<\/strong> de la cadena.<\/p>\n<p>Falta de informaci\u00f3n y presiones de la direcci\u00f3n<\/p>\n<p>Seg\u00fan anuncia el Consejo de Informativos, en los informes enviados a las instituciones \u00abse reproducen la <strong>falta de colaboraci\u00f3n de la direcci\u00f3n, las presiones y advertencias<\/strong> que ha recibido el CDI de TVE, que est\u00e1n haciendo <strong>dif\u00edcil el cumplimiento de la ley de RTVE<\/strong> y el <strong>Estatuto de Informaci\u00f3n<\/strong>. A esto se suman ataques por algunos directivos\u00bb. <\/p>\n<p>Los informes est\u00e1n a disposici\u00f3n de todos los trabajadores de la corporaci\u00f3n en la intranet de RTVE y se han elevado como paso previo a la memoria anual que el consejo de informativos presenta de forma preceptiva ante la CNMC.<\/p>\n<p>La decisi\u00f3n de presentar esta documentaci\u00f3n ante instancias como el Parlamento Europeo y la UER se produce despu\u00e9s de que, tal y como inform\u00f3 este peri\u00f3dico, la <strong>direcci\u00f3n de RTVE reuniese a los consejos de informativos de la corporaci\u00f3n para tratar de <a href=\"https:\/\/theobjective.com\/medios\/2026-05-26\/direccion-tve-bloquear-rebelion-interna-contra-mananeros-360\/\" type=\"post\" id=\"4152460\" rel=\"nofollow noopener\" target=\"_blank\">aplacar los \u00e1nimos<\/a><\/strong><a href=\"https:\/\/theobjective.com\/medios\/2026-05-26\/direccion-tve-bloquear-rebelion-interna-contra-mananeros-360\/\" type=\"post\" id=\"4152460\" rel=\"nofollow noopener\" target=\"_blank\"> y bloquear una posible rebeli\u00f3n interna<\/a> contra programas como Ma\u00f1aneros 360. Un encuentro que finaliz\u00f3 sin \u00e9xito, ya que todos los consejos de la casa (TVE, RNE y RTVE.es) coincidieron en <strong>denunciar los \u00abataques\u00bb de la direcci\u00f3n<\/strong>.<\/p>\n<p>Un nuevo paso en una serie de episodios de enfrentamiento entre la direcci\u00f3n de RTVE y el \u00f3rgano <strong>encargado de garantizar la independencia, el pluralismo y la imparcialidad<\/strong> editorial en los medios de comunicaci\u00f3n de la corporaci\u00f3n. Por el camino, un cruce de acusaciones<a href=\"https:\/\/theobjective.com\/medios\/2026-04-15\/trabajadores-tve-salpicados-guerra-interna-partido\/\" rel=\"nofollow noopener\" target=\"_blank\"> que incluye <strong>denuncias por acoso<\/strong><\/a>, persecuci\u00f3n y la <a href=\"https:\/\/theobjective.com\/medios\/2026-05-20\/criticos-rne-denuncian-presion-represalias-direccion-rtve\/\" rel=\"nofollow noopener\" target=\"_blank\"><strong>apertura de expedientes<\/strong> contra los responsables<\/a> del \u00f3rgano colegiado que se encarga de fiscalizar el cumplimiento informativo marcado por el Estatuto de la corporaci\u00f3n p\u00fablica.<\/p>\n","protected":false},"excerpt":{"rendered":"El Consejo de Informativos (CdI) de Televisi\u00f3n Espa\u00f1ola ha enviado a varias instituciones, entre ellas el Parlamento Europeo,&hellip;\n","protected":false},"author":2,"featured_media":590888,"comment_status":"","ping_status":"","sticky":false,"template":"","format":"standard","meta":{"footnotes":""},"categories":[171],"tags":[6539,33061,146,147,25,24,14695,11945,13040,16116,6939,518,23,214,3156],"class_list":["post-590887","post","type-post","status-publish","format-standard","has-post-thumbnail","category-tv","tag-cnmc","tag-consejo-de-rtve","tag-entertainment","tag-entretenimiento","tag-es","tag-espana","tag-javier-ruiz","tag-jesus-cintora","tag-jose-pablo-lopez","tag-mananeros","tag-parlamento-europeo","tag-rtve","tag-spain","tag-tv","tag-tve"],"share_on_mastodon":{"url":"https:\/\/pubeurope.com\/@es\/116700760447907658","error":""},"_links":{"self":[{"href":"https:\/\/www.europesays.com\/es\/wp-json\/wp\/v2\/posts\/590887","targetHints":{"allow":["GET"]}}],"collection":[{"href":"https:\/\/www.europesays.com\/es\/wp-json\/wp\/v2\/posts"}],"about":[{"href":"https:\/\/www.europesays.com\/es\/wp-json\/wp\/v2\/types\/post"}],"author":[{"embeddable":true,"href":"https:\/\/www.europesays.com\/es\/wp-json\/wp\/v2\/users\/2"}],"replies":[{"embeddable":true,"href":"https:\/\/www.europesays.com\/es\/wp-json\/wp\/v2\/comments?post=590887"}],"version-history":[{"count":0,"href":"https:\/\/www.europesays.com\/es\/wp-json\/wp\/v2\/posts\/590887\/revisions"}],"wp:featuredmedia":[{"embeddable":true,"href":"https:\/\/www.europesays.com\/es\/wp-json\/wp\/v2\/media\/590888"}],"wp:attachment":[{"href":"https:\/\/www.europesays.com\/es\/wp-json\/wp\/v2\/media?parent=590887"}],"wp:term":[{"taxonomy":"category","embeddable":true,"href":"https:\/\/www.europesays.com\/es\/wp-json\/wp\/v2\/categories?post=590887"},{"taxonomy":"post_tag","embeddable":true,"href":"https:\/\/www.europesays.com\/es\/wp-json\/wp\/v2\/tags?post=590887"}],"curies":[{"name":"wp","href":"https:\/\/api.w.org\/{rel}","templated":true}]}}