{"id":591030,"date":"2026-06-06T04:34:30","date_gmt":"2026-06-06T04:34:30","guid":{"rendered":"https:\/\/www.europesays.com\/es\/591030\/"},"modified":"2026-06-06T04:34:30","modified_gmt":"2026-06-06T04:34:30","slug":"mercedes-mila-confirma-el-astronomico-sueldo-por-programa-que-tenia-en-gran-hermano-yo-estaba-dando-dinero-al-canal","status":"publish","type":"post","link":"https:\/\/www.europesays.com\/es\/591030\/","title":{"rendered":"Mercedes Mil\u00e1 confirma el astron\u00f3mico sueldo por programa que ten\u00eda en &#8216;Gran Hermano&#8217;: \u00abYo estaba dando dinero al canal\u00bb"},"content":{"rendered":"<p style=\"\">Mercedes Mil\u00e1 contin\u00faa con el mismo entusiasmo que le ha caracterizado durante toda su trayectoria profesional. Recientemente ha estrenado su nuevo programa, &#8216;Me meto en un jard\u00edn&#8217;, que se emite en La 2 y que ha contado con una gran acogida. <\/p>\n<p style=\"\"> Se trata de  &#8230; un formato que ella misma define como un \u00abtraje a medida\u00bb, en el que recorre distintos puntos en una caravana para realizar entrevistas pausadas a personajes que considera valientes. <\/p>\n<p class=\"v-d-p\" style=\"\">La veterana comunicadora, que acumula ya 52 a\u00f1os de trayectoria en televisi\u00f3n, se ha mostrado \u00abeuf\u00f3rica\u00bb y feliz por el estreno y porque RTVE ha decidido emitir tambi\u00e9n los programas en La 1, un hecho que Mil\u00e1 califica como un \u00abmilagro de la vida\u00bb durante su visita a &#8216;\u00a1Menudo cuadro!&#8217;, el programa de RTVE Play.<\/p>\n<p>\nEl sueldo de Mercedes Mil\u00e1 en &#8216;Gran Hermano&#8217;\n<\/p>\n<p class=\"v-d-p\" style=\"\">En este espacio conducido por David And\u00fajar, David Insua y Carlota Corredera, la catalana ha contado diferentes curiosidades de su trayectoria. Una de los secretos mejor guardados durante a\u00f1os es el sueldo que ha recibido como presentadora de &#8216;Gran Hermano&#8217;.<\/p>\n<p class=\"v-d-p\" style=\"\">Mil\u00e1 asegura que su etapa al frente del formato de telerrealidad ha sido la que m\u00e1s beneficios le ha dejado. Con la sinceridad que la caracteriza, ha revelado la cifra exacta que percib\u00eda: \u00abAl final de Gran Hermano yo creo que estaba ganando 60 por programa&#8230; o sea, 60.000\u00bb.<\/p>\n<p class=\"v-d-p\" style=\"\">A pesar de la magnitud de la cifra, la periodista defiende que su sueldo era proporcional a los beneficios que reportaba a la cadena: \u00abYo estaba dando much\u00edsimo dinero al canal, no cobrabas nada que no generases much\u00edsimo m\u00e1s\u00bb.<\/p>\n<p class=\"v-d-p\" style=\"\">En este sentido, la presentadora deja claro que su salario era una inversi\u00f3n muy rentable para la empresa debido a los ingresos publicitarios y de audiencia que arrastraba el concurso. Insiste en que \u00abgeneraba m\u00e1s de lo que cobraba\u00bb, aunque reconoce haber estado \u00abmuy bien pagada\u00bb.<\/p>\n","protected":false},"excerpt":{"rendered":"Mercedes Mil\u00e1 contin\u00faa con el mismo entusiasmo que le ha caracterizado durante toda su trayectoria profesional. Recientemente ha&hellip;\n","protected":false},"author":2,"featured_media":591031,"comment_status":"","ping_status":"","sticky":false,"template":"","format":"standard","meta":{"footnotes":""},"categories":[171],"tags":[107939,4632,1779,989,534,146,147,25,24,3956,37,1228,13287,2145,23,15563,214],"class_list":["post-591030","post","type-post","status-publish","format-standard","has-post-thumbnail","category-tv","tag-astronomico","tag-canal","tag-confirma","tag-dando","tag-dinero","tag-entertainment","tag-entretenimiento","tag-es","tag-espana","tag-gran","tag-hermano","tag-mercedes","tag-mila","tag-programa","tag-spain","tag-sueldo","tag-tv"],"share_on_mastodon":{"url":"https:\/\/pubeurope.com\/@es\/116701302985901286","error":""},"_links":{"self":[{"href":"https:\/\/www.europesays.com\/es\/wp-json\/wp\/v2\/posts\/591030","targetHints":{"allow":["GET"]}}],"collection":[{"href":"https:\/\/www.europesays.com\/es\/wp-json\/wp\/v2\/posts"}],"about":[{"href":"https:\/\/www.europesays.com\/es\/wp-json\/wp\/v2\/types\/post"}],"author":[{"embeddable":true,"href":"https:\/\/www.europesays.com\/es\/wp-json\/wp\/v2\/users\/2"}],"replies":[{"embeddable":true,"href":"https:\/\/www.europesays.com\/es\/wp-json\/wp\/v2\/comments?post=591030"}],"version-history":[{"count":0,"href":"https:\/\/www.europesays.com\/es\/wp-json\/wp\/v2\/posts\/591030\/revisions"}],"wp:featuredmedia":[{"embeddable":true,"href":"https:\/\/www.europesays.com\/es\/wp-json\/wp\/v2\/media\/591031"}],"wp:attachment":[{"href":"https:\/\/www.europesays.com\/es\/wp-json\/wp\/v2\/media?parent=591030"}],"wp:term":[{"taxonomy":"category","embeddable":true,"href":"https:\/\/www.europesays.com\/es\/wp-json\/wp\/v2\/categories?post=591030"},{"taxonomy":"post_tag","embeddable":true,"href":"https:\/\/www.europesays.com\/es\/wp-json\/wp\/v2\/tags?post=591030"}],"curies":[{"name":"wp","href":"https:\/\/api.w.org\/{rel}","templated":true}]}}