{"id":59107,"date":"2025-08-20T00:44:13","date_gmt":"2025-08-20T00:44:13","guid":{"rendered":"https:\/\/www.europesays.com\/es\/59107\/"},"modified":"2025-08-20T00:44:13","modified_gmt":"2025-08-20T00:44:13","slug":"nagore-robles-olvida-a-su-ex-carla-flila-y-se-deja-ver-muy-divertida-en-la-costa-del-sol","status":"publish","type":"post","link":"https:\/\/www.europesays.com\/es\/59107\/","title":{"rendered":"Nagore Robles olvida a su ex Carla Flila, y se deja ver muy divertida en la Costa del Sol"},"content":{"rendered":"<p class=\"p1\">Desde hace semanas los rumores de ruptura planeaban sobre la relaci\u00f3n de <b><a href=\"https:\/\/okdiario.com\/look\/actualidad\/casoplon-estrenar-sin-novia-rumores-que-rodean-nagore-robles-2347144\" rel=\"nofollow noopener\" target=\"_blank\">Nagore Robles<\/a> (42)<\/b> y <b><a href=\"https:\/\/okdiario.com\/look\/actualidad\/nagore-robles-lado-desconocido-novia-carla-flila-2242906\" rel=\"nofollow noopener\" target=\"_blank\">Carla Flila<\/a> (26)<\/b>. La pareja, que inici\u00f3 su historia en 2024 y siempre se mostr\u00f3 muy c\u00f3mplice en redes, parece haber puesto punto final a su noviazgo.\u00a0 Aunque <strong>ninguna de las dos ha confirmado p\u00fablicamente la separaci\u00f3n<\/strong>, las se\u00f1ales son cada vez m\u00e1s evidentes: ausencia de planes en com\u00fan, mensajes velados y un silencio en redes que no pasa desapercibido.<\/p>\n<p class=\"p1\">Mientras Carla disfruta de unos d\u00edas de calma en Galicia, rodeada de su familia y amigos m\u00e1s cercanos, Nagore ha elegido refugiarse en el sur. La televisiva pas\u00f3 varios d\u00edas en <b>M\u00e1laga y Marbella<\/b> junto a un grupo de \u00edntimos como <b>Susana Molina, Jos\u00e9 Obando y Javier Rodr\u00edguez<\/b>. All\u00ed, en plena Costa del Sol, lejos de la tensi\u00f3n medi\u00e1tica, se muestra sonriente, activa y con ganas de disfrutar del verano. \u201c<strong>Saben a sol, a risas compartidas, a confesiones, a juegos de mesa, a desayunos eternos\u2026<\/strong> Porque al final lo que hace m\u00e1gico un lugar no es solo la belleza, sino la gente con quien la disfruta\u201d, escribi\u00f3 en redes, en un mensaje que muchos interpretaron como un gui\u00f1o a su nueva etapa.<\/p>\n<p>\n<img decoding=\"async\" loading=\"lazy\" class=\"wp-image-2360163 size-full\" alt=\"Nagore Robles con su pandilla de amigos en M\u00e1laga. (Redes Sociales)\" width=\"1200\" height=\"1721\"  src=\"https:\/\/www.europesays.com\/es\/wp-content\/uploads\/2025\/08\/1754781369_613_placeholder.jpg\"  bad-src=\"https:\/\/www.europesays.com\/es\/wp-content\/uploads\/2025\/08\/1754781369_613_placeholder.jpg\"\/><\/p>\n<p><img decoding=\"async\" loading=\"lazy\" class=\"wp-image-2360163 size-full\" src=\"https:\/\/www.europesays.com\/es\/wp-content\/uploads\/2025\/08\/captura-de-pantalla-2025-08-19-a-las-19.34.19.jpg\" alt=\"Nagore Robles con su pandilla de amigos en M\u00e1laga. (Redes Sociales)\" width=\"1200\" height=\"1721\"  \/><\/p>\n<p> Nagore Robles con su pandilla de amigos en M\u00e1laga. (Redes Sociales)\n<\/p>\n<p class=\"p1\">En el plano personal, Nagore tambi\u00e9n ha compartido que el deporte y la meditaci\u00f3n est\u00e1n siendo su mejor refugio en este momento. <strong>\u201cYa he cambiado las l\u00e1grimas por sudor, as\u00ed que mucho mejor<\/strong>\u201d, confesaba en una de sus \u00faltimas publicaciones, mostrando as\u00ed su capacidad de resiliencia y su apuesta por mirar hacia adelante.<\/p>\n<p>\n<img decoding=\"async\" loading=\"lazy\" class=\"wp-image-2360168 size-full\" alt=\"Nagore Robles en una de sus sesiones de deporte. (Redes Sociales)\" width=\"1200\" height=\"1740\"  src=\"https:\/\/www.europesays.com\/es\/wp-content\/uploads\/2025\/08\/1754781369_613_placeholder.jpg\"  bad-src=\"https:\/\/www.europesays.com\/es\/wp-content\/uploads\/2025\/08\/1754781369_613_placeholder.jpg\"\/><\/p>\n<p><img decoding=\"async\" loading=\"lazy\" class=\"wp-image-2360168 size-full\" src=\"https:\/\/www.europesays.com\/es\/wp-content\/uploads\/2025\/08\/captura-de-pantalla-2025-08-19-a-las-19.34.35.jpg\" alt=\"Nagore Robles en una de sus sesiones de deporte. (Redes Sociales)\" width=\"1200\" height=\"1740\"  \/><\/p>\n<p> Nagore Robles en una de sus sesiones de deporte. (Redes Sociales)\n<\/p>\n<p class=\"p1\">A la espera de una confirmaci\u00f3n oficial, todo apunta a que la relaci\u00f3n que uni\u00f3 a la presentadora y a la influencer forma ya parte del pasado. Una historia de amor intensa que ahora se transforma en dos caminos distintos, vividos con discreci\u00f3n, pero tambi\u00e9n con se\u00f1ales claras de que ambas afrontan un nuevo cap\u00edtulo en sus vidas.<\/p>\n<p>La vida personal de Nagore Robles<\/p>\n<p data-start=\"271\" data-end=\"694\">Antes de iniciar su relaci\u00f3n con <strong data-start=\"304\" data-end=\"313\">Carla<\/strong>, la colaboradora de televisi\u00f3n <strong data-start=\"345\" data-end=\"362\">Nagore Robles<\/strong> ya hab\u00eda sido protagonista de varias historias sentimentales que despertaron un gran inter\u00e9s en la prensa del coraz\u00f3n. Su vida amorosa ha estado marcada por romances medi\u00e1ticos, algunos de ellos muy seguidos por los espectadores, que la han situado como una de las figuras m\u00e1s visibles y queridas de la comunidad LGTBI en Espa\u00f1a.<\/p>\n<p>\n<img decoding=\"async\" loading=\"lazy\" class=\"wp-image-2360169 size-full\" alt=\"Nagore Robles y Susana Molina. (Redes Sociales)\" width=\"1200\" height=\"1756\"  src=\"https:\/\/www.europesays.com\/es\/wp-content\/uploads\/2025\/08\/1754781369_613_placeholder.jpg\"  bad-src=\"https:\/\/www.europesays.com\/es\/wp-content\/uploads\/2025\/08\/1754781369_613_placeholder.jpg\"\/><\/p>\n<p><img decoding=\"async\" loading=\"lazy\" class=\"wp-image-2360169 size-full\" src=\"https:\/\/www.europesays.com\/es\/wp-content\/uploads\/2025\/08\/captura-de-pantalla-2025-08-19-a-las-19.34.47.jpg\" alt=\"Nagore Robles y Susana Molina. (Redes Sociales)\" width=\"1200\" height=\"1756\"  \/><\/p>\n<p> Nagore Robles y Susana Molina. (Redes Sociales)\n<\/p>\n<p data-start=\"696\" data-end=\"1259\">El m\u00e1s conocido de todos fue, sin duda, el que mantuvo con la periodista y presentadora <a href=\"https:\/\/okdiario.com\/look\/actualidad\/sandra-barneda-sorprende-todos-compartiendo-inesperada-boda-pareja-pascalle-paerel-2345409\" rel=\"nofollow noopener\" target=\"_blank\"><strong data-start=\"784\" data-end=\"802\">Sandra Barneda<\/strong><\/a>. Su historia de amor dur\u00f3 seis a\u00f1os y estuvo acompa\u00f1ada por momentos de complicidad tanto en la intimidad como en los plat\u00f3s. Su relaci\u00f3n no solo las convirti\u00f3 en una de las parejas m\u00e1s queridas del panorama televisivo, sino tambi\u00e9n en un s\u00edmbolo de visibilidad en la peque\u00f1a pantalla. Su ruptura, en 2022, lleg\u00f3 de manera inesperada para muchos de sus seguidores, aunque ambas han mostrado siempre respeto mutuo y han sabido mantener un v\u00ednculo cordial.<\/p>\n<p>\n<img decoding=\"async\" loading=\"lazy\" class=\"wp-image-2360171 size-full\" alt=\"Carla Flila durante sus vacaciones en Galicia (Redes Sociales)\" width=\"1200\" height=\"1793\"  src=\"https:\/\/www.europesays.com\/es\/wp-content\/uploads\/2025\/08\/1754781369_613_placeholder.jpg\"  bad-src=\"https:\/\/www.europesays.com\/es\/wp-content\/uploads\/2025\/08\/1754781369_613_placeholder.jpg\"\/><\/p>\n<p><img decoding=\"async\" loading=\"lazy\" class=\"wp-image-2360171 size-full\" src=\"https:\/\/www.europesays.com\/es\/wp-content\/uploads\/2025\/08\/captura-de-pantalla-2025-08-19-a-las-19.35.15.jpg\" alt=\"Carla Flila durante sus vacaciones en Galicia (Redes Sociales)\" width=\"1200\" height=\"1793\"  \/><\/p>\n<p> Carla Flila durante sus vacaciones en Galicia (Redes Sociales)\n<\/p>\n<p data-start=\"1261\" data-end=\"1663\">Antes de Barneda, Nagore hab\u00eda mantenido una relaci\u00f3n intermitente con <a href=\"https:\/\/okdiario.com\/look\/actualidad\/duro-reproche-sofia-cristo-barbara-rey-cosas-que-deberian-denunciar-2314539\" rel=\"nofollow noopener\" target=\"_blank\"><strong data-start=\"1332\" data-end=\"1348\">Sof\u00eda Cristo<\/strong><\/a>, hija de B\u00e1rbara Rey y \u00c1ngel Cristo. Juntas vivieron una historia con altibajos que ocup\u00f3 durante a\u00f1os titulares y tertulias, convirti\u00e9ndose en una de esas parejas que no dejaban indiferente a nadie. Entre idas y venidas, demostraron tener un fuerte v\u00ednculo personal, aunque finalmente tomaron caminos separados.<\/p>\n<p>Un nuevo cap\u00edtulo: su propio hogar<\/p>\n<p data-start=\"2143\" data-end=\"2506\">M\u00e1s all\u00e1 de lo sentimental, la colaboradora de programas de televisi\u00f3n atraviesa una etapa dulce a nivel personal. Ya tiene<strong data-start=\"2324\" data-end=\"2348\">\u00a0su propia casa<\/strong>. Ella misma lo comparti\u00f3 con entusiasmo en redes sociales los avances de su nueva vivienda, un inmueble de obra nueva que ya se encuentra en su fase final. Se trata de una residencia amplia, de tres plantas, situada en una exclusiva zona residencial en las afueras de Madrid, un entorno tranquilo y moderno donde tambi\u00e9n viven otras personalidades muy populares en redes, como <strong data-start=\"2729\" data-end=\"2744\">Lola Lolita<\/strong> o <strong data-start=\"2747\" data-end=\"2768\">Violeta Mangri\u00f1\u00e1n<\/strong>.<\/p>\n","protected":false},"excerpt":{"rendered":"Desde hace semanas los rumores de ruptura planeaban sobre la relaci\u00f3n de Nagore Robles (42) y Carla Flila&hellip;\n","protected":false},"author":2,"featured_media":59108,"comment_status":"","ping_status":"","sticky":false,"template":"","format":"standard","meta":{"footnotes":""},"categories":[174],"tags":[255,146,147,25,24,256,3056,23],"class_list":{"0":"post-59107","1":"post","2":"type-post","3":"status-publish","4":"format-standard","5":"has-post-thumbnail","7":"category-famosos","8":"tag-celebrities","9":"tag-entertainment","10":"tag-entretenimiento","11":"tag-es","12":"tag-espana","13":"tag-famosos","14":"tag-nagore-robles","15":"tag-spain"},"share_on_mastodon":{"url":"","error":""},"_links":{"self":[{"href":"https:\/\/www.europesays.com\/es\/wp-json\/wp\/v2\/posts\/59107","targetHints":{"allow":["GET"]}}],"collection":[{"href":"https:\/\/www.europesays.com\/es\/wp-json\/wp\/v2\/posts"}],"about":[{"href":"https:\/\/www.europesays.com\/es\/wp-json\/wp\/v2\/types\/post"}],"author":[{"embeddable":true,"href":"https:\/\/www.europesays.com\/es\/wp-json\/wp\/v2\/users\/2"}],"replies":[{"embeddable":true,"href":"https:\/\/www.europesays.com\/es\/wp-json\/wp\/v2\/comments?post=59107"}],"version-history":[{"count":0,"href":"https:\/\/www.europesays.com\/es\/wp-json\/wp\/v2\/posts\/59107\/revisions"}],"wp:featuredmedia":[{"embeddable":true,"href":"https:\/\/www.europesays.com\/es\/wp-json\/wp\/v2\/media\/59108"}],"wp:attachment":[{"href":"https:\/\/www.europesays.com\/es\/wp-json\/wp\/v2\/media?parent=59107"}],"wp:term":[{"taxonomy":"category","embeddable":true,"href":"https:\/\/www.europesays.com\/es\/wp-json\/wp\/v2\/categories?post=59107"},{"taxonomy":"post_tag","embeddable":true,"href":"https:\/\/www.europesays.com\/es\/wp-json\/wp\/v2\/tags?post=59107"}],"curies":[{"name":"wp","href":"https:\/\/api.w.org\/{rel}","templated":true}]}}