{"id":591072,"date":"2026-06-06T05:08:34","date_gmt":"2026-06-06T05:08:34","guid":{"rendered":"https:\/\/www.europesays.com\/es\/591072\/"},"modified":"2026-06-06T05:08:34","modified_gmt":"2026-06-06T05:08:34","slug":"la-fachada-del-ayuntamiento-se-iluminara-de-rojo-por-el-dia-mundial-de-la-hemocromatosis","status":"publish","type":"post","link":"https:\/\/www.europesays.com\/es\/591072\/","title":{"rendered":"La fachada del Ayuntamiento se iluminar\u00e1 de rojo por el D\u00eda Mundial de la Hemocromatosis"},"content":{"rendered":"<p>Noticia<\/p>\n<p>Fecha de publicaci\u00f3n: 5 de junio de 2026<\/p>\n<ul>\n<li class=\" cmAlignjustify\"><strong>El Ayuntamiento de M\u00f3stoles se suma a esta iniciativa de la Asociaci\u00f3n Espa\u00f1ola de Hemocromatosis (AEH) para concienciar sobre este trastorno gen\u00e9tico que afecta a un exceso de absorci\u00f3n del hierro de los alimentos en el organismo.  <\/strong><\/li>\n<\/ul>\n<p class=\"cmParagraph cmAlignjustify\"><img loading=\"lazy\" decoding=\"async\" src=\"https:\/\/www.europesays.com\/es\/wp-content\/uploads\/2026\/06\/1465165-destacada Ayuntamiento iluminado de rojo 2025 copia.jpg\" width=\"400\" height=\"225\" alt=\"destacada Ayuntamiento iluminado de rojo 2025 copia\"\/>El Ayuntamiento de M\u00f3stoles se suma a la conmemoraci\u00f3n del D\u00eda Mundial de la Hemocromatosis, el 7 de junio, iluminando de rojo su fachada en apoyo a la iniciativa de la Asociaci\u00f3n Espa\u00f1ola de Hemocromatosis (AEH), para concienciar sobre esta patolog\u00eda. <\/p>\n<p class=\"cmParagraph cmAlignjustify\">La hemocromatosis es un trastorno gen\u00e9tico que afecta a la sobrecarga de hierro en el organismo, que provoca que se absorba y almacene demasiado pudiendo ocasionar da\u00f1os en \u00f3rganos tan vitales como el h\u00edgado, bazo, coraz\u00f3n o cerebro, a veces irreversibles si no se trata. <\/p>\n<p class=\"cmParagraph cmAlignjustify\">Se estima que alrededor de 45.000 espa\u00f1oles tienen esta predisposici\u00f3n gen\u00e9tica, aunque lamentablemente muy pocas personas saben que la tienen. La hemocromatosis est\u00e1 infra diagnosticada porque los s\u00edntomas de este trastorno como fatiga, depresi\u00f3n y dolor en las articulaciones se confunden con los de otras enfermedades.<\/p>\n","protected":false},"excerpt":{"rendered":"Noticia Fecha de publicaci\u00f3n: 5 de junio de 2026 El Ayuntamiento de M\u00f3stoles se suma a esta iniciativa&hellip;\n","protected":false},"author":2,"featured_media":591073,"comment_status":"","ping_status":"","sticky":false,"template":"","format":"standard","meta":{"footnotes":""},"categories":[5],"tags":[1201,6853,1250,17,18,6854,777,2800,5509,25,24,13,14,11,6852,1928,6850,19,20,6849,9,10,15,16,4111,6851,23,12,21,22,6855],"class_list":["post-591072","post","type-post","status-publish","format-standard","has-post-thumbnail","category-titulares","tag-alcalde","tag-atencioacuten-ciudadana","tag-ayuntamiento","tag-breaking-news","tag-breakingnews","tag-callejero","tag-ciudad","tag-distritos","tag-empleo","tag-es","tag-espana","tag-featured-news","tag-featurednews","tag-headlines","tag-inversioacuten","tag-joven","tag-juventud","tag-latest-news","tag-latestnews","tag-moacutestoles","tag-news","tag-noticias","tag-noticias-destacadas","tag-noticiasdestacadas","tag-presupuestos","tag-sede-electroacutenica","tag-spain","tag-titulares","tag-ultimas-noticias","tag-ultimasnoticias","tag-webs-municipales"],"share_on_mastodon":{"url":"","error":"Validation failed: Text character limit of 500 exceeded"},"_links":{"self":[{"href":"https:\/\/www.europesays.com\/es\/wp-json\/wp\/v2\/posts\/591072","targetHints":{"allow":["GET"]}}],"collection":[{"href":"https:\/\/www.europesays.com\/es\/wp-json\/wp\/v2\/posts"}],"about":[{"href":"https:\/\/www.europesays.com\/es\/wp-json\/wp\/v2\/types\/post"}],"author":[{"embeddable":true,"href":"https:\/\/www.europesays.com\/es\/wp-json\/wp\/v2\/users\/2"}],"replies":[{"embeddable":true,"href":"https:\/\/www.europesays.com\/es\/wp-json\/wp\/v2\/comments?post=591072"}],"version-history":[{"count":0,"href":"https:\/\/www.europesays.com\/es\/wp-json\/wp\/v2\/posts\/591072\/revisions"}],"wp:featuredmedia":[{"embeddable":true,"href":"https:\/\/www.europesays.com\/es\/wp-json\/wp\/v2\/media\/591073"}],"wp:attachment":[{"href":"https:\/\/www.europesays.com\/es\/wp-json\/wp\/v2\/media?parent=591072"}],"wp:term":[{"taxonomy":"category","embeddable":true,"href":"https:\/\/www.europesays.com\/es\/wp-json\/wp\/v2\/categories?post=591072"},{"taxonomy":"post_tag","embeddable":true,"href":"https:\/\/www.europesays.com\/es\/wp-json\/wp\/v2\/tags?post=591072"}],"curies":[{"name":"wp","href":"https:\/\/api.w.org\/{rel}","templated":true}]}}