{"id":591078,"date":"2026-06-06T05:16:15","date_gmt":"2026-06-06T05:16:15","guid":{"rendered":"https:\/\/www.europesays.com\/es\/591078\/"},"modified":"2026-06-06T05:16:15","modified_gmt":"2026-06-06T05:16:15","slug":"marta-canella-al-perfumerias-avenida-salamancartv-al-dia","status":"publish","type":"post","link":"https:\/\/www.europesays.com\/es\/591078\/","title":{"rendered":"Marta Canella, al Perfumer\u00edas Avenida &#8211; SALAMANCArtv AL D\u00cdA"},"content":{"rendered":"<p class=\"prip\">A falta de oficialidad, la jugadora espa\u00f1ola recalar\u00e1 en Salamanca desde Girona, tal y como ha indicado la cuenta de X @break250619<\/p>\n<p class=\"prip\"><strong>Marta Canella<\/strong> se va al Perfumer\u00edas Avenida. A falta de oficialidad, la jugadora espa\u00f1ola recalar\u00e1 en Salamanca desde Girona, tal y como ha indicado la cuenta de X @break250619.<\/p>\n<p>Por otro lado, el conjunto charro sumar\u00eda as\u00ed a su <strong>tercera<\/strong> pieza para la pr\u00f3xima temporada, puesto que Soriano tiene contrato en vigor e In\u00e9s ha sido el primer esfuerzo estival.<\/p>\n<p>Entre tanto, Canella, una de las capitanas del Spar Girona, pondr\u00eda fin a una etapa de <strong>tres <\/strong>temporadas en el conjunto catal\u00e1n, al que lleg\u00f3 en el verano de 2023 procedente del Bar\u00e7a. <\/p>\n","protected":false},"excerpt":{"rendered":"A falta de oficialidad, la jugadora espa\u00f1ola recalar\u00e1 en Salamanca desde Girona, tal y como ha indicado la&hellip;\n","protected":false},"author":2,"featured_media":591079,"comment_status":"","ping_status":"","sticky":false,"template":"","format":"standard","meta":{"footnotes":""},"categories":[269],"tags":[299,298,168,25,24,111888,22179,3614,23,167],"class_list":["post-591078","post","type-post","status-publish","format-standard","has-post-thumbnail","category-baloncesto","tag-baloncesto","tag-basketball","tag-deportes","tag-es","tag-espana","tag-marta-canella","tag-perfumerias-avenida","tag-salamanca","tag-spain","tag-sports"],"share_on_mastodon":{"url":"","error":""},"_links":{"self":[{"href":"https:\/\/www.europesays.com\/es\/wp-json\/wp\/v2\/posts\/591078","targetHints":{"allow":["GET"]}}],"collection":[{"href":"https:\/\/www.europesays.com\/es\/wp-json\/wp\/v2\/posts"}],"about":[{"href":"https:\/\/www.europesays.com\/es\/wp-json\/wp\/v2\/types\/post"}],"author":[{"embeddable":true,"href":"https:\/\/www.europesays.com\/es\/wp-json\/wp\/v2\/users\/2"}],"replies":[{"embeddable":true,"href":"https:\/\/www.europesays.com\/es\/wp-json\/wp\/v2\/comments?post=591078"}],"version-history":[{"count":0,"href":"https:\/\/www.europesays.com\/es\/wp-json\/wp\/v2\/posts\/591078\/revisions"}],"wp:featuredmedia":[{"embeddable":true,"href":"https:\/\/www.europesays.com\/es\/wp-json\/wp\/v2\/media\/591079"}],"wp:attachment":[{"href":"https:\/\/www.europesays.com\/es\/wp-json\/wp\/v2\/media?parent=591078"}],"wp:term":[{"taxonomy":"category","embeddable":true,"href":"https:\/\/www.europesays.com\/es\/wp-json\/wp\/v2\/categories?post=591078"},{"taxonomy":"post_tag","embeddable":true,"href":"https:\/\/www.europesays.com\/es\/wp-json\/wp\/v2\/tags?post=591078"}],"curies":[{"name":"wp","href":"https:\/\/api.w.org\/{rel}","templated":true}]}}