{"id":59127,"date":"2025-08-20T00:56:08","date_gmt":"2025-08-20T00:56:08","guid":{"rendered":"https:\/\/www.europesays.com\/es\/59127\/"},"modified":"2025-08-20T00:56:08","modified_gmt":"2025-08-20T00:56:08","slug":"restablecido-el-servicio-ferroviario-entre-madrid-y-andalucia-tras-controlar-el-incendio-en-una-fabrica-de-yeles-toledo","status":"publish","type":"post","link":"https:\/\/www.europesays.com\/es\/59127\/","title":{"rendered":"Restablecido el servicio ferroviario entre Madrid y Andaluc\u00eda tras controlar el incendio en una f\u00e1brica de Yeles (Toledo)"},"content":{"rendered":"<p>19\/08\/2025<br \/>\n<br \/><strong><br \/>\nActualizado a las 22:41h.<br \/>\n<\/strong><\/p>\n<p class=\"voc-p\" style=\"\">Un <strong>incendio en una f\u00e1brica de Yeles,<\/strong> cercana a la v\u00eda ferroviaria, ha provocado la suspensi\u00f3n por parte de Adif durante m\u00e1s de dos hora de la circulaci\u00f3n en un tramo de la l\u00ednea entre Yeles y La Sagra, que ha afectado a la conexi\u00f3n Madrid-Andaluc\u00eda y las circulaciones con Castilla-La Mancha.<\/p>\n<p class=\"voc-p\" style=\"\">Renfe y Adif han avisado, m\u00e1s de dos horas despu\u00e9s de la incidencia, de que hab\u00edan logrado controlar el fuego y que los trenes han vuelto a circular. <\/p>\n<p class=\"voc-p\" style=\"\">El servicio ferroviario ha avisado, a trav\u00e9s de su cuenta en X, que la l\u00ednea volv\u00eda a circulaci\u00f3n \u00abtras la intervenci\u00f3n de los equipos de emergencia y la revisi\u00f3n de la infraestructura\u00bb. Por su parte, Adif ha se\u00f1alado que los trenes pueden \u00abregistrar retrasos\u00bb por tener que circular a menor velocidad por el punto afectado.<\/p>\n<blockquote class=\"twitter-tweet\">\n<p lang=\"es\" dir=\"ltr\">\ud83d\udd25 Suspendida la circulaci\u00f3n entre Yeles y La Sagra (Toledo) por un incendio de una f\u00e1brica cercana a la v\u00eda. La presencia de humo dificulta mucho la visibilidad.<\/p>\n<p>\ud83d\ude92Bomberos actuando en la zona<\/p>\n<p>\ud83d\ude86 Afectada la conexi\u00f3n Madrid-Andaluc\u00eda y las circulaciones con Castilla-La Mancha <a href=\"https:\/\/t.co\/ISKK6Ny9YY\" rel=\"nofollow\">pic.twitter.com\/ISKK6Ny9YY<\/a><\/p>\n<p>\u2014 INFOAdif (@InfoAdif) <a href=\"https:\/\/twitter.com\/InfoAdif\/status\/1957854092203593890?ref_src=twsrc%5Etfw\" rel=\"nofollow noopener\" target=\"_blank\">August 19, 2025<\/a><\/p><\/blockquote>\n<p class=\"voc-p\" style=\"\">Fuentes de Adif se\u00f1alaron a ABC que el incidente pod\u00eda prolongarse en el tiempo, ya que el incendio ha sido de grandes dimensiones, y ha afectado a una decena de trenes y unos 1.500 pasajeros. <\/p>\n<p class=\"voc-p\" style=\"\">La presencia de <strong>humo dificultaba mucho la visibilidad.<\/strong> Seg\u00fan ha informado el 112, se ha tratado de un incendio originado en el interior de <strong>una nave dedicada al reciclaje de pl\u00e1sticos<\/strong> situada en el t\u00e9rmino municipal de Yeles.<\/p>\n<p class=\"voc-p\" style=\"\">El servicio de atenci\u00f3n de urgencias de la regi\u00f3n ha recibido aviso a las 18.31 horas. En concreto, la nave afectada por el incendio est\u00e1 situada en el pol\u00edgono industrial &#8216;La Torrecilla Chica&#8217;. <\/p>\n<p class=\"voc-p\" style=\"\">No ha habido que lamentar da\u00f1os personales, ya que los operarios pudieron salir de la nave. Los bomberos de Illescas trabajan en la zona y tambi\u00e9n se han desplazado efectivos de la Polic\u00eda Local.<\/p>\n<p>Reportar un error<\/p>\n<p><script async src=\"https:\/\/platform.twitter.com\/widgets.js\" charset=\"utf-8\"><\/script><\/p>\n","protected":false},"excerpt":{"rendered":"19\/08\/2025 Actualizado a las 22:41h. Un incendio en una f\u00e1brica de Yeles, cercana a la v\u00eda ferroviaria, ha&hellip;\n","protected":false},"author":2,"featured_media":59128,"comment_status":"","ping_status":"","sticky":false,"template":"","format":"standard","meta":{"footnotes":""},"categories":[8],"tags":[5505,259,17,18,7085,22181,25,24,14461,13,14,24940,11,48,19,20,205,9,10,15,16,23,9986,12,1952,14238,21,22,24939],"class_list":{"0":"post-59127","1":"post","2":"type-post","3":"status-publish","4":"format-standard","5":"has-post-thumbnail","7":"category-espana","8":"tag-afecta","9":"tag-andalucia","10":"tag-breaking-news","11":"tag-breakingnews","12":"tag-circulacion","13":"tag-conexion","14":"tag-es","15":"tag-espana","16":"tag-fabrica","17":"tag-featured-news","18":"tag-featurednews","19":"tag-ferroviaria","20":"tag-headlines","21":"tag-incendio","22":"tag-latest-news","23":"tag-latestnews","24":"tag-madrid","25":"tag-news","26":"tag-noticias","27":"tag-noticias-destacadas","28":"tag-noticiasdestacadas","29":"tag-spain","30":"tag-suspende","31":"tag-titulares","32":"tag-toledo","33":"tag-tramo","34":"tag-ultimas-noticias","35":"tag-ultimasnoticias","36":"tag-yeles"},"share_on_mastodon":{"url":"","error":""},"_links":{"self":[{"href":"https:\/\/www.europesays.com\/es\/wp-json\/wp\/v2\/posts\/59127","targetHints":{"allow":["GET"]}}],"collection":[{"href":"https:\/\/www.europesays.com\/es\/wp-json\/wp\/v2\/posts"}],"about":[{"href":"https:\/\/www.europesays.com\/es\/wp-json\/wp\/v2\/types\/post"}],"author":[{"embeddable":true,"href":"https:\/\/www.europesays.com\/es\/wp-json\/wp\/v2\/users\/2"}],"replies":[{"embeddable":true,"href":"https:\/\/www.europesays.com\/es\/wp-json\/wp\/v2\/comments?post=59127"}],"version-history":[{"count":0,"href":"https:\/\/www.europesays.com\/es\/wp-json\/wp\/v2\/posts\/59127\/revisions"}],"wp:featuredmedia":[{"embeddable":true,"href":"https:\/\/www.europesays.com\/es\/wp-json\/wp\/v2\/media\/59128"}],"wp:attachment":[{"href":"https:\/\/www.europesays.com\/es\/wp-json\/wp\/v2\/media?parent=59127"}],"wp:term":[{"taxonomy":"category","embeddable":true,"href":"https:\/\/www.europesays.com\/es\/wp-json\/wp\/v2\/categories?post=59127"},{"taxonomy":"post_tag","embeddable":true,"href":"https:\/\/www.europesays.com\/es\/wp-json\/wp\/v2\/tags?post=59127"}],"curies":[{"name":"wp","href":"https:\/\/api.w.org\/{rel}","templated":true}]}}