{"id":591287,"date":"2026-06-06T08:20:13","date_gmt":"2026-06-06T08:20:13","guid":{"rendered":"https:\/\/www.europesays.com\/es\/591287\/"},"modified":"2026-06-06T08:20:13","modified_gmt":"2026-06-06T08:20:13","slug":"campeones-en-monreal","status":"publish","type":"post","link":"https:\/\/www.europesays.com\/es\/591287\/","title":{"rendered":"Campeones en Monreal"},"content":{"rendered":"<p class=\"paragraph\"><b>Monreal fue por segundo a\u00f1o consecutivo<\/b> el escenario de los <b>campeonatos navarros de contrarreloj<\/b> de todas las categor\u00edas, organizados por la <b>Federaci\u00f3n Navarra de Ciclismo<\/b>. Las pruebas se desarrollaron <b>entre las cuatro y las siete y media de la tarde<\/b> en un escenario sin ninguna dificultad t\u00e9cnica, con una temperatura agradable, y en la que el viento apenas tuvo un protagonismo relevante, con liger\u00edsimas rachas cambiantes de entre cuatro y cinco kil\u00f3metros por hora.<\/p>\n<p class=\"paragraph\">Volvi\u00f3 a vivir el ciclismo navarro la fiesta de las pruebas contrarreloj en un formato que se repet\u00eda por segundo a\u00f1o consecutivo. Apost\u00f3 la Federaci\u00f3n Navarra por ubicar el campeonato en la <b>antigua carretera de Jaca<\/b>, una recta n\u00edtida, que a diferencia del a\u00f1o pasado present\u00f3 mucho <b>menos calor en los climatol\u00f3gico<\/b> (el tiempo bastante m\u00e1s soportable, y apenas viento, con lo que el trazado, una recta n\u00edtida era una cuesti\u00f3n de pura potencia.<\/p>\n<p class=\"paragraph\">Las categor\u00edas <b>elite, sub 23 y Master<\/b> tuvieron que afrontar <b>22 kil\u00f3metros<\/b> de contrarreloj, mientras que los <b>j\u00faniors <\/b>disputaron <b>18 <\/b>y la categor\u00eda <b>cadete, 12<\/b>. Al final de cara una de las pruebas se otorg\u00f3 el maillot rojo de campeones.<\/p>\n<p class=\"paragraph\">La respuesta de los equipos y clubes fue muy satisfactoria, con m\u00e1s de un centenar de inscritos.<\/p>\n<p class=\"c-detail__box__title\"><b>CLASIFICACIONES<\/b><br \/>\u200bCadetes hombre<br \/>\u200b1.Joanes Aldaba (Erro y Eugui)<br \/>2. Aitor Olite (Ega Perfil)<br \/>3.Hugo Alonso (Erro y Eugui)<br \/>Cadetes f\u00e9minas<br \/>\u200b1.Ainhoa Lara (Rio Miera)<br \/>2.Enara P\u00e9rez (Timac agro)<br \/>3.Sara Garc\u00eda (Saltoki)<br \/>Junior hombre<br \/>\u200b1. Luca Mart\u00ednez (Danena)<br \/>2. Aitor Mata (MMR)<br \/>3. Joritz Barberena(Vizcay)<br \/>Junior f\u00e9minas\u00a0<br \/>1.Nerea Mart\u00ednez (Timac Agro)<br \/>Elite hombre<br \/>\u200b1.Ismael Go\u00f1i (Finisher)<br \/>2.Alejandro Yabar (Estella)<br \/>3. Aitor Ondarra (Surne)<br \/>Sub23 hombres<br \/>\u200b1.Aimar Lacasta (Smartlog)<br \/>2.Ekai Morras (Finisher)<br \/>3.Unai Buteau (Smartlog)<br \/>\u00c9lite f\u00e9mina<br \/>\u200b1. Mar\u00eda Mu\u00f1oz (Vipeq)<br \/>Sub23 f\u00e9mina<br \/>\u200b1. Nahia Imaz (Massi)<br \/><b>OTRAS<\/b><br \/>\u200bM\u00e1ster 30<br \/>\u200b1. \u00c1lvaro Nieto<br \/>M\u00e1ster 40<br \/>1. Luis Miguel Torreblanca<br \/>M\u00e1ster 50<br \/>1. Ibon Urtiaga<\/p>\n","protected":false},"excerpt":{"rendered":"Monreal fue por segundo a\u00f1o consecutivo el escenario de los campeonatos navarros de contrarreloj de todas las categor\u00edas,&hellip;\n","protected":false},"author":2,"featured_media":591288,"comment_status":"","ping_status":"","sticky":false,"template":"","format":"standard","meta":{"footnotes":""},"categories":[273],"tags":[5926,313,312,168,25,24,65142,23,167],"class_list":["post-591287","post","type-post","status-publish","format-standard","has-post-thumbnail","category-ciclismo","tag-campeones","tag-ciclismo","tag-cycling","tag-deportes","tag-es","tag-espana","tag-monreal","tag-spain","tag-sports"],"share_on_mastodon":{"url":"https:\/\/pubeurope.com\/@es\/116702191745689574","error":""},"_links":{"self":[{"href":"https:\/\/www.europesays.com\/es\/wp-json\/wp\/v2\/posts\/591287","targetHints":{"allow":["GET"]}}],"collection":[{"href":"https:\/\/www.europesays.com\/es\/wp-json\/wp\/v2\/posts"}],"about":[{"href":"https:\/\/www.europesays.com\/es\/wp-json\/wp\/v2\/types\/post"}],"author":[{"embeddable":true,"href":"https:\/\/www.europesays.com\/es\/wp-json\/wp\/v2\/users\/2"}],"replies":[{"embeddable":true,"href":"https:\/\/www.europesays.com\/es\/wp-json\/wp\/v2\/comments?post=591287"}],"version-history":[{"count":0,"href":"https:\/\/www.europesays.com\/es\/wp-json\/wp\/v2\/posts\/591287\/revisions"}],"wp:featuredmedia":[{"embeddable":true,"href":"https:\/\/www.europesays.com\/es\/wp-json\/wp\/v2\/media\/591288"}],"wp:attachment":[{"href":"https:\/\/www.europesays.com\/es\/wp-json\/wp\/v2\/media?parent=591287"}],"wp:term":[{"taxonomy":"category","embeddable":true,"href":"https:\/\/www.europesays.com\/es\/wp-json\/wp\/v2\/categories?post=591287"},{"taxonomy":"post_tag","embeddable":true,"href":"https:\/\/www.europesays.com\/es\/wp-json\/wp\/v2\/tags?post=591287"}],"curies":[{"name":"wp","href":"https:\/\/api.w.org\/{rel}","templated":true}]}}