{"id":591722,"date":"2026-06-06T14:30:14","date_gmt":"2026-06-06T14:30:14","guid":{"rendered":"https:\/\/www.europesays.com\/es\/591722\/"},"modified":"2026-06-06T14:30:14","modified_gmt":"2026-06-06T14:30:14","slug":"sanidad-refuerza-los-centros-de-salud-del-recorrido-papal-y-reprograma-citas-hospitalarias","status":"publish","type":"post","link":"https:\/\/www.europesays.com\/es\/591722\/","title":{"rendered":"Sanidad refuerza los centros de salud del recorrido papal y reprograma citas hospitalarias"},"content":{"rendered":"<p><img decoding=\"async\" class=\"v-ath__i\" loading=\"lazy\" src=\"https:\/\/www.europesays.com\/es\/wp-content\/uploads\/2026\/06\/autor-6545-foto-1.png\" alt=\"CANARIAS7\"\/><\/p>\n<p>06\/06\/2026 a las 11:22h.<\/p>\n<p class=\"v-d-p\" style=\"\">La Consejer\u00eda de Sanidad del Gobierno de Canarias ha dise\u00f1ado un dispositivo especial para garantizar la continuidad de la asistencia sanitaria durante la visita del Papa Le\u00f3n XIV a Canarias. En este sentido, se ha llevado a cabo <strong>una reorganizaci\u00f3n temporal de la actividad de los centros de salud de Atenci\u00f3n Primaria y hospitales de las islas de Gran Canaria y Tenerife<\/strong>pr\u00f3ximos a las zonas donde se prev\u00e9n restricciones de movilidad y elevada afluencia de personas. Los centros m\u00e9dicos y clinicas privadas tambi\u00e9n est\u00e1n reprogramando citas a los pacientes que ese d\u00eda no van a acudir a la consulta.<\/p>\n<p class=\"v-d-p\" style=\"\">En Atenci\u00f3n Primaria, <strong>los centros de salud mantienen su actividad, priorizando la modalidad telef\u00f3nica dadas las restricciones de movilidad existentes<\/strong>, por lo que cada centro avisar\u00e1 a los pacientes afectados del cambio en el caso de que la consulta la tuvieran presencial previamente. En esta reorganizaci\u00f3n se ha tenido en cuenta las restricciones de movilidad derivadas del dispositivo de seguridad y movilidad previsto para la jornada, con el objetivo de atender a los pacientes en funci\u00f3n de la prioridad cl\u00ednica y su acceso a los centros sanitarios.<\/p>\n<p class=\"v-d-p\" style=\"\"><strong>Las medidas adoptadas garantizan la atenci\u00f3n sanitaria a la poblaci\u00f3n<\/strong>, al tiempo que refuerzan la cobertura asistencial necesaria ante un evento de estas caracter\u00edsticas. Para ello, se han reforzado los recursos humanos y materiales disponibles y se han establecido mecanismos de coordinaci\u00f3n entre los distintos niveles asistenciales y los servicios de emergencias.<\/p>\n<p class=\"v-d-p\" style=\"\">A este respecto, durante la jornada del jueves 11 de junio, la Gerencia de Atenci\u00f3n Primaria de Gran Canaria ha reforzado la atenci\u00f3n con car\u00e1cter urgente de los <strong>diez centros de salud afectados por el recorrido<\/strong> y los eventos previstos, como son el de Arguinegu\u00edn, Maspalomas, Triana, San Roque, San Jos\u00e9, Tamaraceite, Lomo Blanco, Guanarteme, Cuevas Torres y Barrio Atl\u00e1ntico.<\/p>\n<p class=\"v-d-p\" style=\"\">En la jornada del viernes 12 de junio, en Santa Cruz de Tenerife, la Gerencia de Atenci\u00f3n Primaria de la isla ha reorganizado igualmente la actividad en los <strong>14 centros de salud afectados por el recorrido de la comitiva del Papa<\/strong>, entre los que se encuentran los de Laguna-Mercedes y Laguna-Universidad, San Benito, Finca Espa\u00f1a, La Cuesta, T\u00edncer, Taco, Barranco Grande, Ofra, Los Gladiolos, Barrio La Salud, Dr. Guigou, Toscal y Anaga. De esta forma se prioriza la atenci\u00f3n telef\u00f3nica y se garantiza la atenci\u00f3n urgente en estas zonas b\u00e1sicas de salud.<\/p>\n<p>\nCitas hospitalarias\n<\/p>\n<p class=\"v-d-p\" style=\"\">Por otra parte,<strong> la actividad en los hospitales de las islas de Gran Canaria y de Tenerife funcionar\u00e1 con normalidad tanto el d\u00eda 11 en Gran Canaria como el d\u00eda 12 en Tenerife<\/strong>, si bien para facilitar la movilidad se han reprogramado las consultas y las sesiones de rehabilitaci\u00f3n que dependen del transporte sanitario no urgente.<\/p>\n<p class=\"v-d-p\" style=\"\">Los traslados de pacientes con tratamiento programado de rehabilitaci\u00f3n o con cita en consultas externas se suspender\u00e1n el pr\u00f3ximo jueves, 11 de junio, en Gran Canaria y al d\u00eda siguiente en Tenerife con motivo de las restricciones de movilidad. <strong>En el resto del Archipi\u00e9lago, este servicio no sufre modificaciones<\/strong>.<\/p>\n<p class=\"v-d-p\" style=\"\"><strong>Esta suspensi\u00f3n no afecta a los pacientes que requieren tratamiento vital<\/strong>, es decir, a los que acuden de forma continuada a sesiones de hemodi\u00e1lisis, quimioterapia o radioterapia y hospital de d\u00eda oncohematol\u00f3gico, as\u00ed como a los traslados de pacientes entre centros sanitarios y los que reciban el alta de los hospitales. Estos traslados quedan garantizados, si bien podr\u00e1n producirse retrasos puntuales, especialmente en aquellos casos que coincidan con cortes de circulaci\u00f3n o dificultad de acceso a determinadas zonas durante el recorrido de la comitiva del Papa Le\u00f3n XIV.<\/p>\n<p class=\"v-d-p\" style=\"\">Asimismo, los pacientes con cita para tratamientos vitales y que acuden normalmente por sus propios medios tendr\u00e1n garantizado el acceso a su centro gracias a la coordinaci\u00f3n llevada a cabo con el dispositivo de seguridad. En ese sentido, <strong>deber\u00e1n llevar consigo su DNI, la tarjeta sanitaria y copia de su informe cl\u00ednico<\/strong> para poder identificarse en los controles de seguridad establecidos por el preventivo.<\/p>\n","protected":false},"excerpt":{"rendered":"06\/06\/2026 a las 11:22h. La Consejer\u00eda de Sanidad del Gobierno de Canarias ha dise\u00f1ado un dispositivo especial para&hellip;\n","protected":false},"author":2,"featured_media":591723,"comment_status":"","ping_status":"","sticky":false,"template":"","format":"standard","meta":{"footnotes":""},"categories":[8],"tags":[17,18,4114,10341,25,24,13,14,11,54559,19,20,9,10,15,16,111333,1786,3703,85125,166,1811,23,12,21,22],"class_list":["post-591722","post","type-post","status-publish","format-standard","has-post-thumbnail","category-espana","tag-breaking-news","tag-breakingnews","tag-centros","tag-citas","tag-es","tag-espana","tag-featured-news","tag-featurednews","tag-headlines","tag-hospitalarias","tag-latest-news","tag-latestnews","tag-news","tag-noticias","tag-noticias-destacadas","tag-noticiasdestacadas","tag-papal","tag-recorrido","tag-refuerza","tag-reprograma","tag-salud","tag-sanidad","tag-spain","tag-titulares","tag-ultimas-noticias","tag-ultimasnoticias"],"share_on_mastodon":{"url":"https:\/\/pubeurope.com\/@es\/116703647439871392","error":""},"_links":{"self":[{"href":"https:\/\/www.europesays.com\/es\/wp-json\/wp\/v2\/posts\/591722","targetHints":{"allow":["GET"]}}],"collection":[{"href":"https:\/\/www.europesays.com\/es\/wp-json\/wp\/v2\/posts"}],"about":[{"href":"https:\/\/www.europesays.com\/es\/wp-json\/wp\/v2\/types\/post"}],"author":[{"embeddable":true,"href":"https:\/\/www.europesays.com\/es\/wp-json\/wp\/v2\/users\/2"}],"replies":[{"embeddable":true,"href":"https:\/\/www.europesays.com\/es\/wp-json\/wp\/v2\/comments?post=591722"}],"version-history":[{"count":0,"href":"https:\/\/www.europesays.com\/es\/wp-json\/wp\/v2\/posts\/591722\/revisions"}],"wp:featuredmedia":[{"embeddable":true,"href":"https:\/\/www.europesays.com\/es\/wp-json\/wp\/v2\/media\/591723"}],"wp:attachment":[{"href":"https:\/\/www.europesays.com\/es\/wp-json\/wp\/v2\/media?parent=591722"}],"wp:term":[{"taxonomy":"category","embeddable":true,"href":"https:\/\/www.europesays.com\/es\/wp-json\/wp\/v2\/categories?post=591722"},{"taxonomy":"post_tag","embeddable":true,"href":"https:\/\/www.europesays.com\/es\/wp-json\/wp\/v2\/tags?post=591722"}],"curies":[{"name":"wp","href":"https:\/\/api.w.org\/{rel}","templated":true}]}}