{"id":591729,"date":"2026-06-06T14:41:16","date_gmt":"2026-06-06T14:41:16","guid":{"rendered":"https:\/\/www.europesays.com\/es\/591729\/"},"modified":"2026-06-06T14:41:16","modified_gmt":"2026-06-06T14:41:16","slug":"la-salida-de-novios-de-borja-semper-y-barbara-goenaga-tras-su-ano-mas-dificil","status":"publish","type":"post","link":"https:\/\/www.europesays.com\/es\/591729\/","title":{"rendered":"La \u2018salida de novios\u2019 de Borja S\u00e9mper y B\u00e1rbara Goenaga tras su a\u00f1o m\u00e1s dif\u00edcil"},"content":{"rendered":"<p id=\"enYdM9HDtQ\" data-wc=\"88\"><strong>Borja S\u00e9mper y B\u00e1rbara Goenaga\u00a0<\/strong>han aprovechado unos d\u00edas de calma para disfrutar de una escapada muy especial, una salida a solas que llega en un momento especialmente significativo para el pol\u00edtico del Partido Popular. Totalmente reincorporado a la vida p\u00fablica tras superar el c\u00e1ncer que le apart\u00f3 de la primera l\u00ednea durante meses, S\u00e9mper vive ahora <a class=\"hm-link ho-link\" href=\"https:\/\/www.hola.com\/actualidad\/20260605905753\/nueva-vida-borja-semper-tras-superar-cancer-tiempo-queda-quiero-disfrutarlo\/\" data-mrf-recirculation=\"article-body-link\" rel=\"nofollow noopener\" target=\"_blank\">una etapa de serenidad,<\/a> gratitud y reencuentro con lo cotidiano. Y en ese renacer, <strong>B\u00e1rbara Goenaga<\/strong> <strong>\u2014su pareja desde 2014\u2014 ha sido, como \u00e9l mismo ha reconocido, su gran sost\u00e9n emocional.<\/strong><\/p>\n<p> <img src=\"https:\/\/www.europesays.com\/es\/wp-content\/uploads\/2026\/06\/7e232e15818c-saveclipapp716230415186191386390327292232051430914743133n-1.jpg\"   width=\"576\" height=\"1024\" loading=\"lazy\" decoding=\"async\" alt=\"B\u00e1rbara inmortaliza 'la escapada de novios' de B\u00e1rbara Goenaga y Borja S\u00e9mper\" fetchpriority=\"auto\" class=\"image ho-image\"\/>\u00a9 barbaragoenagaB\u00e1rbara inmortaliza &#8216;la escapada de novios&#8217; de B\u00e1rbara Goenaga y Borja S\u00e9mper<\/p>\n<p id=\"e4JSefF_a6P\" data-wc=\"95\">La pareja ha compartido u<strong>na velada en el restaurante Q\u2019Tomas,<\/strong> un espacio gastron\u00f3mico de referencia en Valencia cuya propuesta se inspira en el Mediterr\u00e1neo, la huerta y el fuego de las brasas. Una cocina honesta, centrada en el producto, que encaja con la nueva manera de vivir del pol\u00edtico: sin urgencias, saboreando cada momento y celebrando los peque\u00f1os placeres. B\u00e1rbara Goenaga ha compartido esta cita en sus redes sociales con un mensaje sencillo y c\u00f3mplice: \u201cHoy hemos salido de novios. Un sitio incre\u00edble\u201d, una declaraci\u00f3n que refleja el momento de calma y disfrute que atraviesan.<\/p>\n<p> <img src=\"https:\/\/www.europesays.com\/es\/wp-content\/uploads\/2026\/06\/bf722425e6a9-saveclipapp71033119316657280645472905358515724698081220n-1.jpg\"   width=\"576\" height=\"1024\" loading=\"lazy\" decoding=\"async\" alt=\"B\u00e1rbara tom\u00f3 algunas im\u00e1genes de c\u00f3mo preparaban la cena en el restaurante \" fetchpriority=\"auto\" class=\"image ho-image\"\/>\u00a9 barbaragoenagaB\u00e1rbara tom\u00f3 algunas im\u00e1genes de c\u00f3mo preparaban la cena en el restaurante<br \/>\nUn a\u00f1o dif\u00edcil y una recuperaci\u00f3n que lo ha cambiado todo<\/p>\n<p id=\"eLhc-aPMGsb\" data-wc=\"75\">Borja S\u00e9mper hizo p\u00fablica <a class=\"hm-link ho-link\" href=\"https:\/\/www.hola.com\/actualidad\/20250715844278\/borja-semper-primera-entrevista-cancer\/\" data-mrf-recirculation=\"article-body-link\" rel=\"nofollow noopener\" target=\"_blank\">su enfermedad en julio de 2025\u00a0<\/a>para evitar especulaciones y explicar los cambios visibles en su imagen. Fue un proceso duro, marcado por la quimioterapia y por la necesidad de detenerse por completo. En una entrevista reciente en el podcast Decir las cosas, de Vanity Fair, el pol\u00edtico confesaba que la enfermedad le oblig\u00f3 a mirar la vida \u201cdesde otro lugar\u201d, a tomar conciencia de su fragilidad y a replantearse prioridades.<\/p>\n<p> <img src=\"https:\/\/www.europesays.com\/es\/wp-content\/uploads\/2026\/06\/ad831e68f701-barbara-semper10-z.jpg\"   width=\"967\" height=\"1024\" loading=\"lazy\" decoding=\"async\" alt=\"barbara semper10\" fetchpriority=\"auto\" class=\"image ho-image\"\/>\u00a9 barbaragoenagaB\u00e1rbara y Borja en una imagen de archivo<\/p>\n<p id=\"enwLv4mII1e\" data-wc=\"71\">\u201cSiempre voy a ser un enfermo de c\u00e1ncer\u201d,\u00a0admite, consciente del riesgo de reca\u00edda. Pero tambi\u00e9n subraya que no quiere que su identidad p\u00fablica quede reducida a la enfermedad. La asume, convive con ella, pero se niega a que determine su manera de vivir. Hoy se siente \u201crazonablemente bien\u201d y ha regresado a la pol\u00edtica con una calma nueva, m\u00e1s atento a lo esencial y menos dispuesto a vivir con prisas.<\/p>\n<p>El papel fundamental de B\u00e1rbara Goenaga<\/p>\n<p id=\"eaggcOshNK4\" data-wc=\"62\">Durante todo este proceso, B\u00e1rbara Goenaga ha sido su apoyo m\u00e1s firme. La actriz, seg\u00fan ha contado el propio S\u00e9mper, detuvo su vida profesional para acompa\u00f1arlo en cada etapa del tratamiento. \u00abEs una mujer espectacular\u00bb, ha dicho alguna vez en referencia a la actriz. Los hijos de la pareja, tambi\u00e9n fueron muy importantes en su recuperaci\u00f3n y su motor para seguir adelante.<\/p>\n<p id=\"eNcr36Ag8S\" data-wc=\"72\">La pareja mantiene una relaci\u00f3n estable desde hace doce a\u00f1os. Iniciaron su historia de una manera discreta y alejada del foco medi\u00e1tico, aunque no fue hasta <strong>diciembre de 2015<\/strong>, durante un concierto de <strong>Love of Lesbian en Vitoria<\/strong>, cuando se dejaron ver juntos por primera vez, confirmando as\u00ed una relaci\u00f3n que ya avanzaba con paso firme. Desde entonces han construido una <strong>familia unida y diversa<\/strong>, marcada por la naturalidad y la complicidad.<\/p>\n<p id=\"eKtspA2S0Fj\" data-wc=\"82\">Juntos son padres de <strong>Telmo y Eliot<\/strong>, los peque\u00f1os de la casa. Ambos llegaron a esta historia con un hijo previo: <strong>Aran<\/strong>, fruto de la relaci\u00f3n de B\u00e1rbara con el actor \u00d3scar Jaenada, y <strong>Pablo<\/strong>, el primog\u00e9nito de Borja, nacido de su matrimonio anterior con Mar\u00eda Azc\u00e1rate. Cuatro ni\u00f1os \u2014de <strong>6, 9, 15 y 19 a\u00f1os<\/strong>\u2014 que han vivido este \u00faltimo a\u00f1o con la claridad, la serenidad y la honestidad con la que sus padres han querido explicarles cada paso del proceso.<\/p>\n<p>Una familia que mira hacia adelante<\/p>\n<p id=\"e3kBsV1Vz_\" data-wc=\"119\">Borja S\u00e9mper ya est\u00e1 plenamente reintegrado en su actividad pol\u00edtica. El pasado mes de enero<a class=\"hm-link ho-link\" href=\"https:\/\/www.hola.com\/actualidad\/20260107876590\/borja-semper-reaparece-regresa-a-genova-partido-popular\/\" data-mrf-recirculation=\"article-body-link\" rel=\"nofollow noopener\" target=\"_blank\"> volvi\u00f3 a la sede nacional del Partido Popular,<\/a> en la calle G\u00e9nova, en la que fue su <strong>segunda aparici\u00f3n p\u00fablica<\/strong> desde que anunci\u00f3 su diagn\u00f3stico. El reencuentro con sus compa\u00f1eros estuvo cargado de emoci\u00f3n y cercan\u00eda. El presidente del PP lo celebr\u00f3 con un mensaje en redes sociales que se viraliz\u00f3 de inmediato: \u201cChico nuevo en la oficina\u201d, escribi\u00f3 con tono c\u00f3mplice. \u201cEncantados de tener otra vez con nosotros a Borja S\u00e9mper\u201d, a\u00f1ad\u00eda, dejando claro el cari\u00f1o y el alivio que su vuelta ha generado dentro del partido. El gesto sirvi\u00f3 para <strong>visibilizar p\u00fablicamente su recuperaci\u00f3n<\/strong> y subrayar el apoyo recibido durante estos meses.<\/p>\n<p> <img src=\"https:\/\/www.europesays.com\/es\/wp-content\/uploads\/2026\/06\/529884b73cb1-dlu530429034.jpg\"   width=\"1024\" height=\"673\" loading=\"lazy\" decoding=\"async\" alt=\"Borja Semper en el entierro de Josep Pique\" fetchpriority=\"auto\" class=\"image ho-image\"\/>\u00a9 GTRESBorja S\u00e9mper<\/p>\n<p id=\"eac299Hdhnr\" data-wc=\"41\">Superada la fase m\u00e1s compleja, S\u00e9mper reconoce que ha regresado \u201c<strong>con otra mirada<\/strong>\u201d, como ha explicado. Ya no vive con la presi\u00f3n del \u201ccarpe diem\u201d, sino con una serenidad nueva: \u201c<strong>El tiempo que queda quiero aprovecharlo y disfrutarlo, pero sin urgencias<\/strong>\u201d.<\/p>\n<p> <img src=\"https:\/\/www.europesays.com\/es\/wp-content\/uploads\/2026\/06\/7ec4156a88cb-borja-semper-barbara-ep2.jpg\"   width=\"1024\" height=\"657\" loading=\"lazy\" decoding=\"async\" alt=\"Borja S\u00e9mper y B\u00e1rbara Goenaga en ARCO\" fetchpriority=\"auto\" class=\"image ho-image\"\/>\u00a9 Europa PressBorja S\u00e9mper y B\u00e1rbara Goenaga en ARCO<\/p>\n<p id=\"e_YT4FjObC-B\" data-wc=\"62\">En este contexto, la reciente escapada con B\u00e1rbara Goenaga adquiere un sentido especial. No es solo una salida rom\u00e1ntica: es un gesto de celebraci\u00f3n, de agradecimiento y de reencuentro con la vida despu\u00e9s de un a\u00f1o que lo cambi\u00f3 todo. Una manera de saborear lo cotidiano y de reconectar con la normalidad junto a la persona que ha sido su mayor apoyo.<\/p>\n","protected":false},"excerpt":{"rendered":"Borja S\u00e9mper y B\u00e1rbara Goenaga\u00a0han aprovechado unos d\u00edas de calma para disfrutar de una escapada muy especial, una&hellip;\n","protected":false},"author":2,"featured_media":591730,"comment_status":"","ping_status":"","sticky":false,"template":"","format":"standard","meta":{"footnotes":""},"categories":[174],"tags":[517,22722,255,146,147,25,24,256,23],"class_list":["post-591729","post","type-post","status-publish","format-standard","has-post-thumbnail","category-famosos","tag-actualidad","tag-borja-semper","tag-celebrities","tag-entertainment","tag-entretenimiento","tag-es","tag-espana","tag-famosos","tag-spain"],"share_on_mastodon":{"url":"https:\/\/pubeurope.com\/@es\/116703690189373937","error":""},"_links":{"self":[{"href":"https:\/\/www.europesays.com\/es\/wp-json\/wp\/v2\/posts\/591729","targetHints":{"allow":["GET"]}}],"collection":[{"href":"https:\/\/www.europesays.com\/es\/wp-json\/wp\/v2\/posts"}],"about":[{"href":"https:\/\/www.europesays.com\/es\/wp-json\/wp\/v2\/types\/post"}],"author":[{"embeddable":true,"href":"https:\/\/www.europesays.com\/es\/wp-json\/wp\/v2\/users\/2"}],"replies":[{"embeddable":true,"href":"https:\/\/www.europesays.com\/es\/wp-json\/wp\/v2\/comments?post=591729"}],"version-history":[{"count":0,"href":"https:\/\/www.europesays.com\/es\/wp-json\/wp\/v2\/posts\/591729\/revisions"}],"wp:featuredmedia":[{"embeddable":true,"href":"https:\/\/www.europesays.com\/es\/wp-json\/wp\/v2\/media\/591730"}],"wp:attachment":[{"href":"https:\/\/www.europesays.com\/es\/wp-json\/wp\/v2\/media?parent=591729"}],"wp:term":[{"taxonomy":"category","embeddable":true,"href":"https:\/\/www.europesays.com\/es\/wp-json\/wp\/v2\/categories?post=591729"},{"taxonomy":"post_tag","embeddable":true,"href":"https:\/\/www.europesays.com\/es\/wp-json\/wp\/v2\/tags?post=591729"}],"curies":[{"name":"wp","href":"https:\/\/api.w.org\/{rel}","templated":true}]}}