{"id":591731,"date":"2026-06-06T14:42:14","date_gmt":"2026-06-06T14:42:14","guid":{"rendered":"https:\/\/www.europesays.com\/es\/591731\/"},"modified":"2026-06-06T14:42:14","modified_gmt":"2026-06-06T14:42:14","slug":"daniel-ibanez-el-palentino-que-fotografia-al-papa-como-catolico-creo-que-es-un-don","status":"publish","type":"post","link":"https:\/\/www.europesays.com\/es\/591731\/","title":{"rendered":"Daniel Ib\u00e1\u00f1ez, el palentino que fotograf\u00eda al Papa: \u00abComo cat\u00f3lico creo que es un don\u00bb"},"content":{"rendered":"<p style=\"\">Privilegiado. Y no es para menos. Poder vivir de cerca el d\u00eda a d\u00eda y los momentos claves del Santo Padre es una experiencia al alcance de unos pocos elegidos, pero entre esos agraciados se encuentra Daniel Ib\u00e1\u00f1ez (Palencia, 1992), quien c\u00e1mara en mano y  &#8230; con su base de operaciones en Roma (y ya van doce a\u00f1os), no pierde detalle de las celebraciones lit\u00fargicas y eclesiales, aunque su objetivo enfoca primordialmente en el d\u00eda a d\u00eda del Vicario de Cristo. Una agenda que le hace volver a la patria con el primer viaje apost\u00f3lico de Le\u00f3n XIV, al estar seleccionado entre los profesionales de los medios de comunicaci\u00f3n que viajan en el avi\u00f3n papal de cara al recorrido por Madrid, Barcelona y las Islas Canarias.<\/p>\n<p class=\"v-d-p\" style=\"\">&#8216;Tornare a casa&#8217;, como se dir\u00eda en italiano. Ib\u00e1\u00f1ez trabaja para una agencia de noticias y de televisi\u00f3n a nivel internacional, con fuerte presencia y repercusi\u00f3n en Estados Unidos y Latinoam\u00e9rica, para lo que est\u00e1 acreditado como fot\u00f3grafo por el Departamento de Prensa del Vaticano. Al mismo tiempo, se concibe como el \u00fanico espa\u00f1ol y, a su vez, el m\u00e1s joven de unos 40 compa\u00f1eros. Es por ello que vive con especial cari\u00f1o el viaje que Le\u00f3n XIV realiza a Espa\u00f1a, aunque a sus espaldas se suman muchos kil\u00f3metros de la mano de los viajes apost\u00f3licos enmarcados en el Pontificado del Papa Francisco. Entre ellos, Luxemburgo, B\u00e9lgica, Portugal, as\u00ed como Singapur, Tim\u00f3n Oriental, Pap\u00faa Nueva Guinea e Indonesia.<\/p>\n<p class=\"v-d-p\" style=\"\">\u00abSon experiencias que si me hubieras preguntado hace 15 a\u00f1os no habr\u00eda llegado a pensar\u00bb, afirma el palentino en declaraciones a la Agencia Ical, quien reconoce \u00abtener suerte\u00bb de poder vivir estos acontecimientos mientras \u00abuno trabaja de lo que le gusta\u00bb. \u00abHay d\u00edas que pones m\u00e1s ganas que otros, pero al igual que todo el mundo, pero este trabajo me ha brindado la oportunidad de cubrir un Pontificado y tener el privilegio con el nuevo de Le\u00f3n XIV\u00bb, remarca.<\/p>\n<p><img decoding=\"async\" loading=\"lazy\" src=\"https:\/\/www.europesays.com\/es\/wp-content\/uploads\/2026\/06\/daniel-ibannez01-U61255431247GKZ-624x385@diario_abc.jpg\" class=\"v-a-img\" width=\"680\" height=\"478\" alt=\"Ib\u00e1\u00f1ez, en la cofrad\u00eda de los Nazarenos, en Palencia\" data-voc-vtm-id=\"in-text-traffic\"\/><\/p>\n<p>Ib\u00e1\u00f1ez, en la cofrad\u00eda de los Nazarenos, en Palencia.<\/p>\n<p>(Ical)<\/p>\n<p class=\"v-d-p\" style=\"\">Su actividad se centra en la cobertura de eventos y actos en la Iglesia en Roma. \u00abMe gusta mucho mi trabajo y eso creo que es muy importante, porque yo estoy activo en fiestas de guardar, s\u00e1bados o domingos\u00bb, ironiza el fot\u00f3grafo, que en el pasado fue monaguillo en la Catedral de San Antol\u00edn, lo que le permite tener una visi\u00f3n y un conocimiento de conceptos, significados y liturgia. Muy adecuados para la cobertura que realiza a diario, comenta el tambi\u00e9n cofrade de Jes\u00fas Nazareno y Nuestra Madre la Virgen de la Amargura de Palencia, un sentimiento que que no pierde, al ejercer como pregonero y defensor de la Semana Santa palentina en Roma. \u00abComo cat\u00f3lico creo que es un don\u00bb, agradece.<\/p>\n<p class=\"v-d-p\" style=\"\">No obstante, deja patente<strong> la \u00abresponsabilidad\u00bb que conlleva esta profesi\u00f3n y las fotograf\u00edas que realiza<\/strong>, porque el Santo Padre no deja de ser un jefe de Estado. Entre los cientos de momentos y an\u00e9cdotas, recuerda el viaje del Papa Francisco con los reyes de B\u00e9lgica. \u00abEn ese momento, te paras a mirar y te das cuenta que est\u00e1s solo, junto a otros tres compa\u00f1eros, en una estancia donde Su Santidad est\u00e1 tomando caf\u00e9 con unos monarcas. Te acojonas un poco y te preguntas la raz\u00f3n por la que t\u00fa eres el elegido y est\u00e1s all\u00ed\u00bb, destaca.<\/p>\n<p class=\"v-d-p\" style=\"\">Por ello, comenta que, \u00abquiz\u00e1s, la experiencia te ayuda a vivir este tipos de acontecimientos\u00bb y poder sacarlo adelante, porque \u00abtodo ocurre realmente r\u00e1pido y no se puede pensar demasiado\u00bb. \u00abEs cuesti\u00f3n de segundos y hay que tenerlo\u00bb, al no haber opci\u00f3n para la duda o el error, m\u00e1s cuando en determinadas ocasiones cubres un acto y representas a 20 compa\u00f1eros m\u00e1s por limitaciones en la convocatoria en los denominados como &#8216;pool&#8217; de prensa con acreditaci\u00f3n restringida.<\/p>\n<p>\nLa bendici\u00f3n de Francisco\n<\/p>\n<p class=\"v-d-p\" style=\"\">Daniel Ib\u00e1\u00f1ez bromea con tener \u00abdesterrado el flash\u00bb en su d\u00eda a d\u00eda. Aunque lleva cerca de 13 a\u00f1os en Roma, todo empez\u00f3 en la capital palentina. Estudi\u00f3 un ciclo formativo superior en el IES Trinidad Arroyo de Telecomunicaci\u00f3n Inform\u00e1tica, lo que le llev\u00f3 a hacer unas pr\u00e1cticas a una televisi\u00f3n en Italia, empresa en la que, a d\u00eda de hoy trabaja. Lo que fueron seis meses, remunerados al ser una compa\u00f1\u00eda americana, se convirtieron en su d\u00eda a d\u00eda.<\/p>\n<p class=\"v-d-p\" style=\"\">Explica que cuando lleg\u00f3, la televisi\u00f3n se uni\u00f3 con una agencia de noticias, por lo que qued\u00f3 sin cubrir un rol de fot\u00f3grafo, responsabilidad que acogi\u00f3 el palentino. \u00abSiempre quise estudiar imagen y sonido, pero no consegu\u00ed entrar al no ser un buen estudiante, pero al final he logrado hacer de un hobby mi profesi\u00f3n\u00bb. No obstante, reconoce que es autodidacta. \u00abPasan los a\u00f1os y me siguen pagando, as\u00ed que no lo har\u00e9 mal del todo\u00bb, apostilla, quien a\u00f1ade que cursa actualmente un Grado en Comunicaci\u00f3n Institucional en la Pontificio de la Santa Cruz, en la capital italiana.<\/p>\n<p class=\"v-d-p\" style=\"\">Un trabajo que le ha permitido conocer m\u00e1s de cerca al antecesor de Le\u00f3n XIV, al detallar que Jorge Mario Bergoglio le recibi\u00f3, junto a su mujer, en Santa Marta poco despu\u00e9s de contraer matrimonio. En un encuentro muy cercano de una media hora, Su Santidad bendijo el vientre de su esposa, al anunciarle que estaba embarazada. \u00abFue un acto muy bonito y personal\u00bb, asevera.<\/p>\n<ul class=\"v-cmp-rld__u\">\n<li class=\"v-cmp-rld__l\">\n<p><a class=\"v-a-lnk\" href=\"http:\/\/www.abc.es\/espana\/castilla-leon\/miles-decenarios-artesanales-regalar-papa-feligreses-20260603134845-nt.html#vtm_modulosEngag=noticiasrelacionadas-cmp-uno:espana:noticia:1\" title=\"Rosarios creados en tres monasterios de la Comunidad para rezar con el Papa\" data-voc-vtm-id=\"in-text-traffic\" rel=\"nofollow noopener\" target=\"_blank\"><br \/>\n<img decoding=\"async\" loading=\"lazy\" src=\"https:\/\/www.europesays.com\/es\/wp-content\/uploads\/2026\/06\/monjas-U28627186066eGg-366x256@diario_abc.jpg\" class=\"v-a-img\" width=\"258\" height=\"180\" alt=\"Rosarios creados en tres monasterios de la Comunidad para rezar con el Papa\"\/><br \/>\n<\/a><\/p>\n<\/li>\n<\/ul>\n<p class=\"v-d-p\" style=\"\">Tiempo despu\u00e9s, en un viaje en el avi\u00f3n papal, el palentino estrech\u00f3 de nuevo la mano con el Santo Padre y aprovech\u00f3 para ense\u00f1arle una foto de su hija y su mujer, al recordar su bendici\u00f3n, para, acto seguido, a\u00f1adirle que se hab\u00eda ampliado la familia. \u00abMe pregunt\u00f3 el n\u00famero de hijos que ten\u00eda, a lo que contest\u00e9 que dos, y el Papa Francisco me dijo que eso estaba muy bien, porque uno s\u00f3lo se aburre\u00bb. Ah\u00ed era donde demostraba su cercan\u00eda y ese car\u00e1cter bromista que pose\u00eda. Ahora, <strong>con Le\u00f3n XIV<\/strong> no ha tenido, hasta la fecha, muchos acercamientos, aunque reconoce que le ha saludado en cuatro ocasiones, a\u00f1ade.<\/p>\n","protected":false},"excerpt":{"rendered":"Privilegiado. Y no es para menos. Poder vivir de cerca el d\u00eda a d\u00eda y los momentos claves&hellip;\n","protected":false},"author":2,"featured_media":591732,"comment_status":"","ping_status":"","sticky":false,"template":"","format":"standard","meta":{"footnotes":""},"categories":[173],"tags":[229,233,231,230,45732,10345,2943,232,234,14801,146,147,25,24,244,15629,29315,12629,23],"class_list":["post-591731","post","type-post","status-publish","format-standard","has-post-thumbnail","category-arte-y-diseno","tag-arte","tag-arte-y-diseno","tag-arts","tag-arts-and-design","tag-catolico","tag-creo","tag-daniel","tag-design","tag-diseno","tag-don","tag-entertainment","tag-entretenimiento","tag-es","tag-espana","tag-fotografia","tag-ibanez","tag-palentino","tag-papa","tag-spain"],"share_on_mastodon":{"url":"https:\/\/pubeurope.com\/@es\/116703693755289626","error":""},"_links":{"self":[{"href":"https:\/\/www.europesays.com\/es\/wp-json\/wp\/v2\/posts\/591731","targetHints":{"allow":["GET"]}}],"collection":[{"href":"https:\/\/www.europesays.com\/es\/wp-json\/wp\/v2\/posts"}],"about":[{"href":"https:\/\/www.europesays.com\/es\/wp-json\/wp\/v2\/types\/post"}],"author":[{"embeddable":true,"href":"https:\/\/www.europesays.com\/es\/wp-json\/wp\/v2\/users\/2"}],"replies":[{"embeddable":true,"href":"https:\/\/www.europesays.com\/es\/wp-json\/wp\/v2\/comments?post=591731"}],"version-history":[{"count":0,"href":"https:\/\/www.europesays.com\/es\/wp-json\/wp\/v2\/posts\/591731\/revisions"}],"wp:featuredmedia":[{"embeddable":true,"href":"https:\/\/www.europesays.com\/es\/wp-json\/wp\/v2\/media\/591732"}],"wp:attachment":[{"href":"https:\/\/www.europesays.com\/es\/wp-json\/wp\/v2\/media?parent=591731"}],"wp:term":[{"taxonomy":"category","embeddable":true,"href":"https:\/\/www.europesays.com\/es\/wp-json\/wp\/v2\/categories?post=591731"},{"taxonomy":"post_tag","embeddable":true,"href":"https:\/\/www.europesays.com\/es\/wp-json\/wp\/v2\/tags?post=591731"}],"curies":[{"name":"wp","href":"https:\/\/api.w.org\/{rel}","templated":true}]}}