{"id":592036,"date":"2026-06-06T18:37:15","date_gmt":"2026-06-06T18:37:15","guid":{"rendered":"https:\/\/www.europesays.com\/es\/592036\/"},"modified":"2026-06-06T18:37:15","modified_gmt":"2026-06-06T18:37:15","slug":"una-pelicula-incomoda-y-sin-miedo-a-ofender-la-joya-oculta-que-tienes-que-ver-en-netflix-noticias-de-cine","status":"publish","type":"post","link":"https:\/\/www.europesays.com\/es\/592036\/","title":{"rendered":"Una pel\u00edcula inc\u00f3moda y sin miedo a ofender: la joya oculta que tienes que ver en Netflix &#8211; Noticias de cine"},"content":{"rendered":"<p>Tras un breve paso por las salas de cine por culpa del Coronavirus, fue la elegida por Alemania para los Oscar de 2021<\/p>\n<p>    <img loading=\"lazy\" decoding=\"async\" class=\"article-figure-img\" width=\"654\" height=\"368\" src=\"https:\/\/www.europesays.com\/es\/wp-content\/uploads\/2026\/06\/4ce4e65bb51310e4da26da0b71b1547f.jpg\"\/><\/p>\n<p>        Seven Elephants<\/p>\n<p class=\"bo-p\">Con decenas de miles de series y pel\u00edculas, el cat\u00e1logo de <a href=\"https:\/\/www.sensacine.com\/streaming\/netflix\/\" class=\"bo-link\" rel=\"nofollow noopener\" target=\"_blank\">Netflix<\/a> es una aut\u00e9ntica mina de joyas ocultas y una de ellas es la pel\u00edcula alemana <a href=\"https:\/\/www.sensacine.com\/peliculas\/pelicula-271813\/\" class=\"bo-link\" rel=\"nofollow noopener\" target=\"_blank\">Y ma\u00f1ana el mundo entero<\/a>, <b>una de las mejores de su a\u00f1o pero cuyo paso por las salas de cine fue absolutamente fugaz y pas\u00f3 completamente desapercibida fuera de sus fronteras.<\/b><\/p>\n<p class=\"bo-p\">Aunque considerada <b>\u00abvaliente y conmovedora\u00bb, la cinta lleg\u00f3 a ser objeto de debate\u00a0en Alemania como consecuencia de su falta de pudor a la hora de ofender sensibilidades pol\u00edticas <\/b>y en Espa\u00f1a no lleg\u00f3 a pasar por las salas de cine.E<\/p>\n<p class=\"bo-p\">En su lugar, <b>se estren\u00f3 <\/b><b>sin hacer demasiado ruido en la plataforma de &#8216;streaming&#8217;, donde puedes verla desde entonces. <\/b><\/p>\n<p class=\"bo-p\">Dirigida por <a href=\"https:\/\/www.sensacine.com\/actores\/actor-218515\/\" class=\"bo-link\" rel=\"nofollow noopener\" target=\"_blank\">Julia von Heinz<\/a> y con una duraci\u00f3n de apenas dos horas, Y ma\u00f1ana el mundo entero se estren\u00f3 en las salas de cine alemanas en octubre de 2020 despu\u00e9s de su debut en el Festival de Cine de Venecia, fue nominada en algunos de los cert\u00e1menes de cine m\u00e1s prestigiosos de su pa\u00eds y tambi\u00e9n <b>fue la pel\u00edcula elegida por Alemania para los Oscar como Mejor pel\u00edcula extranjera en 2021, aunque no fue nominada por la Academia.<\/b><\/p>\n<p class=\"bo-p\"><b>\u00bfDe qu\u00e9 va<\/b><b> Y ma\u00f1ana el mundo entero<\/b><b>?<\/b> Pues el punto de partida de la cinta es el comienzo por parte de la protagonista de la cinta, una joven llamada Luisa a la que interpreta la actriz alemana <a href=\"https:\/\/www.sensacine.com\/actores\/actor-654231\/\" class=\"bo-link\" rel=\"nofollow noopener\" target=\"_blank\">Mala Emde<\/a>, de sus estudios de Derecho. Luisa viene de buena familia y siente un gran rechazo hacia el \u00e1uge de la derecha en su pa\u00eds, as\u00ed como de la proliferaci\u00f3n de los partidos populistas. As\u00ed, junto a su mejor amiga Batte (<a href=\"https:\/\/www.sensacine.com\/actores\/actor-779957\/\" class=\"bo-link\" rel=\"nofollow noopener\" target=\"_blank\">Luisa-C\u00e9line Gaffron<\/a>) la protagonista acaba haciendo un grupo de amigos de extrema izquierda y juntos se proponen acabar con el fascismo de forma activa.<\/p>\n<p class=\"bo-p\">El problema es que para sus nuevos conocidos, el carism\u00e1tico Alfa (<a href=\"https:\/\/www.sensacine.com\/actores\/actor-779454\/\" class=\"bo-link\" rel=\"nofollow noopener\" target=\"_blank\">Noah Saavedra<\/a>) y a su mejor amigo Lenor (<a href=\"https:\/\/www.sensacine.com\/actores\/actor-892869\/\" class=\"bo-link\" rel=\"nofollow noopener\" target=\"_blank\">Tonio Schneider<\/a>), la violencia tambi\u00e9n es un medio leg\u00edtimo de resistencia.\u00a0Cuando los tres se apoderan de un tel\u00e9fono m\u00f3vil perteneciente a un neonazi y deciden utilizar los datos almacenados para planear una acci\u00f3n arriesgada contra los participantes de una manifestaci\u00f3n, <b>Luisa se ve forzada a tomar una decisi\u00f3n sobre hasta d\u00f3nde est\u00e1 dispuesta a llegar y valorar las las consecuencias que eso podr\u00eda tener para ella, su familia y el resto de su entorno.<\/b><\/p>\n<p>                                <img loading=\"lazy\" decoding=\"async\" class=\"article-figure-img\" src=\"https:\/\/www.europesays.com\/es\/wp-content\/uploads\/2026\/06\/1399653.jpg\" width=\"640\" height=\"320\" alt=\"\"\/><\/p>\n<p>                                    Seven Elephants<\/p>\n<p class=\"bo-p\">A pesar de su potencial, el paso por las salas de cine de Y ma\u00f1ana el mundo entero fue absolutamente fugaz a consecuencia del Coronavirus, que experiment\u00f3 un brote importante en oto\u00f1o de 2020 y, tras una breve apertura, las salas de cine volvieron a cerrar afectando directamente a la pel\u00edcula.<\/p>\n<p class=\"bo-p\">Sin embargo, <b>el tiempo en que estuvo \u00aben activo\u00bb fue suficiente para herir algunas sensibilidades.<\/b> Ese mismo a\u00f1o el grupo pol\u00edtico alem\u00e1n AfD (Alternativa para Alemania) critic\u00f3 en el Bundestag que el partido hubiese sido retratado como antidemocr\u00e1tico en una pel\u00edcula que hab\u00eda subvencionada con fondos p\u00fablicos, pero tampoco los espectadores m\u00e1s af\u00edn a la izquierda lo tienen particularmente f\u00e1cil en la cinta. <\/p>\n<p class=\"bo-p\"><b>\u00bfViolencia o no violencia?<\/b> La directora Julia von Heinz no proporciona respuestas simples ni concluyentes a la pregunta de hasta d\u00f3nde se puede llegar para interponerse en el camino de los extremos. <b>Inc\u00f3moda, compleja, valiente y sin temor a ofender en ninguna de las direcciones, algunos se atreven a asegurar que eso precisamente es lo que la hace tan buena.<\/b><\/p>\n","protected":false},"excerpt":{"rendered":"Tras un breve paso por las salas de cine por culpa del Coronavirus, fue la elegida por Alemania&hellip;\n","protected":false},"author":2,"featured_media":592037,"comment_status":"","ping_status":"","sticky":false,"template":"","format":"standard","meta":{"footnotes":""},"categories":[169],"tags":[177,146,147,25,24,176,4020,175,152,1257,23],"class_list":["post-592036","post","type-post","status-publish","format-standard","has-post-thumbnail","category-cine","tag-cine","tag-entertainment","tag-entretenimiento","tag-es","tag-espana","tag-film","tag-joya","tag-movies","tag-netflix","tag-pelicula","tag-spain"],"share_on_mastodon":{"url":"https:\/\/pubeurope.com\/@es\/116704618505592748","error":""},"_links":{"self":[{"href":"https:\/\/www.europesays.com\/es\/wp-json\/wp\/v2\/posts\/592036","targetHints":{"allow":["GET"]}}],"collection":[{"href":"https:\/\/www.europesays.com\/es\/wp-json\/wp\/v2\/posts"}],"about":[{"href":"https:\/\/www.europesays.com\/es\/wp-json\/wp\/v2\/types\/post"}],"author":[{"embeddable":true,"href":"https:\/\/www.europesays.com\/es\/wp-json\/wp\/v2\/users\/2"}],"replies":[{"embeddable":true,"href":"https:\/\/www.europesays.com\/es\/wp-json\/wp\/v2\/comments?post=592036"}],"version-history":[{"count":0,"href":"https:\/\/www.europesays.com\/es\/wp-json\/wp\/v2\/posts\/592036\/revisions"}],"wp:featuredmedia":[{"embeddable":true,"href":"https:\/\/www.europesays.com\/es\/wp-json\/wp\/v2\/media\/592037"}],"wp:attachment":[{"href":"https:\/\/www.europesays.com\/es\/wp-json\/wp\/v2\/media?parent=592036"}],"wp:term":[{"taxonomy":"category","embeddable":true,"href":"https:\/\/www.europesays.com\/es\/wp-json\/wp\/v2\/categories?post=592036"},{"taxonomy":"post_tag","embeddable":true,"href":"https:\/\/www.europesays.com\/es\/wp-json\/wp\/v2\/tags?post=592036"}],"curies":[{"name":"wp","href":"https:\/\/api.w.org\/{rel}","templated":true}]}}