{"id":592147,"date":"2026-06-06T20:09:09","date_gmt":"2026-06-06T20:09:09","guid":{"rendered":"https:\/\/www.europesays.com\/es\/592147\/"},"modified":"2026-06-06T20:09:09","modified_gmt":"2026-06-06T20:09:09","slug":"un-filme-revive-a-inadaptados-en-el-lanzarote-de-los-anos-90","status":"publish","type":"post","link":"https:\/\/www.europesays.com\/es\/592147\/","title":{"rendered":"Un filme revive a Inadaptados en el Lanzarote de los a\u00f1os 90"},"content":{"rendered":"<p class=\"ft-text ft-helper-closenews\">Es una de las formaciones m\u00e1s  contundentes que han surgido en Canarias. Y la m\u00e1s respetada en c\u00edrculos underground. <strong>Inadaptados<\/strong> se form\u00f3 en 1990 en Lanzarote con  Javi Fuentes (voz y guitarra), Carlos Brito (voz y bajo), El Fuzzo (guitarras) y Buli (bater\u00eda) y su discogr\u00e1fica esencial la forman un Ep, en 1996, <strong>Estado salvaje<\/strong> en el sello grancanario Ruin Records, y su primer \u00e1lbum de 2018, con temas de 30 a\u00f1os de antig\u00fcedad,  titulado Rock and roll desesperado en el sello madrile\u00f1o Folc Records.<\/p>\n<p>Psychobilly con fuerza garajera<\/p>\n<p class=\"ft-text\">El grupo  est\u00e1 en plena actualidad porque el escritor y director conejero Jos\u00e9 Mar\u00eda de P\u00e1iz acaba de presenta un documental sobre su historia titulado<strong> Inadaptados Rock and roll desesperado<\/strong>. Y porque la banda publicar\u00e1 en los pr\u00f3ximos meses un segundo \u00e1lbum,<strong> Olor a fuzz<\/strong>, tambi\u00e9n en Folc Records, cuyo t\u00edtulo es una referencia al pedal de distorsi\u00f3n que utilizan muchos rockeros en las guitarras. El sonido de Inadaptados sorprende por su fuerza rockanrolera con buenas dosis de garaje y psychobilly y la mirada bien puesta en combos como The Sonics,  The Cramps,  The Meteors o The Dum Dum Boys. El grupo volvi\u00f3 a la actividad en 2015 y llegaron a ser teloneros de Marky Ramone.  <\/p>\n<p class=\"ft-text\">\u00abLlevaba tiempo d\u00e1ndole vueltas\u00bb, se\u00f1ala De P\u00e1iz. \u00abQuer\u00eda hace algo de rock que fuera referente en la isla, adem\u00e1s de abordarlo en formato grupo y no de manera individual como he hecho en los otros documentales. Inadaptados ten\u00eda todos los requisitos por su trayectoria, estilo y logros\u00bb, a\u00f1ade. <strong>Se trata del sexto documental de P\u00e1iz<\/strong> tras Pistol (2015), Catana (2017), Su\u00e1rez DC (2018),  Zurda. Una historia de Escorbuto Cr\u00f3nico y Guerrilla Urbana (2019), Ildenfonso Aguilar. Paisajes audibles (2020), Los Corujo Historia de una saga (2024) y Punk Rock en Gran Canaria. Supervivencia y combate (2025).<\/p>\n<p>Rock and roll desesperado<\/p>\n<p class=\"ft-text\">\u00abAntes de empezar a grabar paso muchos meses pensando, <strong>anotando ideas, consiguiendo contactos, <\/strong>hablando con mucha gente de la banda o que haya tenido relaci\u00f3n con ella. Tambi\u00e9n leo entrevistas y visiono muchos v\u00eddeo y fotograf\u00edas\u00bb, a\u00f1ade el polifac\u00e9tico realizador. \u00abCuando tengo claro c\u00f3mo lo voy hacer empiezo a seleccionar entrevistados y preparar preguntas. Luego viene el rodaje y todo lo dem\u00e1s\u00bb. El documental lleva el t\u00edtulo del primer  \u00e1lbum de Inadaptados. \u00abMe parece que lo de desesperado tiene algo de \u00e9pico y po\u00e9tico en los tiempos que corren, sobre todo en lo musical. Me gusta mucho el t\u00edtulo\u00bb. <\/p>\n<p class=\"ft-text\">En 1990 Lanzarote estaba dominada por el pop y el heavy metal, Inadaptados lleg\u00f3 cual rara avis a ocupar su espacio, y de ah\u00ed no se ha movido.  La trayectoria de Inadaptados se divide en una primera parte de consolidaci\u00f3n del grupo, posterior la salida del vocalista Roberto , la llegada de Antonio reforzando la guitarra y la irrupci\u00f3n en Las Palmas con actuaciones y grabaci\u00f3n de EP con <strong>Ruin Records<\/strong>. Luego lleg\u00f3 un par\u00f3n de varios a\u00f1os y resurgir con Folc Records. \u00abInadaptados marca un estilo propio, que apenas ha variado desde sus or\u00edgenes y en el que combina, rock and roll cl\u00e1sico, punk, psychobilly y garage, b\u00e1sicamente. Todo esto perfectamente aderezado con grandes dosis de adrenalina\u00bb, subraya.<\/p>\n<p class=\"ft-text\">  \u00abEl car\u00e1cter del grupo es de perfil bajo, enti\u00e9ndase de que no son gente que vayan por ah\u00ed dando voces diciendo: Estamos aqu\u00ed. Miren que buenos somos. En el circuito underground canario los conoce todo el mundo. En la pen\u00ednsula tambi\u00e9n tiene muchos seguidores\u00bb. El documental se present\u00f3 <strong>el pasado 7 mayo en el cine Bu\u00f1uel de Lanzarote<\/strong> con la presencia de la banda. \u00abLa charla fue divertida, en donde hubo un amplio lugar para el recuerdo y las an\u00e9cdotas\u00bb.<\/p>\n<p data-close=\"closedContent\" class=\"subscribeHideForDisplay\">Suscr\u00edbete para seguir leyendo<\/p>\n","protected":false},"excerpt":{"rendered":"Es una de las formaciones m\u00e1s contundentes que han surgido en Canarias. Y la m\u00e1s respetada en c\u00edrculos&hellip;\n","protected":false},"author":2,"featured_media":592148,"comment_status":"","ping_status":"","sticky":false,"template":"","format":"standard","meta":{"footnotes":""},"categories":[169],"tags":[988,177,209,146,147,25,24,10386,176,30134,260,448,112020,3641,175,15910,8378,1273,23],"class_list":["post-592147","post","type-post","status-publish","format-standard","has-post-thumbnail","category-cine","tag-anos","tag-cine","tag-cultura","tag-entertainment","tag-entretenimiento","tag-es","tag-espana","tag-estilo","tag-film","tag-filme","tag-gente","tag-historia","tag-inadaptados","tag-lanzarote","tag-movies","tag-punk","tag-revive","tag-rock","tag-spain"],"share_on_mastodon":{"url":"https:\/\/pubeurope.com\/@es\/116704979544831401","error":""},"_links":{"self":[{"href":"https:\/\/www.europesays.com\/es\/wp-json\/wp\/v2\/posts\/592147","targetHints":{"allow":["GET"]}}],"collection":[{"href":"https:\/\/www.europesays.com\/es\/wp-json\/wp\/v2\/posts"}],"about":[{"href":"https:\/\/www.europesays.com\/es\/wp-json\/wp\/v2\/types\/post"}],"author":[{"embeddable":true,"href":"https:\/\/www.europesays.com\/es\/wp-json\/wp\/v2\/users\/2"}],"replies":[{"embeddable":true,"href":"https:\/\/www.europesays.com\/es\/wp-json\/wp\/v2\/comments?post=592147"}],"version-history":[{"count":0,"href":"https:\/\/www.europesays.com\/es\/wp-json\/wp\/v2\/posts\/592147\/revisions"}],"wp:featuredmedia":[{"embeddable":true,"href":"https:\/\/www.europesays.com\/es\/wp-json\/wp\/v2\/media\/592148"}],"wp:attachment":[{"href":"https:\/\/www.europesays.com\/es\/wp-json\/wp\/v2\/media?parent=592147"}],"wp:term":[{"taxonomy":"category","embeddable":true,"href":"https:\/\/www.europesays.com\/es\/wp-json\/wp\/v2\/categories?post=592147"},{"taxonomy":"post_tag","embeddable":true,"href":"https:\/\/www.europesays.com\/es\/wp-json\/wp\/v2\/tags?post=592147"}],"curies":[{"name":"wp","href":"https:\/\/api.w.org\/{rel}","templated":true}]}}