{"id":59215,"date":"2025-08-20T01:55:09","date_gmt":"2025-08-20T01:55:09","guid":{"rendered":"https:\/\/www.europesays.com\/es\/59215\/"},"modified":"2025-08-20T01:55:09","modified_gmt":"2025-08-20T01:55:09","slug":"resenas-escritas-a-mano-para-descubrir-nuevas-lecturas-en-una-libreria-de-o-carballino","status":"publish","type":"post","link":"https:\/\/www.europesays.com\/es\/59215\/","title":{"rendered":"Rese\u00f1as escritas a mano para descubrir nuevas lecturas en una librer\u00eda de O Carballi\u00f1o"},"content":{"rendered":"<p class=\"paragraph-atom &#10;        B-500-500-700-N B-600-500-700-N--md  \"><strong>Entre los amantes de la lectura hay diversos perfiles<\/strong>. Quienes eligen un libro por su tem\u00e1tica, por el autor, incluso por su portada o su primera frase. Muchos tienen claro lo que buscan cuando entran en una librer\u00eda, pero siempre hay quienes piden <strong>el consejo de su librero de cabecera<\/strong>. <\/p>\n<p class=\"paragraph-atom &#10;        B-500-500-700-N B-600-500-700-N--md  \">En la <strong>Librar\u00eda Escolma de Carballi\u00f1o<\/strong> han decidido que en esta ocasi\u00f3n sean <strong>los lectores quienes realicen las recomendaciones<\/strong>, convirti\u00e9ndoles en cr\u00edticos literarios e invit\u00e1ndoles a dejar una breve rese\u00f1a manuscrita en los propios libros.<\/p>\n<p class=\"paragraph-atom &#10;        B-500-500-700-N B-600-500-700-N--md  \"><strong>Manuel Nan\u00edn, propietario de la librer\u00eda<\/strong>, explica que la idea es \u201cxogar un pouco cos libros e cos consellos\u201d. \u201cPropo\u00f1emos que as persoas que ve\u00f1an \u00e1 librar\u00eda comenten o que queiran do libro, o que lles gustou e o que non, e que escriban eses comentarios a man, nunha folla pequena, que despois colocamos na portada do libro\u201d. <\/p>\n<p class=\"paragraph-atom &#10;        B-500-500-700-N B-600-500-700-N--md  \">La <strong>propuesta <\/strong>es \u201cfacer un pequeno c\u00edrculo entre todos os lectores, onde o libro te\u00f1a o encanto engadido de vir aconsellado por unha persoa que non co\u00f1ecemos\u201d, explica. <\/p>\n<p>                                                            <img decoding=\"async\" loading=\"lazy\" src=\"https:\/\/www.europesays.com\/es\/wp-content\/uploads\/2025\/08\/6629a839-01dc-4745-9d81-b969472f6c08_16-9-aspect-ratio_1600w_0.jpg\" alt=\"Comentario de uno de los lectores en un libro.\" title=\"Comentario de uno de los lectores en un libro.\" height=\"900\" width=\"1600\"\/><\/p>\n<p>    Comentario de uno de los lectores en un libro.<\/p>\n<p class=\"paragraph-atom &#10;        B-500-500-700-N B-600-500-700-N--md  \">La idea surgi\u00f3 de una forma espont\u00e1nea, seg\u00fan cuenta <strong>Nan\u00edn y Yaiza Di\u00e9guez<\/strong>, quienes, adem\u00e1s de vendedores, son consejeros de lecturas: \u201cMoita xente nos pide opini\u00f3n sobre os libros e a n\u00f3s enc\u00e1ntanos, pero pensamos que estar\u00eda ben que non se queden s\u00f3 co consello dos libreiros. Nos pareceu moi interesante que un libro poida chegar a mans dunha persoa aconsellada por un desco\u00f1ecido\u201d.<\/p>\n<p class=\"paragraph-atom &#10;        B-500-500-700-N B-600-500-700-N--md  \">De esta forma, <strong>se fomenta la lectura, pero tambi\u00e9n la escritura, porque las rese\u00f1as son de pu\u00f1o y letra, algo a valorar en plena era tecnol\u00f3gica<\/strong>. \u201cA idea \u00e9 que todos participemos, nenos e adultos, que o libro xire. Que ese anaco de papel nos permita contar o que nos transmite a lectura, non s\u00f3 sobre o contido sen\u00f3n sobre as sensaci\u00f3ns, sobre o placer de ler ese libro, ou incluso o desencanto que nos produciu, que tam\u00e9n pode ser\u201d. <\/p>\n<p class=\"paragraph-atom &#10;        B-500-500-700-N B-600-500-700-N--md  \"><strong>La iniciativa est\u00e1 despertando ya mucha curiosidad entre los usuarios de la librer\u00eda<\/strong>: \u201cPublicamos a proposta nas redes sociais para dala a co\u00f1ecer, e a xente par\u00e9celle moi orixinal. Esperamos que vaian dando cada vez mais o paso de escribir a s\u00faa opini\u00f3n e anim\u00e1molos a facelo\u201d, <strong>se\u00f1ala Nan\u00edn<\/strong>.<\/p>\n<p class=\"paragraph-atom &#10;        B-500-500-700-N B-600-500-700-N--md  \"><strong>La rese\u00f1a es totalmente libre<\/strong>, positiva o negativa, sobre el contenido, el autor o las sensaciones que nos produce la lectura porque \u201co libro da para mil opini\u00f3ns distintas, boas e malas, porque cada persoa o vai a interpretar dun xeito diferente. A idea \u00e9 que transmitan a s\u00faa experiencia, para orientar aos futuros lectores e que o libro te\u00f1a vida\u201d.<\/p>\n<p>\n        Relacionado\n    <\/p>\n","protected":false},"excerpt":{"rendered":"Entre los amantes de la lectura hay diversos perfiles. Quienes eligen un libro por su tem\u00e1tica, por el&hellip;\n","protected":false},"author":2,"featured_media":59216,"comment_status":"","ping_status":"","sticky":false,"template":"","format":"standard","meta":{"footnotes":""},"categories":[172],"tags":[224,2238,146,147,25,24967,24,225,3238,2860,24966,23],"class_list":{"0":"post-59215","1":"post","2":"type-post","3":"status-publish","4":"format-standard","5":"has-post-thumbnail","7":"category-libros","8":"tag-books","9":"tag-descubrir","10":"tag-entertainment","11":"tag-entretenimiento","12":"tag-es","13":"tag-escritas","14":"tag-espana","15":"tag-libros","16":"tag-mano","17":"tag-nuevas","18":"tag-resenas","19":"tag-spain"},"share_on_mastodon":{"url":"","error":""},"_links":{"self":[{"href":"https:\/\/www.europesays.com\/es\/wp-json\/wp\/v2\/posts\/59215","targetHints":{"allow":["GET"]}}],"collection":[{"href":"https:\/\/www.europesays.com\/es\/wp-json\/wp\/v2\/posts"}],"about":[{"href":"https:\/\/www.europesays.com\/es\/wp-json\/wp\/v2\/types\/post"}],"author":[{"embeddable":true,"href":"https:\/\/www.europesays.com\/es\/wp-json\/wp\/v2\/users\/2"}],"replies":[{"embeddable":true,"href":"https:\/\/www.europesays.com\/es\/wp-json\/wp\/v2\/comments?post=59215"}],"version-history":[{"count":0,"href":"https:\/\/www.europesays.com\/es\/wp-json\/wp\/v2\/posts\/59215\/revisions"}],"wp:featuredmedia":[{"embeddable":true,"href":"https:\/\/www.europesays.com\/es\/wp-json\/wp\/v2\/media\/59216"}],"wp:attachment":[{"href":"https:\/\/www.europesays.com\/es\/wp-json\/wp\/v2\/media?parent=59215"}],"wp:term":[{"taxonomy":"category","embeddable":true,"href":"https:\/\/www.europesays.com\/es\/wp-json\/wp\/v2\/categories?post=59215"},{"taxonomy":"post_tag","embeddable":true,"href":"https:\/\/www.europesays.com\/es\/wp-json\/wp\/v2\/tags?post=59215"}],"curies":[{"name":"wp","href":"https:\/\/api.w.org\/{rel}","templated":true}]}}