{"id":592164,"date":"2026-06-06T20:25:12","date_gmt":"2026-06-06T20:25:12","guid":{"rendered":"https:\/\/www.europesays.com\/es\/592164\/"},"modified":"2026-06-06T20:25:12","modified_gmt":"2026-06-06T20:25:12","slug":"en-directo-estudiantes-alimerka-oviedo-baloncesto-el-comercio","status":"publish","type":"post","link":"https:\/\/www.europesays.com\/es\/592164\/","title":{"rendered":"En directo: Estudiantes &#8211; Alimerka Oviedo Baloncesto &#8211; El Comercio"},"content":{"rendered":"<ol>\n<li><a href=\"https:\/\/news.google.com\/rss\/articles\/CBMitgFBVV95cUxPQUxhdTdNZENIdlhfbF9GYVJNTU5IZWpaOUY0NGk3QkE1bk0zQVdHUS1LMnRFWXlLT0ZqbEZ2SzFIM09wTDBIT1VHSkZoZEFTWkVTd0J3S200REN6YUtHS2pmQzRTdmx3SmYyZzZ3a3d0RU10LTJUdEdjNnZDRmJtNTdKSktQVUFRNXoyUDBOam8wTENmeXl6Qi1zOGlWdUZqaGhPNVlxZzBEX2IzVkpNaC1rQkJaQdIBuwFBVV95cUxNb2o3TFFRakZDQzNaQWdKbWZ0NU1pRHhBUUlDUTlHYWtBNFphQmhxb1RuOURRN284eTJPZENwYktaUktBMW5zNHZLdWI4UnVRaWNiY09JcGtlV2g2YjFiNjdEZ3ZPbkM2bEd6M1JSZzRhR3BtWFQyWHBwaWpLRm5IeEtjaHVSWVBSYk56N2xKLWhoSExnSFJXaml1WXhXSVJGelFDWHdhWDZRSkY0OGxrXzc5WVlPWjVvUkNn?oc=5\" target=\"_blank\" rel=\"nofollow noopener\">En directo: Estudiantes &#8211; Alimerka Oviedo Baloncesto<\/a>&nbsp;&nbsp;El Comercio<\/li>\n<li><a href=\"https:\/\/news.google.com\/rss\/articles\/CBMisgFBVV95cUxQaENCTzFGNzZpa1dSeUJ3TVFlek5zdm1oQnBGSmtDMnFRcDdld1JLUTlkMmJXOTlqY0lCOUZ1S0RMejJuVDV5RUN5RVlYZVBDYVY2WUxNSk5YbkVJUmFjUkNOQS1PWXg4WUVQRXJrRmV5UXhzT3lvZS1sTDBMa0lfM05vWU8tRTlLY0pJaGxEeFQ3SVh4TDVmcDBCU05GN0E0VmQ5N3hITVVKQ1lVWG9relJB?oc=5\" target=\"_blank\" rel=\"nofollow noopener\">Semifinal Final Four Primera FEB: Juntos en A Coru\u00f1a (6 junio, 20:15h)<\/a>&nbsp;&nbsp;Movistar Estudiantes<\/li>\n<li><a href=\"https:\/\/news.google.com\/rss\/articles\/CBMipAFBVV95cUxQckhaRGh6eXJzbHU1T1lkcUFjeDUyN0lFM1FtcHdmdk8wcnJod0x5Z0ZDQkRCMERCbjgwSV9HWGJCc3YwWjduakNZaXM5NUd4dXQyeFZnQnJUYTNRU18zOGJTZkk5S3BXa00xem5DMHZUUFE2bXNoSktNMUYydDRKRm52T2pXbFZ2MVY2X2xRSXpYcDg5cDFZTWJkR2Q3RVNlWlJNeA?oc=5\" target=\"_blank\" rel=\"nofollow noopener\">Movistar Estudiantes, cansado de repetir, quiere regresar ya a la \u00e9lite<\/a>&nbsp;&nbsp;ABC<\/li>\n<li><a href=\"https:\/\/news.google.com\/rss\/articles\/CBMitwFBVV95cUxQbDI3Q1RFc2ZDVUZRbllfanJoQ3g4UDBULXUtU19OUjBPSWVmcXREN2V2RWxyUXVhb29EcFBwcS1KR3ZaMzVkSm1tTG9sdDE1TjBlOWpSemRJcHNRRzRNRms3dUdIYnZHdFUxTTlBZDh5bHlHVXhuT3pzRDRMYm5JOGxrSF9PSGFjQWRWM19CbUIzZWlQWXdIVHRrRTNVR2ZmcDdfT1I2T1JQVG8xNGlKanNUODZOREHSAcsBQVVfeXFMTUN3ZUFLdi1XTTVYaGlZcUdPbGs5WDlVS1pjQ3lYMk5YRkVsRlNWaVZ5cWtSWVJiX3ZpTXRMM3NmdzE3VmIzaEowd3RzU3pzWnVodWxOazlRNjNZNEIwYWN0aGZTOHlTNFVGOUVqLUI4VUxzR0x0UjdNNFQ3ZC01NGh4d0VYS1RjTzhqRlJCdHBBTzZCUmRyVjhjdHA0YTJfaVRNOGVrUlhtLXFKS2Zjb19lbEhodDV6NHNJRnp2SVRzaE1od09RZzBseUk?oc=5\" target=\"_blank\" rel=\"nofollow noopener\">Sergi Garc\u00eda: \u201cNos equivocar\u00edamos si no nos centramos en el Oviedo\u201d<\/a>&nbsp;&nbsp;Diario AS<\/li>\n<li><a href=\"https:\/\/news.google.com\/rss\/articles\/CBMi-AFBVV95cUxOVTZ6bmJNZDBsTlpZWV9Fa1lBQWF6Vzlwb2E0clppV3BVd3RVYUZZclBvMkF2bWZuYTkySTNBRmE4VGFfYXpYd2pDSGhEN2g1M3JtVk5FWGxoREdvZTJXeWYxRmFKbFY5WjB1R2hBY19vMlh3NHNXSlpDOVhBZ0hkRWMtOWJNMnlOeVNxVU00WWpSa3RnQXFCUWNWYlk3RDdaSkNKWEpXV1JJVXE1aS1xQ1FKUnh2cWNTdE8yS3Q5V0hXUWwtMDA0dnpqT2ttVlNzRXdUcGY4cGhNc1BIdXc4WU9SamZ1aVlwdEI2T0xTVUlDZnlncEZSQ9IBgAJBVV95cUxNT3ZhRFRfUDJpZlRVY0RNRmVYZkJlUTJUQTJhM2hveVpZbkxaV2JzRlRCYTBKSUxHdVFHM2dHUWJaMjZZSzd3WDh2MFFscGExTVZKVjRmTnVxQWk5Rk9IOXJvanVRUHRmUnJqQzdRalI1U3F4aDFoREQ5LTc0UlFxd0tnWkJBeDJ0QTI2Zkd4M3h6UnB0bkJPb1RkY1FveEQ2RXQ1Q2lhS09VOU05SW0tT080MUFwclpOOEVKbjhHZk14RGtnRTl2MkxYMzlwUDhieS13U3VsTzgzLVpoQURaYWpzM0tjMXF1RUlfcGZjNWh1S2FVTEhyTm9nUDRZbEdx?oc=5\" target=\"_blank\" rel=\"nofollow noopener\">Movistar Estudiantes &#8211; Alimerka Oviedo: horario, d\u00f3nde ver, pron\u00f3sticos, estad\u00edsticas y cuadro<\/a>&nbsp;&nbsp;Betfair<\/li>\n<\/ol>\n","protected":false},"excerpt":{"rendered":"En directo: Estudiantes &#8211; Alimerka Oviedo Baloncesto&nbsp;&nbsp;El Comercio Semifinal Final Four Primera FEB: Juntos en A Coru\u00f1a (6&hellip;\n","protected":false},"author":2,"featured_media":592165,"comment_status":"","ping_status":"","sticky":false,"template":"","format":"standard","meta":{"footnotes":""},"categories":[269],"tags":[1795,299,298,168,2125,25,24,9486,1796,23,167],"class_list":["post-592164","post","type-post","status-publish","format-standard","has-post-thumbnail","category-baloncesto","tag-alimerka","tag-baloncesto","tag-basketball","tag-deportes","tag-directo","tag-es","tag-espana","tag-estudiantes","tag-oviedo","tag-spain","tag-sports"],"share_on_mastodon":{"url":"https:\/\/pubeurope.com\/@es\/116705042636279176","error":""},"_links":{"self":[{"href":"https:\/\/www.europesays.com\/es\/wp-json\/wp\/v2\/posts\/592164","targetHints":{"allow":["GET"]}}],"collection":[{"href":"https:\/\/www.europesays.com\/es\/wp-json\/wp\/v2\/posts"}],"about":[{"href":"https:\/\/www.europesays.com\/es\/wp-json\/wp\/v2\/types\/post"}],"author":[{"embeddable":true,"href":"https:\/\/www.europesays.com\/es\/wp-json\/wp\/v2\/users\/2"}],"replies":[{"embeddable":true,"href":"https:\/\/www.europesays.com\/es\/wp-json\/wp\/v2\/comments?post=592164"}],"version-history":[{"count":0,"href":"https:\/\/www.europesays.com\/es\/wp-json\/wp\/v2\/posts\/592164\/revisions"}],"wp:featuredmedia":[{"embeddable":true,"href":"https:\/\/www.europesays.com\/es\/wp-json\/wp\/v2\/media\/592165"}],"wp:attachment":[{"href":"https:\/\/www.europesays.com\/es\/wp-json\/wp\/v2\/media?parent=592164"}],"wp:term":[{"taxonomy":"category","embeddable":true,"href":"https:\/\/www.europesays.com\/es\/wp-json\/wp\/v2\/categories?post=592164"},{"taxonomy":"post_tag","embeddable":true,"href":"https:\/\/www.europesays.com\/es\/wp-json\/wp\/v2\/tags?post=592164"}],"curies":[{"name":"wp","href":"https:\/\/api.w.org\/{rel}","templated":true}]}}