{"id":592603,"date":"2026-06-07T03:18:15","date_gmt":"2026-06-07T03:18:15","guid":{"rendered":"https:\/\/www.europesays.com\/es\/592603\/"},"modified":"2026-06-07T03:18:15","modified_gmt":"2026-06-07T03:18:15","slug":"mueren-tres-soldados-de-libano-en-un-ataque-israeli-en-plena-tregua","status":"publish","type":"post","link":"https:\/\/www.europesays.com\/es\/592603\/","title":{"rendered":"Mueren tres soldados de L\u00edbano en un ataque israel\u00ed en plena tregua"},"content":{"rendered":"<p style=\"\">La tregua no evita el derramamiento de sangre. El ej\u00e9rcito liban\u00e9s ha informado este s\u00e1bado de la muerte de tres militares en un ataque israel\u00ed  &#8230; contra un veh\u00edculo en el sur del pa\u00eds, a pesar del supuesto alto el fuego en vigor. Como la tregua anterior anunciada el 17 de abril, el pacto alcanzado esta semana en Washington entre representantes de L\u00edbano e Israel y rechazado por el movimiento proiran\u00ed Hezbol\u00e1 no fren\u00f3 las hostilidades.<\/p>\n<p class=\"v-d-p\" style=\"\">\u00abUn brutal ataque a\u00e9reo israel\u00ed alcanz\u00f3 un veh\u00edculo militar en la carretera\u00bb entre Khardali y Nabatieh, \u00abcausando la muerte de dos oficiales \u2013un general de brigada y un capit\u00e1n\u2013, as\u00ed como de un soldado\u00bb, detallaron las tropas armadas libanesas en un comunicado. Esta acci\u00f3n constituye una \u00abflagrante violaci\u00f3n de la soberan\u00eda libanesa y del derecho internacional\u00bb, conden\u00f3 el presidente del pa\u00eds, Joseph Aoun.<\/p>\n<p class=\"v-d-p\" style=\"\">El ej\u00e9rcito israel\u00ed reconoci\u00f3 haber atacado un veh\u00edculo que se dirig\u00eda \u00abde forma sospechosa\u00bb hacia sus soldados, en una zona de combates donde afirma que Hezbol\u00e1 est\u00e1 presente, y asegur\u00f3 estar \u00abinvestigando\u00bb el incidente.<\/p>\n<p class=\"v-d-p\" style=\"\">L\u00edbano se vio arrastrado a la guerra en Oriente Medio el 2 de marzo, cuando Hezbol\u00e1 lanz\u00f3 ataques contra Israel para vengar la muerte del l\u00edder iran\u00ed, el ayatol\u00e1 Al\u00ed Jamenei. Israel respondi\u00f3 con bombardeos y una incursi\u00f3n terrestre en el sur del pa\u00eds que, seg\u00fan el \u00faltimo balance de las autoridades locales, deja m\u00e1s de 3.560 muertos. En el bando hebreo, han fallecido 27 soldados y un contratista civil.<\/p>\n<p>\nMatan a un beb\u00e9 palestino\n<\/p>\n<p class=\"v-d-p\" style=\"\">La violencia tambi\u00e9n contin\u00faa en Cisjordania. El padre del beb\u00e9 palestino Sam Abu Haikal ha denunciado que un militar israel\u00ed mat\u00f3 al peque\u00f1o de 7 meses a sangre fr\u00eda al abrir fuego sin que hubiera ninguna provocaci\u00f3n contra el veh\u00edculo familiar el pasado viernes. Fahd Abu Haikal relat\u00f3, durante el funeral multitudinario que se ha celebrado este s\u00e1bado, que la familia se dirig\u00eda de Bel\u00e9n a Hebr\u00f3n y que fueron obligados a pararse en un puesto de control israel\u00ed en la zona de Tel Rumeida.<\/p>\n<p class=\"v-a-t\">\nLa bala atraves\u00f3 la luneta del coche, roz\u00f3 al padre y el rostro de la madre y mat\u00f3 al ni\u00f1o de 7 meses\n<\/p>\n<p class=\"v-d-p\" style=\"\">En este punto comienzan las discrepancias con la versi\u00f3n provisional que ha dado el ej\u00e9rcito hebreo. Sus militares, seg\u00fan la comandancia de las Fuerzas de Defensa, dispararon contra el veh\u00edculo cuando se acercaba \u00aba gran velocidad\u00bb contra el puesto de control. Fahd, en cambio, asegura que ten\u00eda las manos en alto nada m\u00e1s detener el veh\u00edculo y que un soldado, que se encontraba a menos de diez metros de distancia, abri\u00f3 fuego inmediatamente contra la luneta delantera, seg\u00fan el relato recogido por la agencia de noticias palestina Sanad. La bala, seg\u00fan el padre del beb\u00e9, atraves\u00f3 el parabrisas, le roz\u00f3 el brazo y luego alcanz\u00f3 a su hijo en la cabeza y a su esposa en el rostro. La abuela del peque\u00f1o, que se encontraba en el asiento y result\u00f3 ilesa, ha corroborado esta versi\u00f3n.<\/p>\n<p class=\"v-d-p\" style=\"\">En paralelo, contin\u00faa la escalada en el Golfo P\u00e9rsico, donde la tregua entre Estados Unidos e Israel, por una parte, e Ir\u00e1n, por otro, se resquebraja. Teher\u00e1n denunci\u00f3 ayer ataques nocturnos estadounidenses contra instalaciones de radar y de vigilancia costera y los calific\u00f3 de \u00abviolaci\u00f3n flagrante del alto el fuego\u00bb en vigor desde el 8 de abril.<\/p>\n<p class=\"v-d-p\" style=\"\">\u00abEs una agresi\u00f3n militar contra la soberan\u00eda nacional y la integridad territorial de la rep\u00fablica isl\u00e1mica de Ir\u00e1n\u00bb, afirma el Ministerio de Relaciones Exteriores en un comunicado, en el que condena \u00abel comportamiento hostil y provocador del r\u00e9gimen estadounidense\u00bb.<\/p>\n<p class=\"v-d-p\" style=\"\">Por su parte, el Mando Central de Estados Unidos inform\u00f3 de la destrucci\u00f3n de seis misiles y cuatro drones iran\u00edes que iban dirigidos contra pa\u00edses del Golfo (Kuwait y Bar\u00e9in). Y confirm\u00f3 que, en respuesta, el ej\u00e9rcito norteamericano hab\u00eda bombardeado estaciones de radar en Goruk y la isla de Qeshm.<\/p>\n","protected":false},"excerpt":{"rendered":"La tregua no evita el derramamiento de sangre. El ej\u00e9rcito liban\u00e9s ha informado este s\u00e1bado de la muerte&hellip;\n","protected":false},"author":2,"featured_media":592604,"comment_status":"","ping_status":"","sticky":false,"template":"","format":"standard","meta":{"footnotes":""},"categories":[42],"tags":[1422,17,18,13,14,11,61,62,63,64,703,19,20,13831,25711,9,10,15,16,5670,28059,12,23357,603,21,22,65,66,67],"class_list":["post-592603","post","type-post","status-publish","format-standard","has-post-thumbnail","category-internacional","tag-ataque","tag-breaking-news","tag-breakingnews","tag-featured-news","tag-featurednews","tag-headlines","tag-internacional","tag-international","tag-international-news","tag-internationalnews","tag-israeli","tag-latest-news","tag-latestnews","tag-libano","tag-mueren","tag-news","tag-noticias","tag-noticias-destacadas","tag-noticiasdestacadas","tag-plena","tag-soldados","tag-titulares","tag-tregua","tag-tres","tag-ultimas-noticias","tag-ultimasnoticias","tag-world","tag-world-news","tag-worldnews"],"share_on_mastodon":{"url":"https:\/\/pubeurope.com\/@es\/116706666668637689","error":""},"_links":{"self":[{"href":"https:\/\/www.europesays.com\/es\/wp-json\/wp\/v2\/posts\/592603","targetHints":{"allow":["GET"]}}],"collection":[{"href":"https:\/\/www.europesays.com\/es\/wp-json\/wp\/v2\/posts"}],"about":[{"href":"https:\/\/www.europesays.com\/es\/wp-json\/wp\/v2\/types\/post"}],"author":[{"embeddable":true,"href":"https:\/\/www.europesays.com\/es\/wp-json\/wp\/v2\/users\/2"}],"replies":[{"embeddable":true,"href":"https:\/\/www.europesays.com\/es\/wp-json\/wp\/v2\/comments?post=592603"}],"version-history":[{"count":0,"href":"https:\/\/www.europesays.com\/es\/wp-json\/wp\/v2\/posts\/592603\/revisions"}],"wp:featuredmedia":[{"embeddable":true,"href":"https:\/\/www.europesays.com\/es\/wp-json\/wp\/v2\/media\/592604"}],"wp:attachment":[{"href":"https:\/\/www.europesays.com\/es\/wp-json\/wp\/v2\/media?parent=592603"}],"wp:term":[{"taxonomy":"category","embeddable":true,"href":"https:\/\/www.europesays.com\/es\/wp-json\/wp\/v2\/categories?post=592603"},{"taxonomy":"post_tag","embeddable":true,"href":"https:\/\/www.europesays.com\/es\/wp-json\/wp\/v2\/tags?post=592603"}],"curies":[{"name":"wp","href":"https:\/\/api.w.org\/{rel}","templated":true}]}}