{"id":592738,"date":"2026-06-07T05:56:14","date_gmt":"2026-06-07T05:56:14","guid":{"rendered":"https:\/\/www.europesays.com\/es\/592738\/"},"modified":"2026-06-07T05:56:14","modified_gmt":"2026-06-07T05:56:14","slug":"carrera-del-gp-de-hungria-de-motogp-horario-y-donde-ver-motogp-por-tv-en-directo-con-marc-marquez","status":"publish","type":"post","link":"https:\/\/www.europesays.com\/es\/592738\/","title":{"rendered":"Carrera del GP de Hungr\u00eda de MotoGP: horario y d\u00f3nde ver MotoGP por TV, en directo con Marc M\u00e1rquez"},"content":{"rendered":"<p class=\"ft-text\"><a class=\"ft-link ft-link--decoration\" href=\"https:\/\/www.sport.es\/es\/temas\/marc-marquez-99\" target=\"_blank\" rel=\"nofollow noopener\"><strong>Marc M\u00e1rquez<\/strong><\/a> est\u00e1 de vuelta. Despu\u00e9s de pasar por un bache importante tras ser intervenido por su ca\u00edda en Le Mans, el piloto de <strong>Ducati <\/strong>a vuelto a saborear las mieles de la victoria despu\u00e9s de imponerse en la Sprint del s\u00e1bado en Hungr\u00eda. Una aut\u00e9ntica exhibici\u00f3n que podr\u00e1 no tener mayor relevancia en la <a class=\"ft-link ft-link--decoration\" href=\"https:\/\/www.sport.es\/es\/motor\/moto-gp\/clasificacion\/\" rel=\"nofollow noopener\" target=\"_blank\">clasificaci\u00f3n<\/a>, pero s\u00ed es importante para la recuperaci\u00f3n del &#8217;93&#8217;.<\/p>\n<p class=\"ft-text\">En Balaton Park, el piloto demostr\u00f3 que por muy lastrado que est\u00e9 f\u00edsicamente, su magia sigue intacta. <strong>Marc <\/strong>super\u00f3 a <strong>Pedro Acosta<\/strong>, que quiz\u00e1s esperaba m\u00e1s en la carrera Sprint del s\u00e1bado, para sumar 12 puntos valios\u00edsimos que le permiten escalar algo en la clasificaci\u00f3n. Son 97 los que le separan con Bezzecchi, tercero en la prueba corta, menos que los 102 que los separaban antes de llegar a <strong>Hungr\u00eda<\/strong>.<\/p>\n<p><img decoding=\"async\" src=\"https:\/\/www.europesays.com\/es\/wp-content\/uploads\/2026\/06\/600f6b6d-2900-44aa-ad53-febdd1fbf283_alta-libre-aspect-ratio_default_0_x600y225.jpg\" width=\"1200\" height=\"675\" alt=\"Tercer triunfo en s\u00e1bado de Marc M\u00e1rquez (Ducati).\" class=\"ft-helper-img-rd\" loading=\"lazy\" fetchpriority=\"auto\"\/><\/p>\n<p class=\"ft-helper-fontColor-quaternary ft-helper-fontSize-body-S ft-helper-spacer-t-xxs\">Tercer triunfo en s\u00e1bado de Marc M\u00e1rquez (Ducati).  \/ ALEJANDRO CERESUELA<\/p>\n<p class=\"ft-text\">Este domingo, el piloto de Ducati intentar\u00e1 volver a brillar en un circuito que parece hecho a su medida. Deber\u00e1 hacer frente a las dos <strong>Aprilia<\/strong>, que han demostrado ciertos signos de flaqueza, para sumar una victoria importante que le permite escalar todav\u00eda m\u00e1s en la clasificaci\u00f3n.<\/p>\n<p>As\u00ed es el circuito de Balaton Park del GP de Hungr\u00eda<\/p>\n<p class=\"ft-text\">El\u00a0<strong>Balaton Park Circuit<\/strong>\u00a0es uno de los trazados m\u00e1s nuevos del Mundial de <a class=\"ft-link ft-link--decoration\" href=\"https:\/\/www.sport.es\/es\/motor\/moto-gp\/\" target=\"_blank\" rel=\"nofollow noopener\">MotoGP<\/a>. A pesar de que el GP de Hungr\u00eda tiene cierta tradici\u00f3n con dos ediciones en 1990 y 1992 en Hungaroring, no se hab\u00edan disputado carreras en suelo h\u00fangaro hasta 2025, la temporada pasada. Marc M\u00e1rquez, con vuelta r\u00e1pida incluida, termin\u00f3 campe\u00f3n de la prueba larga del domingo en el estreno de Balaton Park.<\/p>\n<p class=\"ft-text\">Ubicado cerca del lago\u00a0<strong>Balaton<\/strong>, a unos 85 kil\u00f3metros de Budapest, el circuito destaca por su car\u00e1cter\u00a0<strong>moderno, t\u00e9cnico y exigente<\/strong>, con una sucesi\u00f3n de curvas lentas, cambios de direcci\u00f3n y zonas donde la precisi\u00f3n de los pilotos ser\u00e1 clave. En total, son 4,08 kil\u00f3metros de longitud, una recta principal de 665 metros y un dise\u00f1o muy compacto, con 10 curvas de izquierdas y 7 de derechas. A diferencia de circuitos m\u00e1s r\u00e1pidos como Mugello, Balaton Park exige\u00a0<strong>mucha estabilidad en la frenada<\/strong>, buena tracci\u00f3n a la salida de las curvas y una moto \u00e1gil para enlazar los sectores m\u00e1s revirados.<\/p>\n<p>Horarios del GP de Hungr\u00eda de MotoGP 2026<\/p>\n<p class=\"ft-text\"><strong>Domingo 7 de junio:<\/strong><\/p>\n<ul class=\"ft-list ft-list--primary\">\n<li class=\"ft-list__item\"><strong>MotoGP | Warm Up: 9:40 horas<\/strong><\/li>\n<li class=\"ft-list__item\">Moto3 | Carrera: 11:00 horas (20 vueltas)<\/li>\n<li class=\"ft-list__item\">Moto2 | Carrera: 12:15 horas (22 vueltas)<\/li>\n<li class=\"ft-list__item\"><strong>MotoGP | Carrera: 14:00 horas (27 vueltas)<\/strong><\/li>\n<\/ul>\n<p>D\u00f3nde ver el GP de Hungr\u00eda 2026 en directo y por TV<\/p>\n<p class=\"ft-text\">En Espa\u00f1a, el\u00a0<strong>Gran Premio de Hungr\u00eda\u00a0<\/strong>y todas las carreras y entrenamientos del Mundial de MotoGP de este a\u00f1o se pueden ver en directo por\u00a0televisi\u00f3n y online a trav\u00e9s de la plataforma\u00a0<strong>DAZN<\/strong>, as\u00ed como en\u00a0<strong>Movistar Plus<\/strong>. Por su parte, en Argentina, Chile, M\u00e9xico, Colombia y Per\u00fa se retransmitir\u00e1 a trav\u00e9s de\u00a0<strong>ESPN;<\/strong>\u00a0en Estados Unidos, ser\u00e1 a cargo de\u00a0<strong>NBC<\/strong>\u00a0<strong>Sports<\/strong>\u00a0y\u00a0<strong>CNBC<\/strong>. Tambi\u00e9n est\u00e1 la opci\u00f3n de usar el servicio de pago\u00a0<strong>VideoPass\u00a0<\/strong>que ofrece el propio campeonato de\u00a0<strong>MotoGP<\/strong>.<\/p>\n<p class=\"ft-text\">Desde\u00a0<strong>SPORT<\/strong>, te contamos todo lo que suceda en el Mundial de MotoGP con nuestras narraciones\u00a0<a href=\"https:\/\/www.sport.es\/es\/motor\/moto-gp\/directo\/\" class=\"ft-link ft-link--decoration\" rel=\"nofollow noopener\" target=\"_blank\">en directo<\/a>\u00a0de entrenamientos, clasificaciones y carreras, as\u00ed como las cr\u00f3nicas y las reacciones de los protagonistas una vez finalicen los mismos.<\/p>\n","protected":false},"excerpt":{"rendered":"Marc M\u00e1rquez est\u00e1 de vuelta. Despu\u00e9s de pasar por un bache importante tras ser intervenido por su ca\u00edda&hellip;\n","protected":false},"author":2,"featured_media":592739,"comment_status":"","ping_status":"","sticky":false,"template":"","format":"standard","meta":{"footnotes":""},"categories":[93],"tags":[4860,168,25,24,3170,110397,315,3957,13638,12143,23,167],"class_list":["post-592738","post","type-post","status-publish","format-standard","has-post-thumbnail","category-deportes","tag-carrera","tag-deportes","tag-es","tag-espana","tag-gp","tag-horarios-motogp","tag-hoy","tag-hungria","tag-marc-marquez","tag-motogp","tag-spain","tag-sports"],"share_on_mastodon":{"url":"https:\/\/pubeurope.com\/@es\/116707288612771383","error":""},"_links":{"self":[{"href":"https:\/\/www.europesays.com\/es\/wp-json\/wp\/v2\/posts\/592738","targetHints":{"allow":["GET"]}}],"collection":[{"href":"https:\/\/www.europesays.com\/es\/wp-json\/wp\/v2\/posts"}],"about":[{"href":"https:\/\/www.europesays.com\/es\/wp-json\/wp\/v2\/types\/post"}],"author":[{"embeddable":true,"href":"https:\/\/www.europesays.com\/es\/wp-json\/wp\/v2\/users\/2"}],"replies":[{"embeddable":true,"href":"https:\/\/www.europesays.com\/es\/wp-json\/wp\/v2\/comments?post=592738"}],"version-history":[{"count":0,"href":"https:\/\/www.europesays.com\/es\/wp-json\/wp\/v2\/posts\/592738\/revisions"}],"wp:featuredmedia":[{"embeddable":true,"href":"https:\/\/www.europesays.com\/es\/wp-json\/wp\/v2\/media\/592739"}],"wp:attachment":[{"href":"https:\/\/www.europesays.com\/es\/wp-json\/wp\/v2\/media?parent=592738"}],"wp:term":[{"taxonomy":"category","embeddable":true,"href":"https:\/\/www.europesays.com\/es\/wp-json\/wp\/v2\/categories?post=592738"},{"taxonomy":"post_tag","embeddable":true,"href":"https:\/\/www.europesays.com\/es\/wp-json\/wp\/v2\/tags?post=592738"}],"curies":[{"name":"wp","href":"https:\/\/api.w.org\/{rel}","templated":true}]}}