{"id":59279,"date":"2025-08-20T02:42:11","date_gmt":"2025-08-20T02:42:11","guid":{"rendered":"https:\/\/www.europesays.com\/es\/59279\/"},"modified":"2025-08-20T02:42:11","modified_gmt":"2025-08-20T02:42:11","slug":"la-serie-de-mario-casas-con-silvia-alonso-que-recuerda-a-las-series-eroticas-de-netflix","status":"publish","type":"post","link":"https:\/\/www.europesays.com\/es\/59279\/","title":{"rendered":"La serie de Mario Casas con Silvia Alonso que recuerda a las series er\u00f3ticas de Netflix"},"content":{"rendered":"<p data-journey-content=\"true\" data-node-id=\"2\" class=\"css-i9p093 emevuu60\">No son pocas las telenovelas apasionadas que nos ofrece <strong data-node-id=\"2.1\"><a href=\"https:\/\/www.diezminutos.es\/telenovela\/otras\/a65548983\/la-reina-del-sur-serie-kate-del-castillo-netflix\/\" target=\"_blank\" data-vars-ga-outbound-link=\"https:\/\/www.diezminutos.es\/telenovela\/otras\/a65548983\/la-reina-del-sur-serie-kate-del-castillo-netflix\/\" data-vars-ga-ux-element=\"Hyperlink\" data-vars-ga-call-to-action=\"Netflix\" data-node-id=\"2.1.0\" class=\"body-link css-177bzfx emevuu60\" rel=\"nofollow noopener\">Netflix<\/a><\/strong>, pero si ya has visto todas y tienes ganas de m\u00e1s, hay una que tiene 8 episodios y es de las que m\u00e1s engancha. Est\u00e1 protagonizada por <strong data-node-id=\"2.3\">Mario Casas y <\/strong><a href=\"https:\/\/www.diezminutos.es\/teleprograma\/series-tv\/a64305743\/silvia-alonso-series-novia-david-broncano\/\" target=\"_blank\" data-vars-ga-outbound-link=\"https:\/\/www.diezminutos.es\/teleprograma\/series-tv\/a64305743\/silvia-alonso-series-novia-david-broncano\/\" data-vars-ga-ux-element=\"Hyperlink\" data-vars-ga-call-to-action=\"las mejores series de Silvia Alonso\" data-node-id=\"2.4\" data-mrf-link=\"https:\/\/www.diezminutos.es\/teleprograma\/series-tv\/a64305743\/silvia-alonso-series-novia-david-broncano\/\" class=\"body-link css-177bzfx emevuu60\" rel=\"nofollow noopener\"><strong data-node-id=\"2.4.0\">Silvia Alonso<\/strong>,<\/a> la <a href=\"https:\/\/www.diezminutos.es\/famosos-corazon\/famosos-espanoles\/a62307486\/david-broncano-silvia-alonso-como-se-conocieron-relacion\/\" target=\"_blank\" data-vars-ga-outbound-link=\"https:\/\/www.diezminutos.es\/famosos-corazon\/famosos-espanoles\/a62307486\/david-broncano-silvia-alonso-como-se-conocieron-relacion\/\" data-vars-ga-ux-element=\"Hyperlink\" data-vars-ga-call-to-action=\"Silvia Alonso, pareja de David Broncano\" data-node-id=\"2.6\" data-mrf-link=\"https:\/\/www.diezminutos.es\/famosos-corazon\/famosos-espanoles\/a62307486\/david-broncano-silvia-alonso-como-se-conocieron-relacion\/\" class=\"body-link css-177bzfx emevuu60\" rel=\"nofollow noopener\">pareja de David Broncano<\/a>, a quien vamos a ver pronto en <a href=\"https:\/\/www.diezminutos.es\/teleprograma\/series-tv\/a62495231\/megan-montaner-serie-netflix-la-caza-irati\/\" target=\"_blank\" data-vars-ga-outbound-link=\"https:\/\/www.diezminutos.es\/teleprograma\/series-tv\/a62495231\/megan-montaner-serie-netflix-la-caza-irati\/\" data-vars-ga-ux-element=\"Hyperlink\" data-vars-ga-call-to-action=\"la nueva temporada de &#039;La Caza&#039;\" data-node-id=\"2.8\" data-mrf-link=\"https:\/\/www.diezminutos.es\/teleprograma\/series-tv\/a62495231\/megan-montaner-serie-netflix-la-caza-irati\/\" class=\"body-link css-177bzfx emevuu60\" rel=\"nofollow noopener\">la nueva temporada de &#8216;La Caza&#8217;<\/a> y tiene otros grandes \u00e9xitos como la <a href=\"https:\/\/www.diezminutos.es\/teleprograma\/series-tv\/a64142509\/silvia-alonso-actriz-novio-david-broncano-la-caza-serie-megan-montaner-movistar\/\" target=\"_blank\" data-vars-ga-outbound-link=\"https:\/\/www.diezminutos.es\/teleprograma\/series-tv\/a64142509\/silvia-alonso-actriz-novio-david-broncano-la-caza-serie-megan-montaner-movistar\/\" data-vars-ga-ux-element=\"Hyperlink\" data-vars-ga-call-to-action=\"serie de intriga al estilo &#039;Reina Roja&#039; de Megan Montaner\" data-node-id=\"2.10\" data-mrf-link=\"https:\/\/www.diezminutos.es\/teleprograma\/series-tv\/a64142509\/silvia-alonso-actriz-novio-david-broncano-la-caza-serie-megan-montaner-movistar\/\" class=\"body-link css-177bzfx emevuu60\" rel=\"nofollow noopener\">serie de intriga al estilo &#8216;Reina Roja&#8217; de Megan Montaner<\/a>. Se titula &#8216;<strong data-node-id=\"2.12\">Instinto<\/strong>&#8216; y algunos <a href=\"https:\/\/www.diezminutos.es\/teleprograma\/series-tv\/a64338352\/silvia-alonso-actriz-novio-david-broncano-instinto-serie-mario-casas\/\" target=\"_blank\" data-vars-ga-outbound-link=\"https:\/\/www.diezminutos.es\/teleprograma\/series-tv\/a64338352\/silvia-alonso-actriz-novio-david-broncano-instinto-serie-mario-casas\/\" data-vars-ga-ux-element=\"Hyperlink\" data-vars-ga-call-to-action=\"la comparan con &#039;Cincuenta sombras de Grey&#039;\" data-node-id=\"2.14\" class=\"body-link css-177bzfx emevuu60\" rel=\"nofollow noopener\">la comparan con &#8216;Cincuenta sombras de Grey&#8217;<\/a> y se puede ver en Movistar Plus.<\/p>\n<p data-journey-content=\"true\" data-node-id=\"3\" class=\"css-i9p093 emevuu60\">El estreno de esta <strong data-node-id=\"3.1\">serie er\u00f3tica<\/strong> tuvo lugar en 2019. En torno a la ficci\u00f3n, hubo una gran expectaci\u00f3n por los <a href=\"https:\/\/www.diezminutos.es\/teleprograma\/series-tv\/a1997157\/mario-casas-instinto-musculos\/\" target=\"_blank\" data-vars-ga-outbound-link=\"https:\/\/www.diezminutos.es\/teleprograma\/series-tv\/a1997157\/mario-casas-instinto-musculos\/\" data-vars-ga-ux-element=\"Hyperlink\" data-vars-ga-call-to-action=\"los desnudos integrales de Mario Casas\" data-node-id=\"3.3\" data-mrf-link=\"https:\/\/www.diezminutos.es\/teleprograma\/series-tv\/a1997157\/mario-casas-instinto-musculos\/\" class=\"body-link css-177bzfx emevuu60\" rel=\"nofollow noopener\">desnudos integrales de Mario Casas<\/a> que inclu\u00eda. Adem\u00e1s, <strong data-node-id=\"3.5\">Silvia Alonso<\/strong> juega un papel de mujer sexy y sugerente. Una pareja que iba a dar que hablar. <\/p>\n<p><img draggable=\"true\" alt=\"silvia alonso en instinto\" title=\"silvia alonso y mario casas en instinto\" loading=\"lazy\" width=\"3000\" height=\"1859\" decoding=\"async\" data-nimg=\"1\" style=\"color:transparent;width:100%;height:auto;\"   src=\"https:\/\/www.europesays.com\/es\/wp-content\/uploads\/2025\/08\/silvia-alonso-mario-casas-67ea95d642b2b.jpg\" class=\"css-0 e1g79fud0\"\/><\/p>\n<p>Productora \/ Manuel Fern\u00e1ndez &#8211; Vald\u00e9s<\/p>\n<p>De qu\u00e9 trata &#8216;Instinto&#8217;<\/p>\n<p data-journey-content=\"true\" data-node-id=\"6\" class=\"css-i9p093 emevuu60\">Ella es Eva, una joven y ambiciosa ingeniera con mucho que ocultar, mientras que <strong data-node-id=\"6.1\"><a href=\"https:\/\/www.diezminutos.es\/famosos-corazon\/famosos-espanoles\/a65600574\/mario-casas-melyssa-pinto-pareja-beso-vivir-juntos\/\" target=\"_blank\" data-vars-ga-outbound-link=\"https:\/\/www.diezminutos.es\/famosos-corazon\/famosos-espanoles\/a65600574\/mario-casas-melyssa-pinto-pareja-beso-vivir-juntos\/\" data-vars-ga-ux-element=\"Hyperlink\" data-vars-ga-call-to-action=\"Mario Casas\" data-node-id=\"6.1.0\" class=\"body-link css-177bzfx emevuu60\" rel=\"nofollow noopener\">Mario Casas<\/a><\/strong> interpreta a <strong data-node-id=\"6.3\">Marco Mur<\/strong>, <strong data-node-id=\"6.5\">empresario y propietario de Alva<\/strong>, una empresa de ingenier\u00eda industrial de alta tecnolog\u00eda que presenta al mercado su \u00faltimo prototipo, Ciclon, un coche el\u00e9ctrico propulsado por turbinas que convierten el viento en energ\u00eda. Eva (<a href=\"https:\/\/es.wikipedia.org\/wiki\/Silvia_Alonso\" title=\"Silvia Alonso\" data-vars-ga-outbound-link=\"https:\/\/es.wikipedia.org\/wiki\/Silvia_Alonso\" data-vars-ga-ux-element=\"Hyperlink\" data-vars-ga-call-to-action=\"Silvia Alonso\" data-node-id=\"6.7\" class=\"body-link css-177bzfx emevuu60\" rel=\"nofollow noopener\" target=\"_blank\">Silvia Alonso<\/a>) acaba rompiendo el equilibrio laboral y emocional de Marco y su amigo y compa\u00f1ero de estudios, Diego (<a href=\"https:\/\/es.wikipedia.org\/w\/index.php?title=Jon_Arias&amp;action=edit&amp;redlink=1\" title=\"Jon Arias (a\u00fan no redactado)\" data-vars-ga-outbound-link=\"https:\/\/es.wikipedia.org\/w\/index.php?title=Jon_Arias&amp;action=edit&amp;redlink=1\" data-vars-ga-ux-element=\"Hyperlink\" data-vars-ga-call-to-action=\"Jon Arias\" data-node-id=\"6.9\" class=\"body-link css-177bzfx emevuu60\" rel=\"nofollow noopener\" target=\"_blank\">Jon Arias<\/a>), que est\u00e1 casado con B\u00e1rbara (<a href=\"https:\/\/es.wikipedia.org\/wiki\/Bruna_Cus%C3%AD\" title=\"Bruna Cus\u00ed\" data-vars-ga-outbound-link=\"https:\/\/es.wikipedia.org\/wiki\/Bruna_Cus%C3%AD\" data-vars-ga-ux-element=\"Hyperlink\" data-vars-ga-call-to-action=\"Bruna Cus\u00ed\" data-node-id=\"6.11\" class=\"body-link css-177bzfx emevuu60\" rel=\"nofollow noopener\" target=\"_blank\">Bruna Cus\u00ed<\/a>), eficiente directora de marketing, cuando se incorpora al equipo. <\/p>\n<p data-journey-content=\"true\" data-node-id=\"8\" class=\"css-i9p093 emevuu60\">Marco no es el mismo de d\u00eda que de noche. De hecho, es un hombre con muchos fantasmas, a cuyo interior solo logra acceder su <strong data-node-id=\"8.1\">psic\u00f3loga<\/strong>, Sara (<a href=\"https:\/\/www.diezminutos.es\/famosos-corazon\/famosos-espanoles\/interviews\/g9559\/miryam-gallego-valoro-mucho-el-tiempo-con-mi-familia\/\" target=\"_blank\" data-vars-ga-outbound-link=\"https:\/\/www.diezminutos.es\/famosos-corazon\/famosos-espanoles\/interviews\/g9559\/miryam-gallego-valoro-mucho-el-tiempo-con-mi-familia\/\" data-vars-ga-ux-element=\"Hyperlink\" data-vars-ga-call-to-action=\"Miryam Gallego\" data-node-id=\"8.3\" class=\"body-link css-177bzfx emevuu60\" rel=\"nofollow noopener\">Miryam Gallego<\/a>), de quien depende emocionalmente. Empresario carism\u00e1tico, por la noche su vida se vuelca en un <strong data-node-id=\"8.5\">club privado<\/strong>, que es su v\u00eda de escape junto con el deporte. En ese lugar, todo el mundo <strong data-node-id=\"8.7\">oculta su rostro tras una m\u00e1scara<\/strong> y pueden recibir y dar placer y vivir sus sue\u00f1os m\u00e1s er\u00f3ticos sin que nadie sepa qui\u00e9n es el otro.<\/p>\n<p data-journey-content=\"true\" data-node-id=\"9\" class=\"css-i9p093 emevuu60\">Pero un d\u00eda, conoce a Carol (<a href=\"https:\/\/www.diezminutos.es\/famosos-corazon\/famosos-espanoles\/a34231172\/ingrid-garcia-jonsson-rafaella-carra-explota-explota\/\" target=\"_blank\" data-vars-ga-outbound-link=\"https:\/\/www.diezminutos.es\/famosos-corazon\/famosos-espanoles\/a34231172\/ingrid-garcia-jonsson-rafaella-carra-explota-explota\/\" data-vars-ga-ux-element=\"Hyperlink\" data-vars-ga-call-to-action=\"Ingrid Garc\u00eda-Jonsson\" data-node-id=\"9.1\" class=\"body-link css-177bzfx emevuu60\" rel=\"nofollow noopener\">Ingrid Garc\u00eda-Jonsson<\/a>), la nueva <strong data-node-id=\"9.3\">psicopedagoga <\/strong>de su hermano Jos\u00e9 (<strong data-node-id=\"9.5\">\u00d3scar Casas<\/strong>), y todo cambia para \u00e9l, porque comprende qui\u00e9n es su peor enemigo: \u00e9l mismo.     <\/p>\n<p><img src=\"https:\/\/www.europesays.com\/es\/wp-content\/uploads\/2025\/08\/1755657731_652_ded5e1ed-0131-401e-b7e8-7a68de80543b_1684752816.file\" alt=\"Headshot of Vilma Degorgue Alegre\" title=\"Headshot of Vilma Degorgue Alegre\" width=\"100%\" height=\"100%\" decoding=\"async\" loading=\"lazy\" class=\"css-o0wq4v ev8dhu53\"\/><\/p>\n<p>Vilma Degorgue es una experimentada periodista, con 30 a\u00f1os de recorrido profesional. Entre otras cosas, est\u00e1 especializada en contenidos de televisi\u00f3n, principalmente ficci\u00f3n y, m\u00e1s concretamente, en series turcas y latinoamericanas. Lleva desde el a\u00f1o 2000 entrevistando a actores y actrices mexicanos, colombianos, argentinos, chilenos, etc, y hasta 2020 estuvo viajando a diversos pa\u00edses de Am\u00e9rica Latina y Estados Unidos (Miami, Venezuela, M\u00e9xico, Colombia, Chile, Argentina, Per\u00fa) para cubrir grabaciones de series\/telenovelas que despu\u00e9s se emit\u00edan en Espa\u00f1a, y para entrevistar a los actores que formaban parte de ellas. \u00a0\u00a0\u00a0<\/p>\n<p>Desde que irrumpieron las telenovelas turcas, se ha especializado en estos productos, entrevistando a los actores que trabajan en ellas y estando al tanto de cualquier novedad en relaci\u00f3n a las ficciones y los int\u00e9rpretes de ese pa\u00eds. \u00a0\u00a0<\/p>\n<p>Nacida en Barcelona, se licenci\u00f3 en Periodismo, en 1993, en la Universidad Aut\u00f3noma de la ciudad condal, cursando dos Erasmus, uno en Francia (Grenoble) y otro en Gran Breta\u00f1a (Cardiff). Comenz\u00f3 su carrera en su ciudad natal, trabajando en Europa Press Catalunya, pero al a\u00f1o se traslad\u00f3 a Madrid, y desde 1995 trabaja en la capital de Espa\u00f1a. Ha pasado por agencias (Europa Press, Euroimagen), televisi\u00f3n (Antena3, Telecinco, RTVE y Telemadrid), revistas (Teleindiscreta, Telenovela, colaboraciones en Lecturas y Semana) y ha sido coordinadora del Portal del Consumidor de la Comunidad de Madrid. Estos a\u00f1os de experiencia, y gracias a tres idiomas que habla (franc\u00e9s, ingl\u00e9s y alem\u00e1n, adem\u00e1s de su catal\u00e1n natal) le han permitido viajar por todo el mundo para entrevistar a personajes de la vida p\u00fablica y realizar reportajes casi todos relacionados con el mundo art\u00edstico y social. \u00a0\u00a0\u00a0<\/p>\n<p>Desde el a\u00f1o 2000 est\u00e1 vinculada, entre otras empresas, a la revista Telenovela (que ahora forma parte de Diez Minutos) y, desde su paso por el Portal del Consumidor de la Comunidad de Madrid (2006-2016), se ha especializado en prensa e informaci\u00f3n digital, gracias a cursos y experiencia en webs y portales de informaci\u00f3n en internet. En los \u00faltimos a\u00f1os, ha creado dos peri\u00f3dicos digitales, <a href=\"https:\/\/elmiradordemadrid.es\/\" target=\"_blank\" rel=\"nofollow noopener\">www.elmiradordemadrid.es<\/a> y <a href=\"https:\/\/elmiradordebenidorm.es\/\" target=\"_blank\" rel=\"nofollow noopener\">www.elmiradordebenidorm.es<\/a>, que son de su propiedad y gestiona junto con otros colaboradores. \u00a0\u00a0<\/p>\n","protected":false},"excerpt":{"rendered":"No son pocas las telenovelas apasionadas que nos ofrece Netflix, pero si ya has visto todas y tienes&hellip;\n","protected":false},"author":2,"featured_media":59280,"comment_status":"","ping_status":"","sticky":false,"template":"","format":"standard","meta":{"footnotes":""},"categories":[171],"tags":[253,146,147,25,24,23,214],"class_list":{"0":"post-59279","1":"post","2":"type-post","3":"status-publish","4":"format-standard","5":"has-post-thumbnail","7":"category-tv","8":"tag-discover","9":"tag-entertainment","10":"tag-entretenimiento","11":"tag-es","12":"tag-espana","13":"tag-spain","14":"tag-tv"},"share_on_mastodon":{"url":"","error":""},"_links":{"self":[{"href":"https:\/\/www.europesays.com\/es\/wp-json\/wp\/v2\/posts\/59279","targetHints":{"allow":["GET"]}}],"collection":[{"href":"https:\/\/www.europesays.com\/es\/wp-json\/wp\/v2\/posts"}],"about":[{"href":"https:\/\/www.europesays.com\/es\/wp-json\/wp\/v2\/types\/post"}],"author":[{"embeddable":true,"href":"https:\/\/www.europesays.com\/es\/wp-json\/wp\/v2\/users\/2"}],"replies":[{"embeddable":true,"href":"https:\/\/www.europesays.com\/es\/wp-json\/wp\/v2\/comments?post=59279"}],"version-history":[{"count":0,"href":"https:\/\/www.europesays.com\/es\/wp-json\/wp\/v2\/posts\/59279\/revisions"}],"wp:featuredmedia":[{"embeddable":true,"href":"https:\/\/www.europesays.com\/es\/wp-json\/wp\/v2\/media\/59280"}],"wp:attachment":[{"href":"https:\/\/www.europesays.com\/es\/wp-json\/wp\/v2\/media?parent=59279"}],"wp:term":[{"taxonomy":"category","embeddable":true,"href":"https:\/\/www.europesays.com\/es\/wp-json\/wp\/v2\/categories?post=59279"},{"taxonomy":"post_tag","embeddable":true,"href":"https:\/\/www.europesays.com\/es\/wp-json\/wp\/v2\/tags?post=59279"}],"curies":[{"name":"wp","href":"https:\/\/api.w.org\/{rel}","templated":true}]}}