{"id":592825,"date":"2026-06-07T07:22:12","date_gmt":"2026-06-07T07:22:12","guid":{"rendered":"https:\/\/www.europesays.com\/es\/592825\/"},"modified":"2026-06-07T07:22:12","modified_gmt":"2026-06-07T07:22:12","slug":"el-talento-de-marruecos-que-idolatra-a-neymar-y-suspira-por-el-barca-no-estara-en-el-mundial","status":"publish","type":"post","link":"https:\/\/www.europesays.com\/es\/592825\/","title":{"rendered":"El talento de Marruecos que idolatra a Neymar y suspira por el Bar\u00e7a no estar\u00e1 en el Mundial"},"content":{"rendered":"<p class=\"ft-text\"><strong>Eliesse Ben Seghir<\/strong> ha recibido uno de los varapalos m\u00e1s duros de su corta carrera: <strong>quedarse fuera de la lista de Marruecos para el Mundial<\/strong>. A sus 21 a\u00f1os, el segundo fichaje m\u00e1s caro de la historia del <strong>Bayer Leverkusen<\/strong> y una de las grandes joyas del f\u00fatbol marroqu\u00ed <a class=\"ft-link ft-link--decoration\" href=\"https:\/\/www.sport.es\/es\/noticias\/mundial-futbol\/abde-ounahi-cuatro-perlas-marruecos-130698050\" target=\"_blank\" rel=\"nofollow noopener\">qued\u00f3 descartado por Mohamed Ouahbi<\/a>. Una decisi\u00f3n que constata que, por ahora, no est\u00e1 logrando explotar su enorme talento de manera regular.<\/p>\n<p class=\"ft-text\">Su ausencia duele especialmente porque <strong>Ben Seghir no es un jugador cualquiera<\/strong>. Nacido en Saint-Tropez en 2005, <a class=\"ft-link ft-link--decoration\" href=\"https:\/\/www.sport.es\/es\/noticias\/mundial-futbol\/plan-marruecos-dominar-mundo-130702451\" target=\"_blank\" rel=\"nofollow noopener\">decidi\u00f3 representar a Marruecos a nivel internacional<\/a>, el pa\u00eds de sus padres, y durante a\u00f1os ha sido considerado uno de los grandes talentos a seguir en el f\u00fatbol europeo.<\/p>\n<p class=\"ft-text\">La apuesta del Leverkusen, que pag\u00f3 <strong>32 millones de euros<\/strong> al M\u00f3naco en los \u00faltimos d\u00edas del pasado mercado veraniego, fue total por un jugador que, realmente, se est\u00e1 devaluando. Seg\u00fan &#8216;Transfermarkt&#8217;, su valor de mercado es de <strong>20 millones de euros<\/strong> y, sin el escaparate mundialista, puede bajar a\u00fan m\u00e1s.<\/p>\n<p>Mala experiencia en la Bundesliga<\/p>\n<p class=\"ft-text\">Se trata de un extremo izquierdo vistoso y creativo: le encanta regatear, es muy \u00e1gil y presenta un abanico de recursos t\u00e9cnicos de m\u00e1ximo nivel. Diestro y capaz de jugar en ambas bandas, su asignatura pendiente sigue siendo mejorar su aportaci\u00f3n goleadora y dar un paso adelante en el plano t\u00e1ctico y defensivo. <strong>A veces, el talento puro no basta.<\/strong><\/p>\n<p><img decoding=\"async\" src=\"https:\/\/www.europesays.com\/es\/wp-content\/uploads\/2026\/06\/942a67f9-773f-44cb-bfb5-26b4b83952ad_alta-libre-aspect-ratio_default_0.jpg\" width=\"1200\" height=\"849\" alt=\"Eliesse Ben Seghir, nuevo jugador del Leverkusen\" class=\"ft-helper-img-rd\" loading=\"lazy\" fetchpriority=\"auto\"\/><\/p>\n<p class=\"ft-helper-fontColor-quaternary ft-helper-fontSize-body-S ft-helper-spacer-t-xxs\">Eliesse Ben Seghir, nuevo jugador del Leverkusen  \/ Bayer04<\/p>\n<p class=\"ft-text\"><a class=\"ft-link ft-link--decoration\" href=\"https:\/\/www.sport.es\/es\/noticias\/apuestas-deportivas\/top-apuestas\/nueva-perla-monaco-emula-henry-80474882\" target=\"_blank\" rel=\"nofollow noopener\">Formado en las categor\u00edas inferiores del M\u00f3naco<\/a>, Ben Seghir lleg\u00f3 al primer equipo muy temprano. Debut\u00f3 con solo 17 a\u00f1os, en noviembre de 2022, en la Europa League y, a los pocos meses, ya se hab\u00eda presentado como uno de los grandes talentos del club. Durante la temporada 2024-25, con <strong>Adi H\u00fctter<\/strong> en el banquillo, marc\u00f3 <strong>9 goles<\/strong> y reparti\u00f3 <strong>4 asistencias<\/strong> en 46 partidos entre todas las competiciones.<\/p>\n<p class=\"ft-text\">Parec\u00eda que la Bundesliga pod\u00eda ser solo un trampol\u00edn hacia la Premier League o hacia un club puntero en Europa, pero esta temporada ha pagado cara la falta de continuidad en un <strong>Bayer Leverkusen realmente inestable<\/strong>. Solo ha jugado <strong>17 encuentros<\/strong> entre todas las competiciones, sin marcar ni un gol ni repartir ninguna asistencia.<\/p>\n<p>Neymar y el Bar\u00e7a<\/p>\n<p class=\"ft-text\">Un Ben Seghir que nunca ha escondido su admiraci\u00f3n por <strong>Neymar<\/strong> ni su simpat\u00eda por el <strong>Bar\u00e7a<\/strong>. En una entrevista con &#8216;Onze Mondial&#8217;, el atacante reconoci\u00f3 que creci\u00f3 viendo jugar al equipo azulgrana y que siempre se sinti\u00f3 atra\u00eddo por su manera de entender el f\u00fatbol. No extra\u00f1a, por tanto, que su nombre haya aparecido en alg\u00fan momento en el radar del club catal\u00e1n, que lleg\u00f3 a seguir de cerca su evoluci\u00f3n durante su etapa en el M\u00f3naco.<\/p>\n<p><img decoding=\"async\" src=\"https:\/\/www.europesays.com\/es\/wp-content\/uploads\/2026\/06\/d053f573-b3c8-47dc-9148-8174e110d194_alta-libre-aspect-ratio_default_0.jpg\" width=\"1200\" height=\"800\" alt=\"Ben Seghir, durante el Gamper en Montju\u00efc\" class=\"ft-helper-img-rd\" loading=\"lazy\" fetchpriority=\"auto\"\/><\/p>\n<p class=\"ft-helper-fontColor-quaternary ft-helper-fontSize-body-S ft-helper-spacer-t-xxs\">Ben Seghir, durante el Gamper en Montju\u00efc  \/ &#8216;X&#8217;<\/p>\n<p class=\"ft-text\">Uno de esos partidos que aliment\u00f3 todav\u00eda m\u00e1s su posible llegada al club catal\u00e1n fue el duelo de Champions League contra el <strong>Benfica<\/strong>, a finales de 2024. El Bar\u00e7a habr\u00eda enviado ojeadores para observarlo en directo y Ben Seghir tard\u00f3 apenas 12 minutos en dejar su firma con un gol. Incluso lleg\u00f3 a marcarle al Bar\u00e7a en el <strong>Trofeo Joan Gamper<\/strong> de la temporada 2024-25. Ahora, atraviesa un momento completamente distinto.<\/p>\n<p>Un estatus que debe recuperar<\/p>\n<p class=\"ft-text\">Fuera del Mundial, <strong>Ben Seghir ha perdido su estatus en Marruecos<\/strong>, que prioriz\u00f3 a otros perfiles para el ataque como <strong>Brahim D\u00edaz, Abde Ezzalzouli, Soufiane Rahimi, Ayoub El Kaabi, Chemsdine Talbi, Gessime Yassine y Ayoube Amaimouni<\/strong>.<\/p>\n<p class=\"ft-text\">Especialmente estos tres \u00faltimos, acostumbrados a jugar en banda, le han comido claramente la tostada. \u00bfRecuperar\u00e1 su mejor versi\u00f3n durante la campa\u00f1a 2026-27? De momento, <strong>el Mundial lo seguir\u00e1 desde casa<\/strong>.<\/p>\n","protected":false},"excerpt":{"rendered":"Eliesse Ben Seghir ha recibido uno de los varapalos m\u00e1s duros de su corta carrera: quedarse fuera de&hellip;\n","protected":false},"author":2,"featured_media":592826,"comment_status":"","ping_status":"","sticky":false,"template":"","format":"standard","meta":{"footnotes":""},"categories":[268],"tags":[2296,10083,168,25,24,8470,280,282,4485,1070,32463,24351,112093,13142,281,23,167,16578],"class_list":["post-592825","post","type-post","status-publish","format-standard","has-post-thumbnail","category-futbol","tag-barca","tag-bayer-leverkusen","tag-deportes","tag-es","tag-espana","tag-fan","tag-football","tag-futbol","tag-marruecos","tag-mundial","tag-mundial-2026","tag-neymar","tag-seleccion-marruecos","tag-sin","tag-soccer","tag-spain","tag-sports","tag-talento"],"share_on_mastodon":{"url":"https:\/\/pubeurope.com\/@es\/116707626151720234","error":""},"_links":{"self":[{"href":"https:\/\/www.europesays.com\/es\/wp-json\/wp\/v2\/posts\/592825","targetHints":{"allow":["GET"]}}],"collection":[{"href":"https:\/\/www.europesays.com\/es\/wp-json\/wp\/v2\/posts"}],"about":[{"href":"https:\/\/www.europesays.com\/es\/wp-json\/wp\/v2\/types\/post"}],"author":[{"embeddable":true,"href":"https:\/\/www.europesays.com\/es\/wp-json\/wp\/v2\/users\/2"}],"replies":[{"embeddable":true,"href":"https:\/\/www.europesays.com\/es\/wp-json\/wp\/v2\/comments?post=592825"}],"version-history":[{"count":0,"href":"https:\/\/www.europesays.com\/es\/wp-json\/wp\/v2\/posts\/592825\/revisions"}],"wp:featuredmedia":[{"embeddable":true,"href":"https:\/\/www.europesays.com\/es\/wp-json\/wp\/v2\/media\/592826"}],"wp:attachment":[{"href":"https:\/\/www.europesays.com\/es\/wp-json\/wp\/v2\/media?parent=592825"}],"wp:term":[{"taxonomy":"category","embeddable":true,"href":"https:\/\/www.europesays.com\/es\/wp-json\/wp\/v2\/categories?post=592825"},{"taxonomy":"post_tag","embeddable":true,"href":"https:\/\/www.europesays.com\/es\/wp-json\/wp\/v2\/tags?post=592825"}],"curies":[{"name":"wp","href":"https:\/\/api.w.org\/{rel}","templated":true}]}}