{"id":592932,"date":"2026-06-07T08:57:21","date_gmt":"2026-06-07T08:57:21","guid":{"rendered":"https:\/\/www.europesays.com\/es\/592932\/"},"modified":"2026-06-07T08:57:21","modified_gmt":"2026-06-07T08:57:21","slug":"carmina-santos-pintora-hay-gente-que-ve-a-caceres-cuadriculada-yo-la-veo-poliedrica-llena-de-color-de-vida-y-de-futuro","status":"publish","type":"post","link":"https:\/\/www.europesays.com\/es\/592932\/","title":{"rendered":"Carmina Santos, pintora: \u00abHay gente que ve a C\u00e1ceres cuadriculada, yo la veo poli\u00e9drica, llena de color, de vida y de futuro\u00bb"},"content":{"rendered":"<p class=\"ft-text\">Fue funcionaria de sanidad, <strong>concejala de Cultura durante una legislatura<\/strong> (\u00absuficiente y fugaz\u00bb, dice ella) y ahora se dedica por entero a su vocaci\u00f3n: la pintura. Acaba de triunfar con su nueva exposici\u00f3n en la plaza de toros de<strong> Las Ventas <\/strong>y nos recibe en el Hotel NH Collection Palacio de Oquendo. En su voz, toda la fluidez de una mujer orgullosa de ser madre y abuela, que sabe que el amor te completa pero tambi\u00e9n te duele y que habla de<strong> C\u00e1ceres<\/strong>, la ciudad donde naci\u00f3 en 1958, con pasi\u00f3n y con certeza.<strong> Carmina Santos <\/strong>despliega su abanico inspirado en <a class=\"ft-link ft-link--decoration\" href=\"https:\/\/www.elperiodicoextremadura.com\/caceres-local\/2026\/05\/29\/roca-rey-marco-perez-caceres-130822183.html\" target=\"_blank\" rel=\"nofollow noopener\">Roca Rey<\/a> (el torero de la valent\u00eda y el carisma)<strong> <\/strong>para dar una lecci\u00f3n maravillosa: envejecer con dignidad es no acordarte de la edad que tienes porque te sientes pleno.<\/p>\n<p class=\"ft-text\"><strong>-Usted es la Carmen de Espa\u00f1a y no la de M\u00e9rim\u00e9e.<\/strong><\/p>\n<p class=\"ft-text\">-Uy, no, por Dios. Eso son muchas pretensiones.<\/p>\n<p class=\"ft-text\"><strong>-De Carmen pas\u00f3 a Carmina.<\/strong><\/p>\n<p class=\"ft-text\">-S\u00ed.<\/p>\n<p class=\"ft-text\"><strong>-Torera, taurina, pintora y reina de Las Ventas con sus abanicos.<\/strong><\/p>\n<p class=\"ft-text\">-Bueno, voy a hacer una puntualizaci\u00f3n.\u00a0Ni soy torera ni soy taurina, soy aficionada.<\/p>\n<p class=\"ft-text\"><strong>-Pero s\u00ed, reina de Las Ventas con sus abanicos.<\/strong><\/p>\n<p class=\"ft-text\">-La verdad es que el paso que he tenido por segunda vez en Las Ventas, por San Isidro, ha dejado huella.<\/p>\n<p class=\"ft-text\"><strong>-Porque usted hace abanicos.<\/strong><\/p>\n<p class=\"ft-text\">-Hago abanicos, pero tambi\u00e9n hago mis cuadros, mis acuarelas, mis lienzos.<\/p>\n<p class=\"ft-text\"><strong>-Se cri\u00f3 entre agujas.<\/strong><\/p>\n<p class=\"ft-text\">-Totalmente. Entre agujas e hilvanes.<\/p>\n<p class=\"ft-text\"><strong>-Pero no agujas e hilvanes de mujer, agujas e hilvanes de hombre.<\/strong><\/p>\n<p class=\"ft-text\">-Exacto. Mi padre era sastre y desde muy peque\u00f1ita sent\u00ed esa atracci\u00f3n\u00a0por la sastrer\u00eda.\u00a0De hecho, en un curso de Bachillerato no me fueron bien las cosas, tuve un &#8216;arrep\u00edo&#8217; y le dije a mi padre que me quer\u00eda ir a Barcelona\u00a0a formarme en la misma escuela que \u00e9l se form\u00f3, cosa en la que mi padre no estaba de acuerdo porque pens\u00f3 que yo ten\u00eda que pasar por la universidad.<\/p>\n<p>La sastrer\u00eda<\/p>\n<p class=\"ft-text\"><strong>-\u00bfY c\u00f3mo recuerda General Ezponda y aquel taller de Pepe Santos?<\/strong><\/p>\n<p class=\"ft-text\">-Es un lugar que me trae mucho cari\u00f1o y un recuerdo impresionante.\u00a0En primer lugar porque mi padre era una persona muy conocida; pasaba much\u00edsima gente por all\u00ed, aunque no fueran a encargarse nada, sino solamente a saludar, a echar el ratito all\u00ed.\u00a0Era, como yo digo, una sastrer\u00eda muy social.<\/p>\n<p class=\"ft-text\"><strong>-\u00bfQu\u00e9 es la sanidad?<\/strong><\/p>\n<p class=\"ft-text\">-Para m\u00ed, una vocaci\u00f3n. \u00bfY c\u00f3mo la definir\u00eda?\u00a0Como un bien social que se est\u00e1 descuidando hoy en d\u00eda\u00a0y que los poderes p\u00fablicos y pol\u00edticos deber\u00edan mimarla m\u00e1s.<\/p>\n<p class=\"ft-text\"><strong>-Un d\u00eda lleg\u00f3 a la pol\u00edtica, una legislatura, como concejala de Cultura.\u00a0\u00bfFue fugaz o fue suficiente?<\/strong><\/p>\n<p class=\"ft-text\">-Suficiente. De hecho, luego han llamado a mi puerta en posteriores elecciones pero consideraba que hab\u00eda sido suficiente.\u00a0La pol\u00edtica me ha gustado mucho y me ha dejado un gran poso. Creo que todos debemos estar involucrados en la pol\u00edtica, bien como espectadores o bien como actores. Y pienso que por la pol\u00edtica municipal deber\u00edamos pasar la mayor\u00eda de los ciudadanos.<\/p>\n<p class=\"ft-text\"><strong>-\u00bfQu\u00e9 es envejecer con dignidad?<\/strong><\/p>\n<p class=\"ft-text\">-Algo maravilloso.\u00a0Cuando me preguntan la edad, es que ni me acuerdo, pero porque me sigo sintiendo \u00fatil,\u00a0me sigo sintiendo una persona que a nivel familiar estoy ah\u00ed siempre. Tengo cuatro nietos, a los que adoro y ellos me adoran tambi\u00e9n. Juego mucho con ellos, les ense\u00f1o el arte de la pintura,\u00a0me los llevo a pasear viendo museos y obras art\u00edsticas. Son peque\u00f1itos, pero ellos ya lo van captando. Poder seguir interaccionando con esta sociedad hoy en d\u00eda es envejecer con dignidad.<\/p>\n<p class=\"ft-text\"><strong>-Hablado de sus nietos, \u00bfqu\u00e9 es ser madre?<\/strong><\/p>\n<p class=\"ft-text\">-Lo m\u00e1s grande. Es un privilegio que tenemos las mujeres. El poder ser madre (y con esto no quiero para nada quitarle valor al hecho de ser padre), esos nueve meses que nosotros llevamos por adelantado,\u00a0ese nido que tenemos ah\u00ed en el que cobijamos y van creciendo nuestros hijos,\u00a0es un privilegio que Dios nos ha concedido a las mujeres\u00a0y que hay que valorar much\u00edsimo. Yo lo valoro.\u00a0<\/p>\n<p class=\"ft-text\"><strong>-\u00bfEl amor duele o te completa?<\/strong><\/p>\n<p class=\"ft-text\">-Las dos cosas. El verdadero amor te completa, por supuesto, pero tambi\u00e9n duele.\u00a0Duele cuando desaparece.<\/p>\n<p class=\"ft-text\"><strong>-\u00bfC\u00e1ceres es cuadriculada o es poli\u00e9drica?<\/strong><\/p>\n<p class=\"ft-text\">-Depende con los ojos que la mires.\u00a0Hay gente que la ve muy cuadriculada, pero a m\u00ed me gusta verla poli\u00e9drica\u00a0y verla con muchas opciones.\u00a0Todo depende de uno mismo, de lo que quiera buscar y encontrar en C\u00e1ceres. Pero C\u00e1ceres est\u00e1 llena de vida, est\u00e1 llena de color. Pertenezco al grupo de gente que mira al futuro cacere\u00f1o. Y si todos los ciudadanos de C\u00e1ceres\u00a0la vi\u00e9ramos de esa manera, despegar\u00eda m\u00e1s.<\/p>\n","protected":false},"excerpt":{"rendered":"Fue funcionaria de sanidad, concejala de Cultura durante una legislatura (\u00absuficiente y fugaz\u00bb, dice ella) y ahora se&hellip;\n","protected":false},"author":2,"featured_media":592933,"comment_status":"","ping_status":"","sticky":false,"template":"","format":"standard","meta":{"footnotes":""},"categories":[173],"tags":[229,233,231,230,210,112109,232,5093,234,146,147,3141,25,24,112110,260,1634,11608,9593,23],"class_list":["post-592932","post","type-post","status-publish","format-standard","has-post-thumbnail","category-arte-y-diseno","tag-arte","tag-arte-y-diseno","tag-arts","tag-arts-and-design","tag-barcelona","tag-carmina","tag-design","tag-dios","tag-diseno","tag-entertainment","tag-entretenimiento","tag-entrevista","tag-es","tag-espana","tag-frente-a-frente","tag-gente","tag-hay","tag-pintora","tag-santos","tag-spain"],"share_on_mastodon":{"url":"https:\/\/pubeurope.com\/@es\/116707999403736671","error":""},"_links":{"self":[{"href":"https:\/\/www.europesays.com\/es\/wp-json\/wp\/v2\/posts\/592932","targetHints":{"allow":["GET"]}}],"collection":[{"href":"https:\/\/www.europesays.com\/es\/wp-json\/wp\/v2\/posts"}],"about":[{"href":"https:\/\/www.europesays.com\/es\/wp-json\/wp\/v2\/types\/post"}],"author":[{"embeddable":true,"href":"https:\/\/www.europesays.com\/es\/wp-json\/wp\/v2\/users\/2"}],"replies":[{"embeddable":true,"href":"https:\/\/www.europesays.com\/es\/wp-json\/wp\/v2\/comments?post=592932"}],"version-history":[{"count":0,"href":"https:\/\/www.europesays.com\/es\/wp-json\/wp\/v2\/posts\/592932\/revisions"}],"wp:featuredmedia":[{"embeddable":true,"href":"https:\/\/www.europesays.com\/es\/wp-json\/wp\/v2\/media\/592933"}],"wp:attachment":[{"href":"https:\/\/www.europesays.com\/es\/wp-json\/wp\/v2\/media?parent=592932"}],"wp:term":[{"taxonomy":"category","embeddable":true,"href":"https:\/\/www.europesays.com\/es\/wp-json\/wp\/v2\/categories?post=592932"},{"taxonomy":"post_tag","embeddable":true,"href":"https:\/\/www.europesays.com\/es\/wp-json\/wp\/v2\/tags?post=592932"}],"curies":[{"name":"wp","href":"https:\/\/api.w.org\/{rel}","templated":true}]}}