{"id":593083,"date":"2026-06-07T10:50:15","date_gmt":"2026-06-07T10:50:15","guid":{"rendered":"https:\/\/www.europesays.com\/es\/593083\/"},"modified":"2026-06-07T10:50:15","modified_gmt":"2026-06-07T10:50:15","slug":"melwin-pantzar-la-primera-piedra-del-nuevo-unicaja-2026-2027","status":"publish","type":"post","link":"https:\/\/www.europesays.com\/es\/593083\/","title":{"rendered":"Melwin Pantzar: la primera piedra del nuevo Unicaja 2026\/2027"},"content":{"rendered":"<p class=\"ft-text\">El <a class=\"ft-link ft-link--decoration\" href=\"https:\/\/www.unicajabaloncesto.com\/\" target=\"_blank\" rel=\"nofollow noopener\">Unicaja<\/a> ya tiene definida la primera <a class=\"ft-link ft-link--decoration\" href=\"https:\/\/www.laopiniondemalaga.es\/unicaja\/2026\/06\/02\/melwin-pantzar-5-6-fichajes-unicaja-130858332.html\" target=\"_blank\" rel=\"nofollow noopener\">pieza de su proyecto para la temporada 2026\/2027<\/a>. <strong>Melwin Pantzar<\/strong> es el primer fichaje confirmado de la plantilla malague\u00f1a para el pr\u00f3ximo curso, aunque su incorporaci\u00f3n no responde a una operaci\u00f3n reciente. <a class=\"ft-link ft-link--decoration\" href=\"https:\/\/www.laopiniondemalaga.es\/unicaja\/2025\/06\/26\/melwin-pantzar-firma-unicaja-2030-surne-bilbao-119081559.html\" target=\"_blank\" rel=\"nofollow noopener\">El base sueco fue firmado el pasado verano por el club cajista con un contrato de larga duraci\u00f3n hasta 2030<\/a>, pero ambas partes acordaron que continuara cedido una temporada m\u00e1s en el Surne Bilbao Basket.<\/p>\n<p>Presente, futuro&#8230; y cupo<\/p>\n<p class=\"ft-text\">Ahora, tras un <strong>curso sobresaliente en Miribilla<\/strong>, Pantzar aterrizar\u00e1 en M\u00e1laga convertido en una <strong>apuesta de presente y futuro<\/strong>. El internacional sueco llega con la etiqueta de jugador contrastado en la Liga Endesa y con un valor a\u00f1adido especialmente cotizado en el mercado nacional: es <strong>cupo<\/strong>. En un contexto en el que escasean los jugadores de garant\u00edas que cumplan ese requisito, su incorporaci\u00f3n supone un movimiento estrat\u00e9gico para el Unicaja tanto a nivel deportivo como de planificaci\u00f3n de plantilla.<\/p>\n<p><img decoding=\"async\" src=\"https:\/\/www.europesays.com\/es\/wp-content\/uploads\/2026\/06\/f88d480e-001b-4bef-a9c5-96147af22f3e_alta-libre-aspect-ratio_default_0_x720y319.jpg\" width=\"1200\" height=\"799\" alt=\"Pantzar y Perry ser\u00e1n compa\u00f1eros la pr\u00f3xima temporada.\" class=\"ft-helper-img-rd\" loading=\"lazy\" fetchpriority=\"auto\"\/><\/p>\n<p class=\"ft-helper-fontColor-quaternary ft-helper-fontSize-body-S ft-helper-spacer-t-xxs\">Pantzar y Perry ser\u00e1n compa\u00f1eros la pr\u00f3xima temporada.  \/ ACBPhoto<\/p>\n<p>Vers\u00e1til<\/p>\n<p class=\"ft-text\">A sus 26 a\u00f1os, Pantzar ha demostrado ser <strong>uno de los bases m\u00e1s completos de la competici\u00f3n<\/strong>. Su capacidad para generar juego, su f\u00edsico para imponer ritmo y su versatilidad le convierten en un perfil muy atractivo para el esquema cajista. Aunque su posici\u00f3n natural es la de director de juego, tambi\u00e9n <strong>puede actuar de manera puntual como escolta<\/strong>, por lo que podr\u00eda compartir cancha con Kendrick Perry o Alberto D\u00edaz, cuando las necesidades t\u00e1cticas del equipo as\u00ed lo requieran.<\/p>\n<p>L\u00edder del Bilbao Basket<\/p>\n<p class=\"ft-text\">Sus n\u00fameros esta temporada en la <strong>Liga Endesa<\/strong> respaldan plenamente la confianza depositada en \u00e9l. En 35 encuentros disputados promedi\u00f3 24 minutos y 46 segundos sobre la pista, con <strong>11 puntos, 4,3 rebotes, 4,3 asistencias y 1,1 recuperaciones<\/strong> por partido, alcanzando una valoraci\u00f3n media de <strong>16,8 cr\u00e9ditos<\/strong>. Un rendimiento que le situ\u00f3, hasta este viernes -cuando los vascos quedaron eliminados del play off- entre los jugadores m\u00e1s influyentes del conjunto bilba\u00edno.<\/p>\n<p class=\"ft-text\">Tambi\u00e9n tuvo un papel fundamental en la hist\u00f3rica campa\u00f1a europea del Surne Bilbao Basket. El <a class=\"ft-link ft-link--decoration\" href=\"https:\/\/www.laopiniondemalaga.es\/unicaja\/2026\/04\/30\/jugador-unicaja-melwin-pantzar-campeon-129705566.html\" target=\"_blank\" rel=\"nofollow noopener\">conjunto vasco logr\u00f3 revalidar la FIBA Europe Cup por segundo a\u00f1o consecutivo<\/a> y Pantzar volvi\u00f3 a ser una de sus referencias. En la competici\u00f3n continental firm\u00f3 medias de <strong>8,9 puntos, 4,5 rebotes y 6,4 asistencias<\/strong> para una <strong>valoraci\u00f3n de 15,4 cr\u00e9ditos<\/strong>.<\/p>\n<p class=\"ft-text\">Su rendimiento le ha convertido adem\u00e1s en uno de los grandes \u00eddolos de la afici\u00f3n de Miribilla. <a class=\"ft-link ft-link--decoration\" href=\"https:\/\/www.laopiniondemalaga.es\/unicaja\/2026\/06\/06\/surne-bilbao-despide-melwin-pantzar-unicaja-cedido-homenaje-miribilla-131079329.html\" target=\"_blank\" rel=\"nofollow noopener\">El exterior deja Bilbao con un enorme reconocimiento<\/a> por parte de una grada que ha disfrutado de su <strong>crecimiento y liderazgo<\/strong> durante las \u00faltimas temporadas.<\/p>\n<p>\u00daltima parada antes de aterrizar en M\u00e1laga<\/p>\n<p class=\"ft-text\">Antes de enfundarse la camiseta verde y morada, Pantzar afrontar\u00e1 un compromiso internacional. El nuevo jugador del Unicaja participar\u00e1 este pr\u00f3ximo mes de julio en la <strong>pr\u00f3xima ventana de selecciones con Suecia<\/strong>, una cita que servir\u00e1 como antesala de su desembarco definitivo en M\u00e1laga, donde est\u00e1 <a class=\"ft-link ft-link--decoration\" href=\"https:\/\/www.laopiniondemalaga.es\/unicaja\/2026\/05\/24\/lucha-play-off-melwin-pantzar-surne-bilabo-girona-unicaja-130594790.html\" target=\"_blank\" rel=\"nofollow noopener\">llamado a convertirse en una de las piedras angulares del nuevo proyecto cajista<\/a>.<\/p>\n","protected":false},"excerpt":{"rendered":"El Unicaja ya tiene definida la primera pieza de su proyecto para la temporada 2026\/2027. Melwin Pantzar es&hellip;\n","protected":false},"author":2,"featured_media":593084,"comment_status":"","ping_status":"","sticky":false,"template":"","format":"standard","meta":{"footnotes":""},"categories":[269],"tags":[108664,299,298,7224,168,25,24,46360,524,29918,13655,1429,1078,112134,23,167,2246],"class_list":["post-593083","post","type-post","status-publish","format-standard","has-post-thumbnail","category-baloncesto","tag-2026-2027","tag-baloncesto","tag-basketball","tag-bilbao-basket","tag-deportes","tag-es","tag-espana","tag-melwin","tag-nuevo","tag-pantzar","tag-piedra","tag-plantilla","tag-primera","tag-primera-piedra","tag-spain","tag-sports","tag-unicaja"],"share_on_mastodon":{"url":"https:\/\/pubeurope.com\/@es\/116708444513505345","error":""},"_links":{"self":[{"href":"https:\/\/www.europesays.com\/es\/wp-json\/wp\/v2\/posts\/593083","targetHints":{"allow":["GET"]}}],"collection":[{"href":"https:\/\/www.europesays.com\/es\/wp-json\/wp\/v2\/posts"}],"about":[{"href":"https:\/\/www.europesays.com\/es\/wp-json\/wp\/v2\/types\/post"}],"author":[{"embeddable":true,"href":"https:\/\/www.europesays.com\/es\/wp-json\/wp\/v2\/users\/2"}],"replies":[{"embeddable":true,"href":"https:\/\/www.europesays.com\/es\/wp-json\/wp\/v2\/comments?post=593083"}],"version-history":[{"count":0,"href":"https:\/\/www.europesays.com\/es\/wp-json\/wp\/v2\/posts\/593083\/revisions"}],"wp:featuredmedia":[{"embeddable":true,"href":"https:\/\/www.europesays.com\/es\/wp-json\/wp\/v2\/media\/593084"}],"wp:attachment":[{"href":"https:\/\/www.europesays.com\/es\/wp-json\/wp\/v2\/media?parent=593083"}],"wp:term":[{"taxonomy":"category","embeddable":true,"href":"https:\/\/www.europesays.com\/es\/wp-json\/wp\/v2\/categories?post=593083"},{"taxonomy":"post_tag","embeddable":true,"href":"https:\/\/www.europesays.com\/es\/wp-json\/wp\/v2\/tags?post=593083"}],"curies":[{"name":"wp","href":"https:\/\/api.w.org\/{rel}","templated":true}]}}