{"id":593201,"date":"2026-06-07T12:15:23","date_gmt":"2026-06-07T12:15:23","guid":{"rendered":"https:\/\/www.europesays.com\/es\/593201\/"},"modified":"2026-06-07T12:15:23","modified_gmt":"2026-06-07T12:15:23","slug":"gran-premio-de-hungria-en-directo-caida-multitudinaria-en-la-salida-entre-bezzecchi-jorge-martin-di-giannantonio-aldeguer-y-raul-fernandez-motociclismo-deportes","status":"publish","type":"post","link":"https:\/\/www.europesays.com\/es\/593201\/","title":{"rendered":"Gran Premio de Hungr\u00eda en directo | Ca\u00edda multitudinaria en la salida entre Bezzecchi, Jorge Mart\u00edn, Di Giannantonio, Aldeguer y Ra\u00fal Fern\u00e1ndez | Motociclismo | Deportes"},"content":{"rendered":"<p>ALDEGUER, MALOS RECUERDOS EN BALATON PARK. El piloto murciano ha terminado en la zona de puntos en sus ocho \u00faltimas carreras de MotoGP, su mejor racha hist\u00f3rica en la m\u00e1xima categor\u00eda. No obstante, el a\u00f1o pasado fue 16\u00ba en el Gran Premio de Hungr\u00eda, su peor resultado hasta el momento en la clase reina excluyendo abandonos (tambi\u00e9n fue 16\u00ba en el Gran Premio de Argentina de 2025).<\/p>\n","protected":false},"excerpt":{"rendered":"ALDEGUER, MALOS RECUERDOS EN BALATON PARK. El piloto murciano ha terminado en la zona de puntos en sus&hellip;\n","protected":false},"author":2,"featured_media":593202,"comment_status":"","ping_status":"","sticky":false,"template":"","format":"standard","meta":{"footnotes":""},"categories":[5],"tags":[97396,17,18,1762,168,1764,22857,25,24,13,14,12574,11,47718,74754,19,20,13638,28078,14726,16628,22854,9,10,15,16,23445,1760,112150,23,12,112151,21,22],"class_list":["post-593201","post","type-post","status-publish","format-standard","has-post-thumbnail","category-titulares","tag-aprilia-racing-team","tag-breaking-news","tag-breakingnews","tag-circuitos-velocidad","tag-deportes","tag-deportes-motor","tag-ducati-team","tag-es","tag-espana","tag-featured-news","tag-featurednews","tag-gp-hungria","tag-headlines","tag-jorge-martin","tag-ktm","tag-latest-news","tag-latestnews","tag-marc-marquez","tag-marco-bezzecchi","tag-moto-gp","tag-motociclismo","tag-mundial-motociclismo","tag-news","tag-noticias","tag-noticias-destacadas","tag-noticiasdestacadas","tag-pedro-acosta","tag-pilotos-deportivos","tag-raul-fernandez","tag-spain","tag-titulares","tag-trackhouse-racing","tag-ultimas-noticias","tag-ultimasnoticias"],"share_on_mastodon":{"url":"","error":"Validation failed: Text character limit of 500 exceeded"},"_links":{"self":[{"href":"https:\/\/www.europesays.com\/es\/wp-json\/wp\/v2\/posts\/593201","targetHints":{"allow":["GET"]}}],"collection":[{"href":"https:\/\/www.europesays.com\/es\/wp-json\/wp\/v2\/posts"}],"about":[{"href":"https:\/\/www.europesays.com\/es\/wp-json\/wp\/v2\/types\/post"}],"author":[{"embeddable":true,"href":"https:\/\/www.europesays.com\/es\/wp-json\/wp\/v2\/users\/2"}],"replies":[{"embeddable":true,"href":"https:\/\/www.europesays.com\/es\/wp-json\/wp\/v2\/comments?post=593201"}],"version-history":[{"count":0,"href":"https:\/\/www.europesays.com\/es\/wp-json\/wp\/v2\/posts\/593201\/revisions"}],"wp:featuredmedia":[{"embeddable":true,"href":"https:\/\/www.europesays.com\/es\/wp-json\/wp\/v2\/media\/593202"}],"wp:attachment":[{"href":"https:\/\/www.europesays.com\/es\/wp-json\/wp\/v2\/media?parent=593201"}],"wp:term":[{"taxonomy":"category","embeddable":true,"href":"https:\/\/www.europesays.com\/es\/wp-json\/wp\/v2\/categories?post=593201"},{"taxonomy":"post_tag","embeddable":true,"href":"https:\/\/www.europesays.com\/es\/wp-json\/wp\/v2\/tags?post=593201"}],"curies":[{"name":"wp","href":"https:\/\/api.w.org\/{rel}","templated":true}]}}