{"id":593208,"date":"2026-06-07T12:28:15","date_gmt":"2026-06-07T12:28:15","guid":{"rendered":"https:\/\/www.europesays.com\/es\/593208\/"},"modified":"2026-06-07T12:28:15","modified_gmt":"2026-06-07T12:28:15","slug":"de-ot-al-universo-almodovar-amaia-romero","status":"publish","type":"post","link":"https:\/\/www.europesays.com\/es\/593208\/","title":{"rendered":"De OT al universo Almod\u00f3var: Amaia Romero"},"content":{"rendered":"<p>\n        Qui\u00e9n le iba a decir a aquella adolescente t\u00edmida y aparentemente despistada que entr\u00f3 en <strong>Operaci\u00f3n Triunfo 2017<\/strong> que acabar\u00eda pisando la alfombra roja del Festival de Cannes de la mano de <strong>Pedro Almod\u00f3var. <\/strong>Y, sin embargo, <strong>aqu\u00ed est\u00e1 Amaia Romero<\/strong>: convertida en una de las artistas con mayor personalidad de su generaci\u00f3n y protagonizando uno de esos ascensos silenciosos que terminan siendo mucho m\u00e1s s\u00f3lidos que cualquier <strong>fen\u00f3meno viral.<\/strong>\n<\/p>\n<p class=\"article-body__text \">\n        La cantante pamplonesa forma parte del elenco y adem\u00e1s aporta su voz interpretando &#8216;Las simples cosas&#8217;, canci\u00f3n popularizada a\u00f1os atr\u00e1s por Chavela Vargas. Aunque todo sea dicho: su participaci\u00f3n en el filme entra un poco \u201ca calzador\u201d, el resultado ha encantado a todo el mundo. <strong>Porque Amaia tiene algo muy dif\u00edcil de explicar, pero tremendamente f\u00e1cil de sentir: autenticidad. <\/strong>\n<\/p>\n<p class=\"article-photo__footer\">\n            Imagen de archivo de una interpretaci\u00f3n de Amaia Romero            EP        <\/p>\n<p class=\"article-body__text \">\n        Y as\u00ed, sin hacer ruido, <strong>Amaia emocion\u00f3 en Cannes\u00a0interpretando &#8216;Volver&#8217;<\/strong>. Pero tambi\u00e9n llam\u00f3 la atenci\u00f3n su imagen sobre la alfombra roja. Apareci\u00f3 con un vestido midi firmado por Vivienne Westwood y joyas de Tous, protagonizando uno de los looks m\u00e1s juveniles, frescos y rompedoramente despreocupados de esta edici\u00f3n del festival. <strong>Sin artificios imposibles ni exceso de pose<\/strong>, la navarra volvi\u00f3 a demostrar que se puede derrochar estilo sin dejar de parecer una persona normal. Y quiz\u00e1 esa sea precisamente la clave de su \u00e9xito.\n<\/p>\n<p>            <a href=\"https:\/\/www.noticiasdenavarra.com\/gente\/2026\/06\/04\/amaia-romero-habla-claro-casita-bad-bunny-11155184.html\" title=\"Amaia Romero habla claro sobre la &#039;casita&#039; de Bad Bunny: &quot;No quiero ir&quot;\" class=\"new__media\" rel=\"nofollow noopener\" target=\"_blank\"><\/p>\n<p>                <img alt=\"Amaia Romero habla claro sobre la 'casita' de Bad Bunny: &quot;No quiero ir&quot;\" data-src=\"https:\/\/www.europesays.com\/es\/wp-content\/uploads\/2026\/06\/2ec510bf-a4c9-4718-94af-6e9be2757c26_16-9-aspect-ratio_default_0.jpg\" class=\"lozad\"\/><\/p>\n<p>        <\/a><\/p>\n<p>        <a href=\"https:\/\/www.noticiasdenavarra.com\/gente\/2026\/06\/04\/amaia-romero-habla-claro-casita-bad-bunny-11155184.html\" title=\"Amaia Romero habla claro sobre la &#039;casita&#039; de Bad Bunny: &quot;No quiero ir&quot;\" class=\"new__headline\" rel=\"nofollow noopener\" target=\"_blank\"><br \/>\n            Amaia Romero habla claro sobre la &#8216;casita&#8217; de Bad Bunny: \u00abNo quiero ir\u00bb<br \/>\n        <\/a><\/p>\n<p>  Un talento brutal<\/p>\n<p class=\"article-body__text \">\n        Porque Amaia Romero nunca ha necesitado convertirse en personaje para brillar. Desde aquella ni\u00f1a de apenas once a\u00f1os que apareci\u00f3 en &#8216;C\u00e1ntame una canci\u00f3n&#8217; hasta su victoria en OT 2017, la cantante siempre ha transmitido una mezcla extra\u00f1a y magn\u00e9tica de <strong>talento brutal, naturalidad y fragilidad encantadora<\/strong>. Despu\u00e9s llegaron tres discos, su consolidaci\u00f3n como una artista respetada y <strong>proyectos como &#8216;La Mes\u00edas&#8217;, de los Javis,<\/strong> donde confirm\u00f3 tambi\u00e9n sus cualidades interpretativas.\n<\/p>\n<p class=\"article-body__text \">\n        <strong>Y ahora Almod\u00f3var<\/strong>. Y ese extra\u00f1o v\u00e9rtigo de ver c\u00f3mo una artista que parec\u00eda destinada a fen\u00f3meno televisivo termina convertida en una <strong>figura cultural much\u00edsimo m\u00e1s compleja e interesante.<\/strong> Mientras tanto, lejos del ruido medi\u00e1tico, contin\u00faa construyendo una carrera s\u00f3lida, elegante y profundamente personal.<\/p>\n","protected":false},"excerpt":{"rendered":"Qui\u00e9n le iba a decir a aquella adolescente t\u00edmida y aparentemente despistada que entr\u00f3 en Operaci\u00f3n Triunfo 2017&hellip;\n","protected":false},"author":2,"featured_media":593209,"comment_status":"","ping_status":"","sticky":false,"template":"","format":"standard","meta":{"footnotes":""},"categories":[171],"tags":[19674,146,147,25,24,14267,4348,1925,13603,23,214],"class_list":["post-593208","post","type-post","status-publish","format-standard","has-post-thumbnail","category-tv","tag-amaia","tag-entertainment","tag-entretenimiento","tag-es","tag-espana","tag-estrella","tag-juega","tag-opinion","tag-romero","tag-spain","tag-tv"],"share_on_mastodon":{"url":"https:\/\/pubeurope.com\/@es\/116708829297028653","error":""},"_links":{"self":[{"href":"https:\/\/www.europesays.com\/es\/wp-json\/wp\/v2\/posts\/593208","targetHints":{"allow":["GET"]}}],"collection":[{"href":"https:\/\/www.europesays.com\/es\/wp-json\/wp\/v2\/posts"}],"about":[{"href":"https:\/\/www.europesays.com\/es\/wp-json\/wp\/v2\/types\/post"}],"author":[{"embeddable":true,"href":"https:\/\/www.europesays.com\/es\/wp-json\/wp\/v2\/users\/2"}],"replies":[{"embeddable":true,"href":"https:\/\/www.europesays.com\/es\/wp-json\/wp\/v2\/comments?post=593208"}],"version-history":[{"count":0,"href":"https:\/\/www.europesays.com\/es\/wp-json\/wp\/v2\/posts\/593208\/revisions"}],"wp:featuredmedia":[{"embeddable":true,"href":"https:\/\/www.europesays.com\/es\/wp-json\/wp\/v2\/media\/593209"}],"wp:attachment":[{"href":"https:\/\/www.europesays.com\/es\/wp-json\/wp\/v2\/media?parent=593208"}],"wp:term":[{"taxonomy":"category","embeddable":true,"href":"https:\/\/www.europesays.com\/es\/wp-json\/wp\/v2\/categories?post=593208"},{"taxonomy":"post_tag","embeddable":true,"href":"https:\/\/www.europesays.com\/es\/wp-json\/wp\/v2\/tags?post=593208"}],"curies":[{"name":"wp","href":"https:\/\/api.w.org\/{rel}","templated":true}]}}